{"id":84439,"date":"2023-05-12T11:27:18","date_gmt":"2023-05-12T14:27:18","guid":{"rendered":"https:\/\/www.centraldenoticias.com.ar\/?p=84439"},"modified":"2023-05-12T11:27:25","modified_gmt":"2023-05-12T14:27:25","slug":"velada-de-gala-en-el-marco-del-25-de-mayo","status":"publish","type":"post","link":"https:\/\/cdnoticias.com\/index.php\/2023\/05\/12\/velada-de-gala-en-el-marco-del-25-de-mayo\/","title":{"rendered":"Velada de Gala en el marco del 25 de Mayo"},"content":{"rendered":"<p>Ser\u00e1 en el Teatro Municipal a partir de las 20 horas. La entrada es libre y gratuita. Adem\u00e1s se entregar\u00e1n reconocimientos a ex bailarines, con motivo de cumplirse 30 a\u00f1os de la creaci\u00f3n del Ballet Folkl\u00f3rico Municipal.<br \/>\n<!--more--><\/p>\n<hr \/>\n<p>El <strong>jueves 25 de mayo<\/strong> se realizar\u00e1 una <strong>Velada de Gala<\/strong> en el marco de la celebraci\u00f3n de un <strong>nuevo aniversario de la Revoluci\u00f3n de Mayo<\/strong>. Ser\u00e1 en el <strong>Teatro Municipal<\/strong> a partir de las<strong> 20 horas.\u00a0<\/strong><\/p>\n<p>&nbsp;<\/p>\n<p>En esta oportunidad, el <strong>Ballet Folkl\u00f3rico Municipal<\/strong> participar\u00e1, junto a m\u00fasicos invitados, con dos propuestas integrales de danza y m\u00fasica en vivo.<\/p>\n<p>&nbsp;<\/p>\n<p>En la primera parte interpretar\u00e1n <em>\u201cDionisia, La pulpera\u201d<\/em>, una obra inspirada en el vals \u201c<em>La pulpera de santa luc\u00eda<\/em>\u201d que se desarrolla hist\u00f3ricamente en el per\u00edodo Rosista y recorre ritmos musicales y danzarios de la llanura pampeana.<\/p>\n<p>&nbsp;<\/p>\n<p>Contar\u00e1 con los m\u00fasicos invitados: In\u00e9s Madd\u00edo, Diego Espinoza, Mario Bellomo, Dar\u00edo Galzadet, Ramiro Carreira Neto y Mart\u00edn Saavedra. Direcci\u00f3n musical: Dar\u00edo Galzadet. Direcci\u00f3n General H\u00e9ctor Kriger.<\/p>\n<p>&nbsp;<\/p>\n<p>En la segunda parte realizar\u00e1n una intervenci\u00f3n musical con invitados <strong>\u201c<\/strong><em><strong>De Cuyan\u00edas<\/strong>\u201d<\/em>, una obra coreogr\u00e1fica que recorre los ritmos caracter\u00edsticos de la regi\u00f3n cuyana. Coreograf\u00eda Marlene Ferlaza y Adri\u00e1n Gim\u00e9nez.<\/p>\n<p>&nbsp;<\/p>\n<p>El Ballet folkl\u00f3rico municipal est\u00e1 integrado por: Antonela Curcio, Delia Ortega, Gabriela Rodr\u00edguez, Karin Tinta, Milagros Padin, Romina Brunero, Yanina Sanabria, Alejo Narvaja, Emanuel Mart\u00ednez, Ezequiel Laborde, Franco Cariman, Joel Reyes, Lucas Laurin, Lucas Serantes y Nahuel Mart\u00ednez. Maestro De Malambo: Lucas Serantes. Asistente Coreogr\u00e1fico: Nacho Navas. Subdirecci\u00f3n: Mariana Jadur. Direccion. Hector Kriger.<\/p>\n<p>&nbsp;<\/p>\n<p>La <strong>entrada es libre y gratuita<\/strong> y durante la velada se realizar\u00e1 la entrega de <strong>reconocimientos a ex bailarines<\/strong>, con motivo de cumplirse<strong> 30 a\u00f1os de la creaci\u00f3n del Ballet Folkl\u00f3rico Municipal.<\/strong><\/p>\n","protected":false},"excerpt":{"rendered":"<p>Ser\u00e1 en el Teatro Municipal a partir de las 20 horas. La entrada es libre y gratuita. Adem\u00e1s se entregar\u00e1n<\/p>\n","protected":false},"author":6,"featured_media":54615,"comment_status":"closed","ping_status":"closed","sticky":false,"template":"","format":"standard","meta":{"_jetpack_memberships_contains_paid_content":false,"footnotes":""},"categories":[9,1],"tags":[],"class_list":["post-84439","post","type-post","status-publish","format-standard","has-post-thumbnail","hentry","category-cultura","category-portada"],"jetpack_featured_media_url":"https:\/\/i0.wp.com\/cdnoticias.com\/wp-content\/uploads\/2022\/05\/Cultura-Gala-25-de-Mayo-1024x685-1.jpg?fit=1024%2C685&ssl=1","jetpack_sharing_enabled":true,"_links":{"self":[{"href":"https:\/\/cdnoticias.com\/index.php\/wp-json\/wp\/v2\/posts\/84439","targetHints":{"allow":["GET"]}}],"collection":[{"href":"https:\/\/cdnoticias.com\/index.php\/wp-json\/wp\/v2\/posts"}],"about":[{"href":"https:\/\/cdnoticias.com\/index.php\/wp-json\/wp\/v2\/types\/post"}],"author":[{"embeddable":true,"href":"https:\/\/cdnoticias.com\/index.php\/wp-json\/wp\/v2\/users\/6"}],"replies":[{"embeddable":true,"href":"https:\/\/cdnoticias.com\/index.php\/wp-json\/wp\/v2\/comments?post=84439"}],"version-history":[{"count":0,"href":"https:\/\/cdnoticias.com\/index.php\/wp-json\/wp\/v2\/posts\/84439\/revisions"}],"wp:featuredmedia":[{"embeddable":true,"href":"https:\/\/cdnoticias.com\/index.php\/wp-json\/wp\/v2\/media\/54615"}],"wp:attachment":[{"href":"https:\/\/cdnoticias.com\/index.php\/wp-json\/wp\/v2\/media?parent=84439"}],"wp:term":[{"taxonomy":"category","embeddable":true,"href":"https:\/\/cdnoticias.com\/index.php\/wp-json\/wp\/v2\/categories?post=84439"},{"taxonomy":"post_tag","embeddable":true,"href":"https:\/\/cdnoticias.com\/index.php\/wp-json\/wp\/v2\/tags?post=84439"}],"curies":[{"name":"wp","href":"https:\/\/api.w.org\/{rel}","templated":true}]}}