{"id":84418,"date":"2023-05-09T08:05:36","date_gmt":"2023-05-09T11:05:36","guid":{"rendered":"https:\/\/www.centraldenoticias.com.ar\/?p=84418"},"modified":"2023-05-09T09:16:45","modified_gmt":"2023-05-09T12:16:45","slug":"el-bloque-foro-olavarria-propone-facilitar-tramites-estatales-a-los-vecinos","status":"publish","type":"post","link":"https:\/\/cdnoticias.com\/index.php\/2023\/05\/09\/el-bloque-foro-olavarria-propone-facilitar-tramites-estatales-a-los-vecinos\/","title":{"rendered":"El bloque Foro Olavarr\u00eda propone facilitar tr\u00e1mites estatales a los vecinos"},"content":{"rendered":"<p>Para ello impulsa la adhesi\u00f3n de Olavarr\u00eda a Ley \u201cPrincipio de una sola vez\u201d que reconoce y plasma el derecho de los ciudadanos de no aportar aquella informaci\u00f3n que ya est\u00e1 en poder del Estado.<\/p>\n<p><!--more--><\/p>\n<hr \/>\n<p>El <strong>bloque de concejales del Foro Olavarr\u00eda &#8211; Frente Renovador<\/strong> en el Frente de Todos, integrado por In\u00e9s Creimer y Gast\u00f3n Sarachu, present\u00f3 al HCD un <strong>proyecto de ordenanza impulsando la adhesi\u00f3n del Municipio de Olavarr\u00eda a la Ley N\u00ba 15430<\/strong>, denominada \u201cPrincipio de una sola vez\u201d.<\/p>\n<p>&nbsp;<\/p>\n<p>Dicha Ley, que fue sancionada por la Legislatura de la Provincia de Buenos Aires bajo la autor\u00eda de la senadora provincial Vanesa Spadone, reconoce y plasma el <strong>derecho de los ciudadanos de no aportar, al momento de realizar tr\u00e1mites ante el Estado, toda informaci\u00f3n que ya est\u00e1 en poder de \u00e9ste<\/strong>.<\/p>\n<p>&nbsp;<\/p>\n<blockquote><p>\u201cEl objetivo de adherir al Municipio de Olavarr\u00eda en esta Ley es la de facilitar al vecino y la vecina la realizaci\u00f3n de tr\u00e1mites estatales de manera \u00e1gil y segura, haciendo uso de las tecnolog\u00edas disponibles\u201d, sostuvieron desde el bloque Foro Olavarr\u00eda &#8211; Frente Renovador en el Frente de Todos.<\/p><\/blockquote>\n<p>&nbsp;<\/p>\n<p>En consonancia, la Ley contempla la <em>prohibici\u00f3n a las reparticiones de la administraci\u00f3n p\u00fablica provincial de solicitar la presentaci\u00f3n de documentos que contengan informaci\u00f3n cuyos datos obren en archivos del Estado o en otros bancos de datos de acceso p\u00fablico por medios electr\u00f3nicos<\/em>.<\/p>\n<p>&nbsp;<\/p>\n","protected":false},"excerpt":{"rendered":"<p>Para ello impulsa la adhesi\u00f3n de Olavarr\u00eda a Ley \u201cPrincipio de una sola vez\u201d que reconoce y plasma el derecho<\/p>\n","protected":false},"author":4,"featured_media":82266,"comment_status":"closed","ping_status":"closed","sticky":false,"template":"","format":"standard","meta":{"_jetpack_memberships_contains_paid_content":false,"footnotes":""},"categories":[4,1],"tags":[],"class_list":["post-84418","post","type-post","status-publish","format-standard","has-post-thumbnail","hentry","category-politica","category-portada"],"jetpack_featured_media_url":"https:\/\/i0.wp.com\/cdnoticias.com\/wp-content\/uploads\/2023\/04\/hcd-foro-olavarria.jpg?fit=800%2C445&ssl=1","jetpack_sharing_enabled":true,"_links":{"self":[{"href":"https:\/\/cdnoticias.com\/index.php\/wp-json\/wp\/v2\/posts\/84418","targetHints":{"allow":["GET"]}}],"collection":[{"href":"https:\/\/cdnoticias.com\/index.php\/wp-json\/wp\/v2\/posts"}],"about":[{"href":"https:\/\/cdnoticias.com\/index.php\/wp-json\/wp\/v2\/types\/post"}],"author":[{"embeddable":true,"href":"https:\/\/cdnoticias.com\/index.php\/wp-json\/wp\/v2\/users\/4"}],"replies":[{"embeddable":true,"href":"https:\/\/cdnoticias.com\/index.php\/wp-json\/wp\/v2\/comments?post=84418"}],"version-history":[{"count":0,"href":"https:\/\/cdnoticias.com\/index.php\/wp-json\/wp\/v2\/posts\/84418\/revisions"}],"wp:featuredmedia":[{"embeddable":true,"href":"https:\/\/cdnoticias.com\/index.php\/wp-json\/wp\/v2\/media\/82266"}],"wp:attachment":[{"href":"https:\/\/cdnoticias.com\/index.php\/wp-json\/wp\/v2\/media?parent=84418"}],"wp:term":[{"taxonomy":"category","embeddable":true,"href":"https:\/\/cdnoticias.com\/index.php\/wp-json\/wp\/v2\/categories?post=84418"},{"taxonomy":"post_tag","embeddable":true,"href":"https:\/\/cdnoticias.com\/index.php\/wp-json\/wp\/v2\/tags?post=84418"}],"curies":[{"name":"wp","href":"https:\/\/api.w.org\/{rel}","templated":true}]}}