{"id":84400,"date":"2023-05-08T10:26:36","date_gmt":"2023-05-08T13:26:36","guid":{"rendered":"https:\/\/www.centraldenoticias.com.ar\/?p=84400"},"modified":"2023-05-08T12:07:47","modified_gmt":"2023-05-08T15:07:47","slug":"german-caputo-en-este-momento-en-olavarria-no-hay-covid","status":"publish","type":"post","link":"https:\/\/cdnoticias.com\/index.php\/2023\/05\/08\/german-caputo-en-este-momento-en-olavarria-no-hay-covid\/","title":{"rendered":"Germ\u00e1n Caputo: \u201cEn este momento en Olavarr\u00eda no hay Covid\u201d"},"content":{"rendered":"<p>El secretario de Salud municipal se refiri\u00f3 al fin de la emergencia sanitaria que dict\u00f3 la OMS. Resalt\u00f3 que la enfermedad \u201ces controlable mediante la vacunaci\u00f3n\u201d.<\/p>\n<p><!--more--><\/p>\n<hr \/>\n<p><strong>El secretario de Salud municipal Germ\u00e1n Caputo inform\u00f3 que en Olavarr\u00eda no se registran actualmente casos de Covid-19<\/strong> y resalt\u00f3 la importancia de la <strong>vacunaci\u00f3n<\/strong> en el control de la enfermedad. El funcionario fue consultado por la disposici\u00f3n de la Organizaci\u00f3n Mundial de la Salud (OMS) sobre <a href=\"https:\/\/cdnoticias.com\/index.php\/2023\/05\/05\/fin-de-la-emergencia-sanitaria-global-por-la-pandemia-de-covid-19\/\" target=\"_blank\" rel=\"noopener\">el final de la emergencia sanitaria, lo cual se declar\u00f3 la semana pasada<\/a>.<\/p>\n<p>&nbsp;<\/p>\n<blockquote><p>\u201cEl Covid, el coronavirus, sigue siendo una patolog\u00eda viral que es controlable mediante la vacunaci\u00f3n. Deja de ser una emergencia sanitaria\u201d indic\u00f3 en una entrevista que brind\u00f3 este lunes al programa Levantate por Radiosapiens (FM 102.7).<\/p><\/blockquote>\n<p>&nbsp;<\/p>\n<p>Sobre la vacunaci\u00f3n, Caputo tuvo en cuenta que en nuestra ciudad \u201clas coberturas son bastante buenas\u201d. <strong>\u201cSiempre Olavarr\u00eda fue una ciudad que tiene la particularidad de que la poblaci\u00f3n generalmente acata la iniciativa de vacunarse. Los n\u00fameros son muy buenos\u201d<\/strong>.<\/p>\n<p>&nbsp;<\/p>\n<p><img data-recalc-dims=\"1\" loading=\"lazy\" decoding=\"async\" class=\"aligncenter wp-image-54789\" src=\"https:\/\/i0.wp.com\/cdnoticias.com\/wp-content\/uploads\/2022\/05\/Rta-covid-testeo-1-1024x682-1.jpg?resize=800%2C533&#038;ssl=1\" alt=\"\" width=\"800\" height=\"533\" srcset=\"https:\/\/i0.wp.com\/cdnoticias.com\/wp-content\/uploads\/2022\/05\/Rta-covid-testeo-1-1024x682-1.jpg?w=1024&amp;ssl=1 1024w, https:\/\/i0.wp.com\/cdnoticias.com\/wp-content\/uploads\/2022\/05\/Rta-covid-testeo-1-1024x682-1.jpg?resize=300%2C200&amp;ssl=1 300w, https:\/\/i0.wp.com\/cdnoticias.com\/wp-content\/uploads\/2022\/05\/Rta-covid-testeo-1-1024x682-1.jpg?resize=768%2C512&amp;ssl=1 768w, https:\/\/i0.wp.com\/cdnoticias.com\/wp-content\/uploads\/2022\/05\/Rta-covid-testeo-1-1024x682-1.jpg?resize=272%2C182&amp;ssl=1 272w\" sizes=\"auto, (max-width: 800px) 100vw, 800px\" \/><\/p>\n<p>&nbsp;<\/p>\n<p>El secretario estim\u00f3 que <strong>\u201cprontito vamos a tener novedades de una vacuna bivalente de mucha m\u00e1s f\u00e1cil aplicaci\u00f3n y mayor durabilidad de la inmunolog\u00eda\u201d<\/strong>. La proyecci\u00f3n es que ser\u00e1 una vacuna de aplicaci\u00f3n anual para la mayor parte de la poblaci\u00f3n. Tuvo en cuenta que si bien no hay reportes oficiales de la OMS sobre ello, \u201cya hay distintos indicios de que, calculamos, <strong>va a ser una vez por a\u00f1o y va a estar dentro del calendario anual\u201d<\/strong>.<\/p>\n<p>&nbsp;<\/p>\n<blockquote><p>\u201cEn este momento en Olavarr\u00eda no hay Covid, no tenemos ni una persona infectada con Covid. Se sigue monitoreando como cualquier patolog\u00eda viral, como para estar atentos a que pueda surgir alg\u00fan tipo de brote\u201d subray\u00f3 el secretario municipal.<\/p><\/blockquote>\n<p>&nbsp;<\/p>\n<p>Record\u00f3 que <strong>el \u00faltimo caso que requiri\u00f3 internaci\u00f3n se registr\u00f3 entre febrero y marzo<\/strong> de este a\u00f1o.<\/p>\n<p>&nbsp;<\/p>\n<p>Respecto de los contagios, el m\u00e9dico record\u00f3 la importancia de que <strong>\u201csi uno tiene sintomatolog\u00eda, tratar de no estar en grupo o lugares cerrados como para no contagiarnos\u201d<\/strong>. A su vez, se\u00f1al\u00f3 que a\u00fan hay <strong>personas que utilizan barbijos en espacios p\u00fablicos<\/strong>, lo cual encuadr\u00f3 como \u201cuna manera de proteger al pr\u00f3jimo. Si est\u00e1n con alguna afectaci\u00f3n respiratoria alta y est\u00e1n estornudando o tosiendo, una manera de proteger es coloc\u00e1ndose un barbijo\u201d.<\/p>\n<p>&nbsp;<\/p>\n<p><img data-recalc-dims=\"1\" loading=\"lazy\" decoding=\"async\" class=\"size-full wp-image-42975 aligncenter\" src=\"https:\/\/i0.wp.com\/cdnoticias.com\/wp-content\/uploads\/2022\/01\/hisopado-testeos-region-sanitaria-covid19-04.jpg?resize=800%2C445&#038;ssl=1\" alt=\"\" width=\"800\" height=\"445\" srcset=\"https:\/\/i0.wp.com\/cdnoticias.com\/wp-content\/uploads\/2022\/01\/hisopado-testeos-region-sanitaria-covid19-04.jpg?w=800&amp;ssl=1 800w, https:\/\/i0.wp.com\/cdnoticias.com\/wp-content\/uploads\/2022\/01\/hisopado-testeos-region-sanitaria-covid19-04.jpg?resize=300%2C167&amp;ssl=1 300w, https:\/\/i0.wp.com\/cdnoticias.com\/wp-content\/uploads\/2022\/01\/hisopado-testeos-region-sanitaria-covid19-04.jpg?resize=768%2C427&amp;ssl=1 768w\" sizes=\"auto, (max-width: 800px) 100vw, 800px\" \/><\/p>\n<p>&nbsp;<\/p>\n<p><strong>Secuelas<\/strong><\/p>\n<p>&nbsp;<\/p>\n<p>Caputo se refiri\u00f3 al denominado<strong> \u201clong Covid\u201d (Covid prolongado)<\/strong>, denominaci\u00f3n que refiere a la persistencia de s\u00edntomas por m\u00e1s de 12 semanas y a la reaparici\u00f3n de los s\u00edntomas no explicables por otras enfermedades.<\/p>\n<p>&nbsp;<\/p>\n<p>Describi\u00f3 las secuelas m\u00e1s repetidas como<strong> \u201canorexia, falta de ganas de hacer cosas, de cansancio cr\u00f3nico, de fatiga cr\u00f3nica. Es la sintomatolog\u00eda que m\u00e1s notamos\u201d<\/strong>.<\/p>\n<p>&nbsp;<\/p>\n<blockquote><p>\u201cLas secuelas, el long Covid como dicen, lo que yo m\u00e1s noto -esto es una apreciaci\u00f3n personal y es un poco tambi\u00e9n basado en la bibliograf\u00eda- es que hay como una astenia y una sarcopenia. Lo que recomiendo a la poblaci\u00f3n es una muy buena alimentaci\u00f3n basada en prote\u00edna fundamentalmente, que puede ser de origen animal o vegetal. Mucha hidrataci\u00f3n, tomar mucha agua, y una actividad f\u00edsica importante donde trabajemos la musculatura, donde hagamos fuerza, que sea m\u00e1s bien anaer\u00f3bico. Eso va a llevar a eliminar esa sintomatolog\u00eda que por ah\u00ed ha quedado\u201d ampli\u00f3 el m\u00e9dico.<\/p><\/blockquote>\n<p>&nbsp;<\/p>\n","protected":false},"excerpt":{"rendered":"<p>El secretario de Salud municipal se refiri\u00f3 al fin de la emergencia sanitaria que dict\u00f3 la OMS. Resalt\u00f3 que la<\/p>\n","protected":false},"author":4,"featured_media":43961,"comment_status":"closed","ping_status":"closed","sticky":false,"template":"","format":"standard","meta":{"_jetpack_memberships_contains_paid_content":false,"footnotes":""},"categories":[16,5,1],"tags":[],"class_list":["post-84400","post","type-post","status-publish","format-standard","has-post-thumbnail","hentry","category-covid-19","category-informacion-general","category-portada"],"jetpack_featured_media_url":"https:\/\/i0.wp.com\/cdnoticias.com\/wp-content\/uploads\/2022\/01\/Caputo-Conferencia1-scaled.jpg?fit=2560%2C1424&ssl=1","jetpack_sharing_enabled":true,"_links":{"self":[{"href":"https:\/\/cdnoticias.com\/index.php\/wp-json\/wp\/v2\/posts\/84400","targetHints":{"allow":["GET"]}}],"collection":[{"href":"https:\/\/cdnoticias.com\/index.php\/wp-json\/wp\/v2\/posts"}],"about":[{"href":"https:\/\/cdnoticias.com\/index.php\/wp-json\/wp\/v2\/types\/post"}],"author":[{"embeddable":true,"href":"https:\/\/cdnoticias.com\/index.php\/wp-json\/wp\/v2\/users\/4"}],"replies":[{"embeddable":true,"href":"https:\/\/cdnoticias.com\/index.php\/wp-json\/wp\/v2\/comments?post=84400"}],"version-history":[{"count":0,"href":"https:\/\/cdnoticias.com\/index.php\/wp-json\/wp\/v2\/posts\/84400\/revisions"}],"wp:featuredmedia":[{"embeddable":true,"href":"https:\/\/cdnoticias.com\/index.php\/wp-json\/wp\/v2\/media\/43961"}],"wp:attachment":[{"href":"https:\/\/cdnoticias.com\/index.php\/wp-json\/wp\/v2\/media?parent=84400"}],"wp:term":[{"taxonomy":"category","embeddable":true,"href":"https:\/\/cdnoticias.com\/index.php\/wp-json\/wp\/v2\/categories?post=84400"},{"taxonomy":"post_tag","embeddable":true,"href":"https:\/\/cdnoticias.com\/index.php\/wp-json\/wp\/v2\/tags?post=84400"}],"curies":[{"name":"wp","href":"https:\/\/api.w.org\/{rel}","templated":true}]}}