{"id":84366,"date":"2023-05-07T19:02:20","date_gmt":"2023-05-07T22:02:20","guid":{"rendered":"https:\/\/www.centraldenoticias.com.ar\/?p=84366"},"modified":"2023-05-07T19:02:20","modified_gmt":"2023-05-07T22:02:20","slug":"wesner-con-volumen-y-diversidad-tras-otro-operativo-clamor-local","status":"publish","type":"post","link":"https:\/\/cdnoticias.com\/index.php\/2023\/05\/07\/wesner-con-volumen-y-diversidad-tras-otro-operativo-clamor-local\/","title":{"rendered":"Wesner, con volumen y diversidad tras otro \u201coperativo clamor local\u201d"},"content":{"rendered":"<p>Un acto el viernes del Movimiento Evita y otro el s\u00e1bado para mostrar apoyo. El Pro en las calles y &#8220;tomando nota&#8221;. El humor en Olavarr\u00eda para recibir a los precandidatos y las propuestas: <span style=\"color: #333333; font-family: merriweather, georgia, times new roman, serif;\">enojo con la dirigencia pol\u00edtica y con la falta de resoluci\u00f3n de problemas.<\/span><\/p>\n<hr \/>\n<p><!--more--><\/p>\n<p><em>Por Volver a las Fuentes \u2013 Alexis Grierson y Josefina Bargas<\/em><\/p>\n<p>&nbsp;<\/p>\n<p><span style=\"color: #333333; font-family: merriweather, georgia, times new roman, serif;\"><b>El volumen y la diversidad<\/b><\/span><\/p>\n<p>&nbsp;<\/p>\n<p><span style=\"color: #333333; font-family: merriweather, georgia, times new roman, serif;\">Son tiempos donde\u00a0<b>los mensajes se dan el s\u00e1bado a la ma\u00f1ana<\/b>. Este s\u00e1bado particular fue el elegido para dejar en claro que\u00a0<b>Maximiliano Wesner es el \u201cgran rival\u201d para enfrentar a Ezequiel Galli\u00a0<\/b>y lo hizo con una <a href=\"https:\/\/cdnoticias.com\/index.php\/2023\/05\/06\/maximiliano-wesner-recibio-un-multitudinario-acompanamiento\/\" target=\"_blank\" rel=\"noopener\">concentraci\u00f3n para realizar una volanteada -suspendida por la copiosa lluvia-<\/a>.\u00a0<\/span><\/p>\n<p>&nbsp;<\/p>\n<p><span style=\"color: #333333; font-family: merriweather, georgia, times new roman, serif;\">M\u00e1s de\u00a0<b>300 militantes<\/b>, referentes de varias agrupaciones sociales y pol\u00edticas, y muchos vecinos que se acercaron a la concentraci\u00f3n (no tanto a la volanteada en s\u00ed, sino a la arenga previa para mostrar acompa\u00f1amiento) fueron los que en esta ocasi\u00f3n\u00a0<b>se mostraron en la plaza \u00c1lvaro Barros<\/b>, como ya dijimos, bajo una lluvia que se fue intensificando con el correr de la ma\u00f1ana.<\/span><\/p>\n<p>&nbsp;<\/p>\n<p><span style=\"color: #333333; font-family: merriweather, georgia, times new roman, serif;\">M\u00e1s all\u00e1 de los dichos de Wesner y las sensaciones que dej\u00f3 el encuentro, vale el an\u00e1lisis en torno a lo que sucede con el candidato del Frente de Todos:<b>\u00a0la propuesta es \u201csuperadora\u201d a lo que puede ofrecer el Frente de Todos<\/b>\u00a0e incluso, respondiendo a la chicana de que Wesner es \u201cel candidato de La C\u00e1mpora\u201d.<\/span><\/p>\n<p>&nbsp;<\/p>\n<p><img data-recalc-dims=\"1\" loading=\"lazy\" decoding=\"async\" class=\"size-full wp-image-84218 aligncenter\" src=\"https:\/\/i0.wp.com\/cdnoticias.com\/wp-content\/uploads\/2023\/05\/maxi-wesner-fdt-04.jpg?resize=800%2C445&#038;ssl=1\" alt=\"\" width=\"800\" height=\"445\" srcset=\"https:\/\/i0.wp.com\/cdnoticias.com\/wp-content\/uploads\/2023\/05\/maxi-wesner-fdt-04.jpg?w=800&amp;ssl=1 800w, https:\/\/i0.wp.com\/cdnoticias.com\/wp-content\/uploads\/2023\/05\/maxi-wesner-fdt-04.jpg?resize=300%2C167&amp;ssl=1 300w, https:\/\/i0.wp.com\/cdnoticias.com\/wp-content\/uploads\/2023\/05\/maxi-wesner-fdt-04.jpg?resize=768%2C427&amp;ssl=1 768w\" sizes=\"auto, (max-width: 800px) 100vw, 800px\" \/><\/p>\n<p>&nbsp;<\/p>\n<p><span style=\"color: #333333; font-family: merriweather, georgia, times new roman, serif;\"><i>\u201cSuena a injusto que digan que Maxi es el candidato de una sola agrupaci\u00f3n cuando mir\u00e1s en los encuentros y hay referentes sociales, agrupaciones, partidos, dirigentes, una diversidad pol\u00edtica que habr\u00eda que buscar bien en otros espacios para encontrarla\u201d<\/i>\u00a0explicaron ante la consulta de este newsletter<\/span><\/p>\n<p>&nbsp;<\/p>\n<p><span style=\"color: #333333; font-family: merriweather, georgia, times new roman, serif;\">A la espera de las decisiones, y a\u00fan cuando\u00a0<b>Cristina da m\u00e1s se\u00f1ales negativas que positivas<\/b>, tambi\u00e9n sostienen la esperanza de que la vicepresidenta sea la candidata. Y en ese escenario se encuentra el sector que encabeza Wesner, pensado incluso como ese proyecto superador del Frente de Todos y ejemplos les sobra:\u00a0<b>marca una buena relaci\u00f3n con el Movimiento Evita, que en la semana realiz\u00f3 un acto de presentaci\u00f3n de la agrupaci\u00f3n La Patria de los Comunes<\/b>\u00a0pero, tambi\u00e9n, de apoyo expl\u00edcito a Maximiliano Wesner, por ejemplo.\u00a0<\/span><\/p>\n<p>&nbsp;<\/p>\n<p><span style=\"color: #333333; font-family: merriweather, georgia, times new roman, serif;\">M\u00e1s all\u00e1 de la importancia del acto en s\u00ed para el Evita en general (y un\u00a0<i>interesante posicionamiento para la dirigente Solange Rivarola Vales y el consejero escolar Ariel Rodr\u00edguez<\/i>\u00a0en particular) se transform\u00f3 en un\u00a0<b>nuevo episodio de la saga \u201coperativo clamor local\u201d\u00a0<\/b>que <a href=\"https:\/\/cdnoticias.com\/index.php\/2023\/04\/20\/el-peronismo-de-olavarria-sabe-de-lucha-de-sacrificio-y-de-resistencia\/\" target=\"_blank\" rel=\"noopener\">vimos arrancar con el PJ<\/a>.\u00a0<\/span><\/p>\n<p>&nbsp;<\/p>\n<p><img data-recalc-dims=\"1\" loading=\"lazy\" decoding=\"async\" class=\"size-large wp-image-84193 aligncenter\" src=\"https:\/\/i0.wp.com\/cdnoticias.com\/wp-content\/uploads\/2023\/05\/WhatsApp-Image-2023-05-05-at-16.53.11.jpeg?resize=800%2C450&#038;ssl=1\" alt=\"\" width=\"800\" height=\"450\" srcset=\"https:\/\/i0.wp.com\/cdnoticias.com\/wp-content\/uploads\/2023\/05\/WhatsApp-Image-2023-05-05-at-16.53.11.jpeg?resize=1024%2C576&amp;ssl=1 1024w, https:\/\/i0.wp.com\/cdnoticias.com\/wp-content\/uploads\/2023\/05\/WhatsApp-Image-2023-05-05-at-16.53.11.jpeg?resize=300%2C169&amp;ssl=1 300w, https:\/\/i0.wp.com\/cdnoticias.com\/wp-content\/uploads\/2023\/05\/WhatsApp-Image-2023-05-05-at-16.53.11.jpeg?resize=768%2C432&amp;ssl=1 768w, https:\/\/i0.wp.com\/cdnoticias.com\/wp-content\/uploads\/2023\/05\/WhatsApp-Image-2023-05-05-at-16.53.11.jpeg?resize=1536%2C864&amp;ssl=1 1536w, https:\/\/i0.wp.com\/cdnoticias.com\/wp-content\/uploads\/2023\/05\/WhatsApp-Image-2023-05-05-at-16.53.11.jpeg?w=1599&amp;ssl=1 1599w\" sizes=\"auto, (max-width: 800px) 100vw, 800px\" \/><\/p>\n<p>&nbsp;<\/p>\n<p><span style=\"color: #333333; font-family: merriweather, georgia, times new roman, serif;\">El evento tuvo\u00a0<b>encendidos discursos, pedidos de unidad pero los dirigentes a nivel regional pidieron PASO\u00a0<\/b>tambi\u00e9n. La puesta en escena en lo estrictamente local fue\u00a0<b>criticar con dureza a la gesti\u00f3n municipal<\/b>:\u00a0<i>\u201csistem\u00e1ticamente se la pasan creando medidas y tomando decisiones que nada tienen que ver con lo que nos pasa en nuestros barrios, porque no conocen lo que nos pasa y porque no lo quieren conocer. Nosotres s\u00ed lo hacemos porque venimos de ese mismo lugar\u201d<\/i>\u00a0dijo Rivarola Vales.<\/span><\/p>\n<p>&nbsp;<\/p>\n<p><span style=\"color: #333333; font-family: merriweather, georgia, times new roman, serif;\">Pero volviendo a lo sucedido el s\u00e1bado a la ma\u00f1ana,\u00a0<b>\u201cvamos a reventar las urnas de votos y no tengo dudas de que lo podemos hacer.<\/b>\u00a0Tenemos un proyecto de ciudad que redefinimos, lo tachamos y lo acomodamos todos los a\u00f1os. Hicimos una muy buena elecci\u00f3n con el compa\u00f1ero Federico en 2019, sepan que<b>\u00a0tenemos una oportunidad hist\u00f3rica en un contexto muy adverso a nivel nacional\u201d dijo Maximiliano Wesner<\/b>\u00a0en la previa de la volanteada y bajo el agua.<\/span><\/p>\n<p>&nbsp;<\/p>\n<p><span style=\"color: #333333; font-family: merriweather, georgia, times new roman, serif;\">Y no le tembl\u00f3 la voz para sumar en la arenga que\u00a0<b>\u201cproducto del trabajo el 10 de diciembre voy a ser Intendente de Olavarr\u00eda\u201d<\/b>\u00a0en una jornada que mostr\u00f3 el clima que vive el espacio con la candidatura.\u00a0<\/span><\/p>\n<p>&nbsp;<\/p>\n<p><span style=\"color: #333333; font-family: merriweather, georgia, times new roman, serif;\"><b>Precandidatos que comparten fotos<\/b><\/span><\/p>\n<p>&nbsp;<\/p>\n<p><span style=\"color: #333333; font-family: merriweather, georgia, times new roman, serif;\">Lo vamos se\u00f1alar por la repetici\u00f3n y porque lo dijimos cuando no sucedi\u00f3: en las \u00faltimas dos semanas hemos vistos actividades de un funcionario nacional en Olavarr\u00eda (<a href=\"https:\/\/cdnoticias.com\/index.php\/2023\/05\/02\/programa-procrear-ii-se-entregaron-escrituras-en-olavarria\/\" target=\"_blank\" rel=\"noopener\">Luciano Scatolini, del Ministerio de Desarrollo Social<\/a>) y del gobernador Axel Kicillof en Azul donde<b>\u00a0estaban compartiendo sendos actos <a href=\"https:\/\/cdnoticias.com\/index.php\/2023\/05\/03\/maximiliano-wesner-acompano-al-gobernador-kicillof-en-su-recorrida-por-azul\/\" target=\"_blank\" rel=\"noopener\">Maxi Wesner<\/a> y <a href=\"https:\/\/cdnoticias.com\/index.php\/2023\/05\/03\/eduardo-rodriguez-tambien-acompano-al-gobernador-kicillof-en-su-recorrida-por-azul\/\" target=\"_blank\" rel=\"noopener\">Eduardo Rodr\u00edguez<\/a>, el precandidato por el massismo<\/b>.<\/span><\/p>\n<p>&nbsp;<\/p>\n<p><img data-recalc-dims=\"1\" loading=\"lazy\" decoding=\"async\" class=\"size-full wp-image-83863 aligncenter\" src=\"https:\/\/i0.wp.com\/cdnoticias.com\/wp-content\/uploads\/2023\/05\/scatolini-procrear-0.jpg?resize=800%2C445&#038;ssl=1\" alt=\"\" width=\"800\" height=\"445\" srcset=\"https:\/\/i0.wp.com\/cdnoticias.com\/wp-content\/uploads\/2023\/05\/scatolini-procrear-0.jpg?w=800&amp;ssl=1 800w, https:\/\/i0.wp.com\/cdnoticias.com\/wp-content\/uploads\/2023\/05\/scatolini-procrear-0.jpg?resize=300%2C167&amp;ssl=1 300w, https:\/\/i0.wp.com\/cdnoticias.com\/wp-content\/uploads\/2023\/05\/scatolini-procrear-0.jpg?resize=768%2C427&amp;ssl=1 768w\" sizes=\"auto, (max-width: 800px) 100vw, 800px\" \/><\/p>\n<p>&nbsp;<\/p>\n<p><span style=\"color: #333333; font-family: merriweather, georgia, times new roman, serif;\">Los dos\u00a0<b>aparec\u00edan en las fotos juntos<\/b>, aunque adem\u00e1s cada sector del FDT difund\u00eda sus comunicados e im\u00e1genes individualmente.\u00a0<\/span><\/p>\n<p>&nbsp;<\/p>\n<p><span style=\"color: #333333; font-family: merriweather, georgia, times new roman, serif;\">Destacamos\u00a0<b>el contraste con aquel acto de Bol\u00edvar<\/b>\u00a0donde no hubo fotos compartidas con Kicillof (<a href=\"https:\/\/zc.vg\/SELIF?m=0\" target=\"_blank\" rel=\"noopener\">eran otros dirigentes, si te acord\u00e1s<\/a>).<\/span><\/p>\n<p>&nbsp;<\/p>\n<p><span style=\"color: #333333; font-family: merriweather, georgia, times new roman, serif;\">La doble lectura, con la diferenciaci\u00f3n entre l\u00edneas con precandidatos, la vamos a hacer igual porque<b>\u00a0entendemos que cada sector quiere posicionarse en ese tipo de encuentros<\/b>. Pero se hace evidente cuando se fuerzan las fotos y el mensaje que se trasluce finalmente es el de la\u00a0<b>falta de tolerancia<\/b>. M\u00e1s si sumamos otras frases en la semana y gestos que ratificaron que<b>\u00a0el Frente de Todos busca -y necesita- tener internas<\/b>\u00a0pero tambi\u00e9n entender\u00a0<b>el rol que ocupar\u00e1 cada uno de los actores despu\u00e9s de agosto, es decir, con un vencedor, y varios vencidos<\/b>.\u00a0<\/span><\/p>\n<p>&nbsp;<\/p>\n<p><span style=\"color: #333333; font-family: merriweather, georgia, times new roman, serif;\"><b>El Pro tambi\u00e9n sali\u00f3 a la calle<\/b><\/span><\/p>\n<p>&nbsp;<\/p>\n<p><span style=\"color: #333333; font-family: merriweather, georgia, times new roman, serif;\">Es la actividad que pr\u00e1cticamente se fij\u00f3 para los s\u00e1bados:\u00a0<b>sin Ezequiel Galli a la cabeza en esta ocasi\u00f3n pero con los principales funcionarios y dirigentes del Pro\u00a0<\/b>de la ciudad, hubo \u201ctimbreo\u201d de los dirigentes de Juntos desde el Pro.<\/span><\/p>\n<p>&nbsp;<\/p>\n<blockquote class=\"twitter-tweet\">\n<p dir=\"ltr\" lang=\"es\">Con lluvia o con sol, dame este equipo siempre \ud83d\udc47\ud83c\udffd <a href=\"https:\/\/t.co\/z9oK70BHWX\">pic.twitter.com\/z9oK70BHWX<\/a><\/p>\n<p>\u2014 Ezequiel Galli (@ezequielgalli) <a href=\"https:\/\/twitter.com\/ezequielgalli\/status\/1654869731197833218?ref_src=twsrc%5Etfw\">May 6, 2023<\/a><\/p><\/blockquote>\n<p><script async src=\"https:\/\/platform.twitter.com\/widgets.js\" charset=\"utf-8\"><\/script><\/p>\n<p>&nbsp;<\/p>\n<p><span style=\"color: #333333; font-family: merriweather, georgia, times new roman, serif;\">En esto de las recorridas Ezequiel Galli se mantuvo m\u00e1s al margen -por ahora- y<b>\u00a0la militancia ha protagonizado las caminatas<\/b>.\u00a0<b>El Intendente est\u00e1 abocado a otro tipo de recorridas que son de gesti\u00f3n<\/b>, no s\u00f3lo para mostrar el trabajo de la comuna hasta ahora, sino tambi\u00e9n para mostrarse cercano al di\u00e1logo con diversos sectores productivos.\u00a0<\/span><\/p>\n<p>&nbsp;<\/p>\n<p><span style=\"color: #333333; font-family: merriweather, georgia, times new roman, serif;\">Por lo dem\u00e1s, el Pro no se corre del gui\u00f3n del mecanismo de sus caminatas:\u00a0<b>cuadernillo en mano, la dirigencia toma nota de lo bueno y lo malo que se recibe en cada una de las visitas<\/b>\u00a0a vecinos en los barrios.\u00a0<i>\u201cVamos a recorrer todos los barrios de la ciudad y las localidades\u201d<\/i>\u00a0expres\u00f3 una fuente del espacio al inicio de los timbreos, cuando Larreta y Santilli tocaban la puerta. \u00bfLa respuesta? En un rato te contamos qu\u00e9 sucede, algo com\u00fan a todos los espacios.\u00a0<\/span><\/p>\n<p>&nbsp;<\/p>\n<p><span style=\"color: #333333; font-family: merriweather, georgia, times new roman, serif;\">Pero no es el \u00fanico sector de Juntos en movimiento:<b>\u00a0la UCR da se\u00f1ales para su militancia<\/b>, mostrando el tramo final de obras en la reconstrucci\u00f3n de la sede de calle 25 de Mayo,\u00a0<b>y hacia los vecinos<\/b>, con las visitas y actividades de los concejales Vergel y Matrella. Con visitas a escuelas, empresas y distintos organismos mantienen una agenda agitad\u00edsima, con diversas tem\u00e1ticas.<\/span><\/p>\n<p>&nbsp;<\/p>\n<p><span style=\"color: #333333; font-family: merriweather, georgia, times new roman, serif;\">Quien adem\u00e1s dej\u00f3 novedades fue\u00a0<b>Andrea Coronel, del Vecinalismo, que estuvo con Patricia Bullrich y Ricardo L\u00f3pez Murphy<\/b>\u00a0en Tandil y Mar del Plata. Uno de los armadores del bullrichismo, Sebasti\u00e1n Garc\u00eda de Luca, fue parte de las actividades y, seg\u00fan informaron desde este sector\u00a0<i>\u201cmantuvimos una nueva reuni\u00f3n donde se plantearon situaciones y se perfilaron estrategias de campa\u00f1a\u201d<\/i>, dijo Coronel.<\/span><\/p>\n<p>&nbsp;<\/p>\n<p><img data-recalc-dims=\"1\" loading=\"lazy\" decoding=\"async\" class=\"size-full wp-image-84363 aligncenter\" src=\"https:\/\/i0.wp.com\/cdnoticias.com\/wp-content\/uploads\/2023\/05\/andrea-coronel-patricia-bullrich.jpg?resize=800%2C446&#038;ssl=1\" alt=\"\" width=\"800\" height=\"446\" srcset=\"https:\/\/i0.wp.com\/cdnoticias.com\/wp-content\/uploads\/2023\/05\/andrea-coronel-patricia-bullrich.jpg?w=800&amp;ssl=1 800w, https:\/\/i0.wp.com\/cdnoticias.com\/wp-content\/uploads\/2023\/05\/andrea-coronel-patricia-bullrich.jpg?resize=300%2C167&amp;ssl=1 300w, https:\/\/i0.wp.com\/cdnoticias.com\/wp-content\/uploads\/2023\/05\/andrea-coronel-patricia-bullrich.jpg?resize=768%2C428&amp;ssl=1 768w\" sizes=\"auto, (max-width: 800px) 100vw, 800px\" \/><\/p>\n<p>&nbsp;<\/p>\n<p><span style=\"color: #333333; font-family: merriweather, georgia, times new roman, serif;\">\u00bfViste qui\u00e9n reapareci\u00f3?\u00a0<b>Dalton J\u00e1uregui, referente seccional del sector de Cristian Ritondo estuvo en los \u00faltimos d\u00edas por Olavarr\u00eda<\/b>, Bol\u00edvar y Saladillo. Mantuvo reuniones con vecinos y con dirigentes.\u00a0<\/span><\/p>\n<p>&nbsp;<\/p>\n<p><span style=\"color: #333333; font-family: merriweather, georgia, times new roman, serif;\"><b>El mensaje del electorado<\/b><\/span><\/p>\n<p>&nbsp;<\/p>\n<p><span style=\"color: #333333; font-family: merriweather, georgia, times new roman, serif;\">El\u00a0<b>clima social no es el mejor para hacer campa\u00f1a electoral<\/b>. No te estamos diciendo nada nuevo, ni nada que no se advierta r\u00e1pidamente. La cuesti\u00f3n es que el cara a cara de los precandidatos, los dirigentes, los militantes confirma todas las lecturas y las sobrepasa.<\/span><\/p>\n<p>&nbsp;<\/p>\n<p><span style=\"color: #333333; font-family: merriweather, georgia, times new roman, serif;\">Hay enojo con la dirigencia pol\u00edtica y con la falta de resoluci\u00f3n de problemas. Pero\u00a0<b>lo que hasta ahora se ven\u00eda reflejando en rechazo a la dirigencia nacional, actualmente tambi\u00e9n se verifica con lo local<\/b>. No llega a confrontaci\u00f3n, dicen algunos de los que andan por las calles de Olavarr\u00eda difundiendo propuestas y un candidato, pero s\u00ed\u00a0<b>rechazo a hablar de pol\u00edtica<\/b>.<\/span><\/p>\n<p>&nbsp;<\/p>\n<p><span style=\"color: #333333; font-family: merriweather, georgia, times new roman, serif;\">Tiene un correlato con lo que contamos hace algunas ediciones:\u00a0<b>los vecinos abren las puertas, escuchan, y por c\u00f3mo pintaba la cosa eso es un mont\u00f3n<\/b>. Era un escenario favorable para construir y para entender que -aunque no guste mucho- la salida es pol\u00edtica. Pero se necesitan otras herramientas.\u00a0<\/span><\/p>\n<p>&nbsp;<\/p>\n<p><span style=\"color: #333333; font-family: merriweather, georgia, times new roman, serif;\"><b>Si el candidato en cuesti\u00f3n tiene otras aristas para presentarse, golazo<\/b>. Ah\u00ed puede encaminar una charla, pero que poco podr\u00e1 sostenerse en temas que hacen a lo partidario, problem\u00e1ticas de gesti\u00f3n o necesidades.\u00a0<b>Si el candidato en cuesti\u00f3n ha mantenido el contacto en estos a\u00f1os, y no va s\u00f3lo ahora por la campa\u00f1a, tambi\u00e9n tiene una a favor<\/b>. Pero igualmente el enojo y el rechazo al tema quedan en evidencia al toque.<\/span><\/p>\n<p>&nbsp;<\/p>\n<p><img data-recalc-dims=\"1\" loading=\"lazy\" decoding=\"async\" class=\"size-large wp-image-84151 aligncenter\" src=\"https:\/\/i0.wp.com\/cdnoticias.com\/wp-content\/uploads\/2023\/05\/eduardo-rodriguez-06.jpg?resize=800%2C445&#038;ssl=1\" alt=\"\" width=\"800\" height=\"445\" srcset=\"https:\/\/i0.wp.com\/cdnoticias.com\/wp-content\/uploads\/2023\/05\/eduardo-rodriguez-06-scaled.jpg?resize=1024%2C570&amp;ssl=1 1024w, https:\/\/i0.wp.com\/cdnoticias.com\/wp-content\/uploads\/2023\/05\/eduardo-rodriguez-06-scaled.jpg?resize=300%2C167&amp;ssl=1 300w, https:\/\/i0.wp.com\/cdnoticias.com\/wp-content\/uploads\/2023\/05\/eduardo-rodriguez-06-scaled.jpg?resize=768%2C427&amp;ssl=1 768w, https:\/\/i0.wp.com\/cdnoticias.com\/wp-content\/uploads\/2023\/05\/eduardo-rodriguez-06-scaled.jpg?resize=1536%2C854&amp;ssl=1 1536w, https:\/\/i0.wp.com\/cdnoticias.com\/wp-content\/uploads\/2023\/05\/eduardo-rodriguez-06-scaled.jpg?resize=2048%2C1139&amp;ssl=1 2048w, https:\/\/i0.wp.com\/cdnoticias.com\/wp-content\/uploads\/2023\/05\/eduardo-rodriguez-06-scaled.jpg?resize=800%2C445&amp;ssl=1 800w, https:\/\/i0.wp.com\/cdnoticias.com\/wp-content\/uploads\/2023\/05\/eduardo-rodriguez-06-scaled.jpg?w=1600&amp;ssl=1 1600w, https:\/\/i0.wp.com\/cdnoticias.com\/wp-content\/uploads\/2023\/05\/eduardo-rodriguez-06-scaled.jpg?w=2400&amp;ssl=1 2400w\" sizes=\"auto, (max-width: 800px) 100vw, 800px\" \/><\/p>\n<p>&nbsp;<\/p>\n<p><span style=\"font-family: merriweather, georgia, times new roman, serif;\"><i>\u201cHay un clima de cansancio de la gente, de hartazgo cuando uno sale. Uno habla con los vecinos. Por suerte en Olavarr\u00eda tenemos esto de sostener las relaciones de vecindad y de que todos nos conocemos, que compartimos lugares comunes de nuestra vida comunitaria. Pero todo el tiempo la gente est\u00e1 muy cansada de la falta de respuestas en temas centrales\u201d<\/i><span style=\"color: #333333;\">\u00a0reconoci\u00f3 Eduardo Rodr\u00edguez sobre su experiencia. De paso, te recomendamos la entrevista\u00a0<\/span><a href=\"https:\/\/cdnoticias.com\/index.php\/2023\/05\/06\/hay-que-volver-a-la-austeridad-de-gestion-y-poner-en-eje-la-dedicacion-de-los-funcionarios\/\" target=\"_blank\" rel=\"noopener\"><span style=\"color: #006cfb;\">ac\u00e1<\/span><\/a><span style=\"color: #333333;\">\u00a0y\u00a0<\/span><a href=\"https:\/\/cdnoticias.com\/index.php\/2023\/05\/06\/el-clima-de-campana-la-gente-esta-muy-cansada-de-la-falta-de-respuestas-en-temas-centrales\/\" target=\"_blank\" rel=\"noopener\"><span style=\"color: #006cfb;\">ac\u00e1<\/span><\/a><span style=\"color: #333333;\">.<\/span><\/span><\/p>\n<p>&nbsp;<\/p>\n<p><span style=\"color: #333333; font-family: merriweather, georgia, times new roman, serif;\"><b>\u201cHab\u00eda que decirlo\u201d<\/b><\/span><\/p>\n<p>&nbsp;<\/p>\n<p><span style=\"color: #333333; font-family: merriweather, georgia, times new roman, serif;\">Esa fue la\u00a0<b>actitud de Generaci\u00f3n Bicentenario al criticar la conducci\u00f3n del PJ provincial y la precandidatura de Wesner, de pasada<\/b>. Un poco a ese tipo de lectura responde la explicaci\u00f3n de la \u201cvisi\u00f3n superadora\u201d al se\u00f1alar -como ya se ha hecho costumbre para varios- que el titular de Anses es \u201cel candidato de La C\u00e1mpora\u201d menospreciando una construcci\u00f3n mucho m\u00e1s amplia, con m\u00e1s agrupaciones, y con una estructura en los barrios que contradice esa sola afirmaci\u00f3n.<\/span><\/p>\n<p>&nbsp;<\/p>\n<p><span style=\"color: #333333; font-family: merriweather, georgia, times new roman, serif;\"><i>\u201cHace tiempo venimos diciendo que la agrupaci\u00f3n que lidera M\u00e1ximo Kirchner se qued\u00f3 con el sello del PJ para poner a los candidatos de la C\u00e1mpora\u201d<\/i>\u00a0<a href=\"https:\/\/cdnoticias.com\/index.php\/2023\/05\/06\/aunque-nos-quieran-confundir-wesner-es-el-candidato-de-cristina-y-valicenti\/\" target=\"_blank\" rel=\"noopener\">sostuvo\u00a0<b>Alan Aguirre, el referente de GB<\/b><\/a>. En esa l\u00ednea, afirm\u00f3 que\u00a0<i>\u201cWesner no es el candidato del peronismo de Olavarr\u00eda, es el elegido por La C\u00e1mpora y Valicenti\u201d<\/i>. Misma postura, misma respuesta.\u00a0<\/span><\/p>\n<p>&nbsp;<\/p>\n<p><img data-recalc-dims=\"1\" loading=\"lazy\" decoding=\"async\" class=\"size-full wp-image-27521 aligncenter\" src=\"https:\/\/i0.wp.com\/cdnoticias.com\/wp-content\/uploads\/2021\/07\/Aguirre-1.jpeg?resize=551%2C389&#038;ssl=1\" alt=\"\" width=\"551\" height=\"389\" srcset=\"https:\/\/i0.wp.com\/cdnoticias.com\/wp-content\/uploads\/2021\/07\/Aguirre-1.jpeg?w=551&amp;ssl=1 551w, https:\/\/i0.wp.com\/cdnoticias.com\/wp-content\/uploads\/2021\/07\/Aguirre-1.jpeg?resize=300%2C212&amp;ssl=1 300w\" sizes=\"auto, (max-width: 551px) 100vw, 551px\" \/><\/p>\n<p>&nbsp;<\/p>\n<p><span style=\"color: #333333; font-family: merriweather, georgia, times new roman, serif;\">El paso siguiente fue mostrar su intenci\u00f3n de incorporarse al PJ y criticar la gesti\u00f3n nacional.\u00a0<b>\u201cPodemos recuperar los principios y valores y llevarlos a la pr\u00e1ctica\u201d expres\u00f3 Aguirre<\/b>. Anotate un gui\u00f1o-gui\u00f1o en esta parte porque inmediatamente despu\u00e9s menciona al\u00a0<b>\u201cprecandidato a presidente Guillermo Moreno\u201d\u00a0<\/b>con quien \u201cestamos trabajando d\u00eda a d\u00eda para ser la opci\u00f3n de gobierno que m\u00e1s le conviene al pa\u00eds, tenemos un plan econ\u00f3mico industrialista y un modelo basado en lo que fue exitoso durante la llamada d\u00e9cada ganada&#8221;.<\/span><\/p>\n<p>&nbsp;<\/p>\n<p><span style=\"color: #333333; font-family: merriweather, georgia, times new roman, serif;\">Es que Moreno es el\u00a0<b>precandidato del partido Principios y Valores\u00a0<\/b>y todo apunta a que, tal como en 2021,<b>\u00a0van a tener precandidatura local<\/b>. Los anuncios formales parece que se van a hacer<b>\u00a0el jueves con Guillermo Moreno en la ciudad<\/b>.<\/span><\/p>\n<p>&nbsp;<\/p>\n<p>Un extracto<\/p>\n<p>&nbsp;<\/p>\n<p>Esta publicaci\u00f3n es parte de la edici\u00f3n de este domingo del newsletter Volver a las Fuentes que escriben Alexis Grierson y Josefina Bargas. La <a href=\"https:\/\/zcvrp-zgvfh.campaign-view.com\/ua\/SharedView?od=3ze8729c286f54973021ca849466b964f7fe34a331c7b811adb1aca9358666b9e7&amp;cno=129de782fefbc0&amp;cd=1f099c43b6a37ef8&amp;m=0\" target=\"_blank\" rel=\"noopener\">edici\u00f3n completa est\u00e1 disponible aqu\u00ed<\/a> y tiene un <a href=\"https:\/\/linktr.ee\/nhdp_valf\">sistema de suscripci\u00f3n econ\u00f3mica y aportes \u00fanicos al que se puede acceder aqu\u00ed.<\/a><\/p>\n<p>&nbsp;<\/p>\n","protected":false},"excerpt":{"rendered":"<p>Un acto el viernes del Movimiento Evita y otro el s\u00e1bado para mostrar apoyo. El Pro en las calles y<\/p>\n","protected":false},"author":4,"featured_media":84370,"comment_status":"closed","ping_status":"closed","sticky":false,"template":"","format":"standard","meta":{"_jetpack_memberships_contains_paid_content":false,"footnotes":""},"categories":[4,1],"tags":[],"class_list":["post-84366","post","type-post","status-publish","format-standard","has-post-thumbnail","hentry","category-politica","category-portada"],"jetpack_featured_media_url":"https:\/\/i0.wp.com\/cdnoticias.com\/wp-content\/uploads\/2023\/05\/maxi-wesner-fdt-10.jpg?fit=800%2C445&ssl=1","jetpack_sharing_enabled":true,"_links":{"self":[{"href":"https:\/\/cdnoticias.com\/index.php\/wp-json\/wp\/v2\/posts\/84366","targetHints":{"allow":["GET"]}}],"collection":[{"href":"https:\/\/cdnoticias.com\/index.php\/wp-json\/wp\/v2\/posts"}],"about":[{"href":"https:\/\/cdnoticias.com\/index.php\/wp-json\/wp\/v2\/types\/post"}],"author":[{"embeddable":true,"href":"https:\/\/cdnoticias.com\/index.php\/wp-json\/wp\/v2\/users\/4"}],"replies":[{"embeddable":true,"href":"https:\/\/cdnoticias.com\/index.php\/wp-json\/wp\/v2\/comments?post=84366"}],"version-history":[{"count":0,"href":"https:\/\/cdnoticias.com\/index.php\/wp-json\/wp\/v2\/posts\/84366\/revisions"}],"wp:featuredmedia":[{"embeddable":true,"href":"https:\/\/cdnoticias.com\/index.php\/wp-json\/wp\/v2\/media\/84370"}],"wp:attachment":[{"href":"https:\/\/cdnoticias.com\/index.php\/wp-json\/wp\/v2\/media?parent=84366"}],"wp:term":[{"taxonomy":"category","embeddable":true,"href":"https:\/\/cdnoticias.com\/index.php\/wp-json\/wp\/v2\/categories?post=84366"},{"taxonomy":"post_tag","embeddable":true,"href":"https:\/\/cdnoticias.com\/index.php\/wp-json\/wp\/v2\/tags?post=84366"}],"curies":[{"name":"wp","href":"https:\/\/api.w.org\/{rel}","templated":true}]}}