{"id":84356,"date":"2023-05-09T18:00:45","date_gmt":"2023-05-09T21:00:45","guid":{"rendered":"https:\/\/www.centraldenoticias.com.ar\/?p=84356"},"modified":"2023-07-11T10:39:45","modified_gmt":"2023-07-11T13:39:45","slug":"se-llevara-a-cabo-la-primera-jornada-de-ciencia-y-tecnologia-aplicada","status":"publish","type":"post","link":"https:\/\/cdnoticias.com\/index.php\/2023\/05\/09\/se-llevara-a-cabo-la-primera-jornada-de-ciencia-y-tecnologia-aplicada\/","title":{"rendered":"Se llevar\u00e1 a cabo la Primera Jornada de Ciencia y Tecnolog\u00eda Aplicada"},"content":{"rendered":"<p>Ser\u00e1 el mi\u00e9rcoles 10 de mayo en el auditorio del Centro de Convenciones Olavarr\u00eda (CCO). La jornada est\u00e1 organizada por el Municipio de Olavarr\u00eda y el Centro Cient\u00edfico Tecnol\u00f3gico CONICET Tandil.<!--more--><\/p>\n<hr \/>\n<p>El Municipio de Olavarr\u00eda y el Centro Cient\u00edfico Tecnol\u00f3gico CONICET Tandil organizan la <strong>Primera Jornada de Ciencia y Tecnolog\u00eda Aplicada<\/strong>, que se realizar\u00e1 el <strong>mi\u00e9rcoles 10 de mayo a las 8:30<\/strong>, en el<strong> auditorio del Centro de Convenciones Olavarr\u00eda<\/strong> (CCO).<\/p>\n<p>&nbsp;<\/p>\n<p>La actividad tiene como objetivo el <strong>conocimiento de las actividades de desarrollo cient\u00edfico, art\u00edstico y tecnol\u00f3gico de nuestro territorio<\/strong>. A la par, promover la vinculaci\u00f3n y transferencia de tecnolog\u00edas, entre el sistema cient\u00edfico y los diferentes actores del sector p\u00fablico y privado, adem\u00e1s de compartir la experiencia y los casos de vinculaci\u00f3n para el desarrollo regional.<\/p>\n<p>&nbsp;<\/p>\n<p>Las actividades previstas en la jornada incluyen una presentaci\u00f3n por parte de la Oficina de Vinculaci\u00f3n del CONICET Tandil, una serie de charlas brindadas por<strong> expertos en las tem\u00e1ticas de inteligencia artificial,<\/strong> indicadores de calidad de vida, emisiones netas cero, desarrollo sostenible y sanidad en producci\u00f3n pecuaria.<\/p>\n<p>&nbsp;<\/p>\n<p>Para finalizar la jornada, se realizar\u00e1n mesas de trabajo por tem\u00e1tica para intercambiar experiencias y conocer los distintos instrumentos disponibles. El programa de la actividad y el link para la inscripci\u00f3n se puede acceder haciendo<a href=\"https:\/\/docs.google.com\/forms\/d\/e\/1FAIpQLSdxGoO9pM84lL8cahMm5dOz38oVUeCkuXqYQMnGHgc5oMLwSA\/viewform\" target=\"_blank\" rel=\"noopener\"> click aqu\u00ed.<\/a><\/p>\n<p>&nbsp;<\/p>\n","protected":false},"excerpt":{"rendered":"<p>Ser\u00e1 el mi\u00e9rcoles 10 de mayo en el auditorio del Centro de Convenciones Olavarr\u00eda (CCO). La jornada est\u00e1 organizada por<\/p>\n","protected":false},"author":6,"featured_media":62955,"comment_status":"closed","ping_status":"closed","sticky":false,"template":"","format":"standard","meta":{"_jetpack_memberships_contains_paid_content":false,"footnotes":""},"categories":[5,1],"tags":[],"class_list":["post-84356","post","type-post","status-publish","format-standard","has-post-thumbnail","hentry","category-informacion-general","category-portada"],"jetpack_featured_media_url":"https:\/\/i0.wp.com\/cdnoticias.com\/wp-content\/uploads\/2022\/08\/Frente-CCO-centro-de-convenciones.jpg?fit=800%2C445&ssl=1","jetpack_sharing_enabled":true,"_links":{"self":[{"href":"https:\/\/cdnoticias.com\/index.php\/wp-json\/wp\/v2\/posts\/84356","targetHints":{"allow":["GET"]}}],"collection":[{"href":"https:\/\/cdnoticias.com\/index.php\/wp-json\/wp\/v2\/posts"}],"about":[{"href":"https:\/\/cdnoticias.com\/index.php\/wp-json\/wp\/v2\/types\/post"}],"author":[{"embeddable":true,"href":"https:\/\/cdnoticias.com\/index.php\/wp-json\/wp\/v2\/users\/6"}],"replies":[{"embeddable":true,"href":"https:\/\/cdnoticias.com\/index.php\/wp-json\/wp\/v2\/comments?post=84356"}],"version-history":[{"count":0,"href":"https:\/\/cdnoticias.com\/index.php\/wp-json\/wp\/v2\/posts\/84356\/revisions"}],"wp:featuredmedia":[{"embeddable":true,"href":"https:\/\/cdnoticias.com\/index.php\/wp-json\/wp\/v2\/media\/62955"}],"wp:attachment":[{"href":"https:\/\/cdnoticias.com\/index.php\/wp-json\/wp\/v2\/media?parent=84356"}],"wp:term":[{"taxonomy":"category","embeddable":true,"href":"https:\/\/cdnoticias.com\/index.php\/wp-json\/wp\/v2\/categories?post=84356"},{"taxonomy":"post_tag","embeddable":true,"href":"https:\/\/cdnoticias.com\/index.php\/wp-json\/wp\/v2\/tags?post=84356"}],"curies":[{"name":"wp","href":"https:\/\/api.w.org\/{rel}","templated":true}]}}