{"id":84313,"date":"2023-05-08T19:00:06","date_gmt":"2023-05-08T22:00:06","guid":{"rendered":"https:\/\/www.centraldenoticias.com.ar\/?p=84313"},"modified":"2023-05-08T19:00:06","modified_gmt":"2023-05-08T22:00:06","slug":"mas-de-500-agentes-penitenciarios-recibieron-nuevas-jerarquias","status":"publish","type":"post","link":"https:\/\/cdnoticias.com\/index.php\/2023\/05\/08\/mas-de-500-agentes-penitenciarios-recibieron-nuevas-jerarquias\/","title":{"rendered":"M\u00e1s de 500 agentes penitenciarios recibieron nuevas jerarqu\u00edas"},"content":{"rendered":"<p>Se trata de agentes penitenciarios de las c\u00e1rceles bonaerenses de Sierra Chica y Urdampilleta. <!--more--><\/p>\n<hr \/>\n<p>M\u00e1s de medio millar de<strong> agentes penitenciarios de las c\u00e1rceles bonaerenses de Sierra Chica y Urdampilleta recibieron sus diplomas de ascensos<\/strong> y jerarqu\u00edas en una ceremonia presidida por el subsecretario de Pol\u00edtica Penitenciaria del Ministerio de Justicia y Derechos Humanos de la provincia de Buenos Aires,<strong> Jos\u00e9 Gonz\u00e1lez Hueso.<\/strong><\/p>\n<p>&nbsp;<\/p>\n<p>El acto se llev\u00f3 a cabo este viernes en la Plaza de Armas de la Unidad 2 para el personal recientemente ascendido. Participaron <strong>m\u00e1s de 500 agentes<\/strong> de las Unidades 2, 27 y 38 de Sierra Chica, 17 Urdampilleta y de Cinotecnia, la DOE y la Unidad Operativa.<\/p>\n<p>&nbsp;<\/p>\n<p>Gonz\u00e1lez Hueso estuvo acompa\u00f1ado por el Subjefe del Servicio Penitenciario Bonaerense (SPB), Javier Ra\u00fal C\u00e1ceres, el Jefe y el Secretario del Complejo Penitenciario mencionado, Inspector General Abel Dante Ram\u00edrez e Inspector Mayor Gabriel Cejas, respectivamente, adem\u00e1s de los directivos de las Unidades participantes.<\/p>\n<p>&nbsp;<\/p>\n<p><img data-recalc-dims=\"1\" loading=\"lazy\" decoding=\"async\" class=\"alignnone size-full wp-image-84318\" src=\"https:\/\/i0.wp.com\/cdnoticias.com\/wp-content\/uploads\/2023\/05\/Prensa-Distincion-a-los-ascendidos-Mayo-2023g.jpg?resize=800%2C600&#038;ssl=1\" alt=\"\" width=\"800\" height=\"600\" srcset=\"https:\/\/i0.wp.com\/cdnoticias.com\/wp-content\/uploads\/2023\/05\/Prensa-Distincion-a-los-ascendidos-Mayo-2023g.jpg?w=1600&amp;ssl=1 1600w, https:\/\/i0.wp.com\/cdnoticias.com\/wp-content\/uploads\/2023\/05\/Prensa-Distincion-a-los-ascendidos-Mayo-2023g.jpg?resize=300%2C225&amp;ssl=1 300w, https:\/\/i0.wp.com\/cdnoticias.com\/wp-content\/uploads\/2023\/05\/Prensa-Distincion-a-los-ascendidos-Mayo-2023g.jpg?resize=1024%2C768&amp;ssl=1 1024w, https:\/\/i0.wp.com\/cdnoticias.com\/wp-content\/uploads\/2023\/05\/Prensa-Distincion-a-los-ascendidos-Mayo-2023g.jpg?resize=768%2C576&amp;ssl=1 768w, https:\/\/i0.wp.com\/cdnoticias.com\/wp-content\/uploads\/2023\/05\/Prensa-Distincion-a-los-ascendidos-Mayo-2023g.jpg?resize=1536%2C1152&amp;ssl=1 1536w\" sizes=\"auto, (max-width: 800px) 100vw, 800px\" \/><\/p>\n<p>&nbsp;<\/p>\n<p>Adem\u00e1s fue <strong>descubierta una placa<\/strong> recordando al Inspector General retirado Carlos Ernesto Colombo, en memoria de su legado en la secci\u00f3n canteras de la Unidad 2, donde participaron sus hijos y nietos.<\/p>\n<p>&nbsp;<\/p>\n<p>Gonz\u00e1lez Hueso expres\u00f3 que \u201ceste es un d\u00eda de celebraci\u00f3n, de fiesta, donde queda plasmado este <strong>reconocimiento al esfuerzo y al compromiso diario en sus carreras<\/strong>. Tenemos un compromiso muy grande con el Servicio Penitenciario, tanto el Gobernador Axel Kicillof, como el Ministro de Justicia y Derechos Humanos, Julio Alak, quienes est\u00e1n impulsando un <strong>plan de transformaci\u00f3n in\u00e9dito en la Provincia\u201d.<\/strong><\/p>\n<p>&nbsp;<\/p>\n<p>\u201cEste plan tiene dos ejes fundamentales: uno es la <strong>inclusi\u00f3n social de las personas privadas de la libertad<\/strong> y, por otro lado, una <strong>ampliaci\u00f3n de la infraestructura penitenciaria<\/strong> que implica que en cuatro a\u00f1os vamos a generar 12.000 plazas distribuidas en 16 alcaid\u00edas y 8 nuevas Unidades, que equivale al 50% de lo que construy\u00f3 la provincia en 200 a\u00f1os de historia\u201d agreg\u00f3 Gonz\u00e1lez Hueso.<\/p>\n<p>&nbsp;<\/p>\n<p><img data-recalc-dims=\"1\" loading=\"lazy\" decoding=\"async\" class=\"alignnone size-full wp-image-84317\" src=\"https:\/\/i0.wp.com\/cdnoticias.com\/wp-content\/uploads\/2023\/05\/Prensa-Distincion-a-los-ascendidos-Mayo-2023e.jpg?resize=800%2C533&#038;ssl=1\" alt=\"\" width=\"800\" height=\"533\" srcset=\"https:\/\/i0.wp.com\/cdnoticias.com\/wp-content\/uploads\/2023\/05\/Prensa-Distincion-a-los-ascendidos-Mayo-2023e.jpg?w=1600&amp;ssl=1 1600w, https:\/\/i0.wp.com\/cdnoticias.com\/wp-content\/uploads\/2023\/05\/Prensa-Distincion-a-los-ascendidos-Mayo-2023e.jpg?resize=300%2C200&amp;ssl=1 300w, https:\/\/i0.wp.com\/cdnoticias.com\/wp-content\/uploads\/2023\/05\/Prensa-Distincion-a-los-ascendidos-Mayo-2023e.jpg?resize=1024%2C682&amp;ssl=1 1024w, https:\/\/i0.wp.com\/cdnoticias.com\/wp-content\/uploads\/2023\/05\/Prensa-Distincion-a-los-ascendidos-Mayo-2023e.jpg?resize=768%2C511&amp;ssl=1 768w, https:\/\/i0.wp.com\/cdnoticias.com\/wp-content\/uploads\/2023\/05\/Prensa-Distincion-a-los-ascendidos-Mayo-2023e.jpg?resize=1536%2C1022&amp;ssl=1 1536w, https:\/\/i0.wp.com\/cdnoticias.com\/wp-content\/uploads\/2023\/05\/Prensa-Distincion-a-los-ascendidos-Mayo-2023e.jpg?resize=272%2C182&amp;ssl=1 272w\" sizes=\"auto, (max-width: 800px) 100vw, 800px\" \/><\/p>\n<p>En la misma l\u00ednea, el subsecretario subray\u00f3: \u201cEn este contexto tambi\u00e9n hay una serie de reconocimientos importantes a todo el personal. Se trata de <strong>mejorar las condiciones de trabajo y de otorgar los ascensos en tiempo y forma,<\/strong> que es la mejor manera de reconocer la entrega y esfuerzo que cada d\u00eda brinda cada agente penitenciario&#8221;.<\/p>\n<p>&nbsp;<\/p>\n<p><em>&#8220;Este es tambi\u00e9n un reconocimiento para las familias de cada agente, muchas de las cuales est\u00e1n ac\u00e1 celebrando con ustedes, que son quienes les dan el soporte y afecto necesario para para acompa\u00f1arlos en este trabajo tan importante para la provincia<\/em>\u201d cerr\u00f3 Gonz\u00e1lez Hueso.<\/p>\n<p>&nbsp;<\/p>\n<p>A la par, el director de la Unidad 2, Inspector Mayor (EG) Carlos Silva felicit\u00f3 al personal destacando su \u201c<em>reconocimiento a todos los agentes que hoy reciben una nueva jerarqu\u00eda. Estos son momentos de reflexi\u00f3n, de mirar atr\u00e1s todo el recorrido que hicieron para llegar a este momento, con profesionalismo y tes\u00f3n&#8221;.<\/em><\/p>\n<p>&nbsp;<\/p>\n<p><img data-recalc-dims=\"1\" loading=\"lazy\" decoding=\"async\" class=\"alignnone size-full wp-image-84315\" src=\"https:\/\/i0.wp.com\/cdnoticias.com\/wp-content\/uploads\/2023\/05\/Prensa-Distincion-a-los-ascendidos-Mayo-2023c.jpg?resize=800%2C533&#038;ssl=1\" alt=\"\" width=\"800\" height=\"533\" srcset=\"https:\/\/i0.wp.com\/cdnoticias.com\/wp-content\/uploads\/2023\/05\/Prensa-Distincion-a-los-ascendidos-Mayo-2023c.jpg?w=1600&amp;ssl=1 1600w, https:\/\/i0.wp.com\/cdnoticias.com\/wp-content\/uploads\/2023\/05\/Prensa-Distincion-a-los-ascendidos-Mayo-2023c.jpg?resize=300%2C200&amp;ssl=1 300w, https:\/\/i0.wp.com\/cdnoticias.com\/wp-content\/uploads\/2023\/05\/Prensa-Distincion-a-los-ascendidos-Mayo-2023c.jpg?resize=1024%2C682&amp;ssl=1 1024w, https:\/\/i0.wp.com\/cdnoticias.com\/wp-content\/uploads\/2023\/05\/Prensa-Distincion-a-los-ascendidos-Mayo-2023c.jpg?resize=768%2C511&amp;ssl=1 768w, https:\/\/i0.wp.com\/cdnoticias.com\/wp-content\/uploads\/2023\/05\/Prensa-Distincion-a-los-ascendidos-Mayo-2023c.jpg?resize=1536%2C1022&amp;ssl=1 1536w, https:\/\/i0.wp.com\/cdnoticias.com\/wp-content\/uploads\/2023\/05\/Prensa-Distincion-a-los-ascendidos-Mayo-2023c.jpg?resize=272%2C182&amp;ssl=1 272w\" sizes=\"auto, (max-width: 800px) 100vw, 800px\" \/><\/p>\n<p>&nbsp;<\/p>\n<p>Por \u00faltimo Silva cerr\u00f3: &#8220;<em>Es importante resaltar este gran acompa\u00f1amiento de la familia, los vemos emocionados y seguramente se debe a que conocen el esfuerzo que cada uno de ustedes hace, por eso les agradecemos, son el pilar de los agentes&#8221;.\u00a0<\/em><\/p>\n<p>&nbsp;<\/p>\n<p><img data-recalc-dims=\"1\" loading=\"lazy\" decoding=\"async\" class=\"alignnone size-full wp-image-84316\" src=\"https:\/\/i0.wp.com\/cdnoticias.com\/wp-content\/uploads\/2023\/05\/Prensa-Distincion-a-los-ascendidos-Mayo-2023d.jpg?resize=800%2C533&#038;ssl=1\" alt=\"\" width=\"800\" height=\"533\" srcset=\"https:\/\/i0.wp.com\/cdnoticias.com\/wp-content\/uploads\/2023\/05\/Prensa-Distincion-a-los-ascendidos-Mayo-2023d.jpg?w=1600&amp;ssl=1 1600w, https:\/\/i0.wp.com\/cdnoticias.com\/wp-content\/uploads\/2023\/05\/Prensa-Distincion-a-los-ascendidos-Mayo-2023d.jpg?resize=300%2C200&amp;ssl=1 300w, https:\/\/i0.wp.com\/cdnoticias.com\/wp-content\/uploads\/2023\/05\/Prensa-Distincion-a-los-ascendidos-Mayo-2023d.jpg?resize=1024%2C682&amp;ssl=1 1024w, https:\/\/i0.wp.com\/cdnoticias.com\/wp-content\/uploads\/2023\/05\/Prensa-Distincion-a-los-ascendidos-Mayo-2023d.jpg?resize=768%2C511&amp;ssl=1 768w, https:\/\/i0.wp.com\/cdnoticias.com\/wp-content\/uploads\/2023\/05\/Prensa-Distincion-a-los-ascendidos-Mayo-2023d.jpg?resize=1536%2C1022&amp;ssl=1 1536w, https:\/\/i0.wp.com\/cdnoticias.com\/wp-content\/uploads\/2023\/05\/Prensa-Distincion-a-los-ascendidos-Mayo-2023d.jpg?resize=272%2C182&amp;ssl=1 272w\" sizes=\"auto, (max-width: 800px) 100vw, 800px\" \/><\/p>\n","protected":false},"excerpt":{"rendered":"<p>Se trata de agentes penitenciarios de las c\u00e1rceles bonaerenses de Sierra Chica y Urdampilleta.<\/p>\n","protected":false},"author":6,"featured_media":84314,"comment_status":"closed","ping_status":"closed","sticky":false,"template":"","format":"standard","meta":{"_jetpack_memberships_contains_paid_content":false,"footnotes":""},"categories":[5,1],"tags":[],"class_list":["post-84313","post","type-post","status-publish","format-standard","has-post-thumbnail","hentry","category-informacion-general","category-portada"],"jetpack_featured_media_url":"https:\/\/i0.wp.com\/cdnoticias.com\/wp-content\/uploads\/2023\/05\/Prensa-Distincion-a-los-ascendidos-Mayo-2023a.jpg?fit=1600%2C1065&ssl=1","jetpack_sharing_enabled":true,"_links":{"self":[{"href":"https:\/\/cdnoticias.com\/index.php\/wp-json\/wp\/v2\/posts\/84313","targetHints":{"allow":["GET"]}}],"collection":[{"href":"https:\/\/cdnoticias.com\/index.php\/wp-json\/wp\/v2\/posts"}],"about":[{"href":"https:\/\/cdnoticias.com\/index.php\/wp-json\/wp\/v2\/types\/post"}],"author":[{"embeddable":true,"href":"https:\/\/cdnoticias.com\/index.php\/wp-json\/wp\/v2\/users\/6"}],"replies":[{"embeddable":true,"href":"https:\/\/cdnoticias.com\/index.php\/wp-json\/wp\/v2\/comments?post=84313"}],"version-history":[{"count":0,"href":"https:\/\/cdnoticias.com\/index.php\/wp-json\/wp\/v2\/posts\/84313\/revisions"}],"wp:featuredmedia":[{"embeddable":true,"href":"https:\/\/cdnoticias.com\/index.php\/wp-json\/wp\/v2\/media\/84314"}],"wp:attachment":[{"href":"https:\/\/cdnoticias.com\/index.php\/wp-json\/wp\/v2\/media?parent=84313"}],"wp:term":[{"taxonomy":"category","embeddable":true,"href":"https:\/\/cdnoticias.com\/index.php\/wp-json\/wp\/v2\/categories?post=84313"},{"taxonomy":"post_tag","embeddable":true,"href":"https:\/\/cdnoticias.com\/index.php\/wp-json\/wp\/v2\/tags?post=84313"}],"curies":[{"name":"wp","href":"https:\/\/api.w.org\/{rel}","templated":true}]}}