{"id":84306,"date":"2023-05-06T22:01:10","date_gmt":"2023-05-07T01:01:10","guid":{"rendered":"https:\/\/www.centraldenoticias.com.ar\/?p=84306"},"modified":"2023-05-07T10:02:21","modified_gmt":"2023-05-07T13:02:21","slug":"hay-que-volver-a-la-austeridad-de-gestion-y-poner-en-eje-la-dedicacion-de-los-funcionarios","status":"publish","type":"post","link":"https:\/\/cdnoticias.com\/index.php\/2023\/05\/06\/hay-que-volver-a-la-austeridad-de-gestion-y-poner-en-eje-la-dedicacion-de-los-funcionarios\/","title":{"rendered":"\u201cHay que volver a la austeridad de gesti\u00f3n y poner en eje la dedicaci\u00f3n de los funcionarios\u201d"},"content":{"rendered":"<p>Eduardo Rodr\u00edguez present\u00f3 sus propuestas y su visi\u00f3n: \u201cme parece que Olavarr\u00eda necesita una agenda de futuro\u201d. Las PASO en el Frente de Todos, \u201chacer algo distinto para tener resultados distintos\u201d.<\/p>\n<p><!--more--><\/p>\n<hr \/>\n<p><strong>Eduardo Rodr\u00edguez<\/strong> es <strong>precandidato a intendente<\/strong> de Olavarr\u00eda por el <strong>Frente de Renovador \u2013 Foro Olavarr\u00eda en el Frente de Todos<\/strong>.<\/p>\n<p>&nbsp;<\/p>\n<p>El referente massista habl\u00f3 con <strong>Central de Noticias<\/strong> sobre <strong>las Primarias en la principal coalici\u00f3n opositora local<\/strong>, su visi\u00f3n de la gesti\u00f3n municipal y sus propuestas. La \u201csana administraci\u00f3n\u201d, la urbanizaci\u00f3n y las viviendas, las obras p\u00fablicas, salud y el hospital, la gesti\u00f3n de las localidades y la intenci\u00f3n de \u201crevisar\u201d el contrato del servicio de recolecci\u00f3n de residuos. <a href=\"https:\/\/cdnoticias.com\/index.php\/2023\/05\/06\/el-clima-de-campana-la-gente-esta-muy-cansada-de-la-falta-de-respuestas-en-temas-centrales\/\" target=\"_blank\" rel=\"noopener\">Tambi\u00e9n habl\u00f3 sobre el clima de campa\u00f1a y la recepci\u00f3n del electorado: &#8220;la gente est\u00e1 muy cansada de la falta de respuestas en temas centrales&#8221;.<\/a><\/p>\n<p>&nbsp;<\/p>\n<p>&#8211;<em> Arranquemos por la decisi\u00f3n de ser precandidato, \u00bfc\u00f3mo llega y qu\u00e9 representa para el massismo tener un precandidato en Olavarr\u00eda?<\/em><\/p>\n<p>&nbsp;<\/p>\n<p>En principio es parte de una decisi\u00f3n local y en parte una decisi\u00f3n tambi\u00e9n nacional. <strong>Es una decisi\u00f3n hablada con Sergio (Massa)<\/strong>, de que aquellos referentes consolidados en las ciudades de la provincia de Buenos Aires puedan ser candidatos a intendentes. Y por otro lado, teniendo en cuenta la realidad local. Nosotros<strong> venimos siendo parte del Frente de Todos desde 2019<\/strong>. Somos parte fundacional con esta idea de la unidad en la diversidad y lo que planteamos para esta situaci\u00f3n es que <strong>ten\u00edamos que hacer algo distinto si quer\u00edamos tener resultados distintos en el orden local<\/strong>.<\/p>\n<p>&nbsp;<\/p>\n<blockquote><p>En ese marco tomo la decisi\u00f3n de proponerle a los vecinos de Olavarr\u00eda toda la experiencia en la gesti\u00f3n p\u00fablica que yo puedo ofrecer, mi paso por la gesti\u00f3n municipales de don Helios y de Jos\u00e9, y tambi\u00e9n porque creo que hay que plantear distintos ejes, que no est\u00e1n en el debate m\u00e1s all\u00e1 de las candidaturas que se han planteado, que creo que son interesantes para Olavarr\u00eda.<\/p><\/blockquote>\n<p>&nbsp;<\/p>\n<p><img data-recalc-dims=\"1\" loading=\"lazy\" decoding=\"async\" class=\"size-large wp-image-84151 aligncenter\" src=\"https:\/\/i0.wp.com\/cdnoticias.com\/wp-content\/uploads\/2023\/05\/eduardo-rodriguez-06.jpg?resize=800%2C445&#038;ssl=1\" alt=\"\" width=\"800\" height=\"445\" srcset=\"https:\/\/i0.wp.com\/cdnoticias.com\/wp-content\/uploads\/2023\/05\/eduardo-rodriguez-06-scaled.jpg?resize=1024%2C570&amp;ssl=1 1024w, https:\/\/i0.wp.com\/cdnoticias.com\/wp-content\/uploads\/2023\/05\/eduardo-rodriguez-06-scaled.jpg?resize=300%2C167&amp;ssl=1 300w, https:\/\/i0.wp.com\/cdnoticias.com\/wp-content\/uploads\/2023\/05\/eduardo-rodriguez-06-scaled.jpg?resize=768%2C427&amp;ssl=1 768w, https:\/\/i0.wp.com\/cdnoticias.com\/wp-content\/uploads\/2023\/05\/eduardo-rodriguez-06-scaled.jpg?resize=1536%2C854&amp;ssl=1 1536w, https:\/\/i0.wp.com\/cdnoticias.com\/wp-content\/uploads\/2023\/05\/eduardo-rodriguez-06-scaled.jpg?resize=2048%2C1139&amp;ssl=1 2048w, https:\/\/i0.wp.com\/cdnoticias.com\/wp-content\/uploads\/2023\/05\/eduardo-rodriguez-06-scaled.jpg?resize=800%2C445&amp;ssl=1 800w, https:\/\/i0.wp.com\/cdnoticias.com\/wp-content\/uploads\/2023\/05\/eduardo-rodriguez-06-scaled.jpg?w=1600&amp;ssl=1 1600w, https:\/\/i0.wp.com\/cdnoticias.com\/wp-content\/uploads\/2023\/05\/eduardo-rodriguez-06-scaled.jpg?w=2400&amp;ssl=1 2400w\" sizes=\"auto, (max-width: 800px) 100vw, 800px\" \/><\/p>\n<p>&nbsp;<\/p>\n<p>&#8211;<em>\u00bfQu\u00e9 propone el Frente de Todos con esta PASO, con una propuesta por fuera del kirhcnerismo?<\/em><\/p>\n<p>&nbsp;<\/p>\n<blockquote><p>Me parece que tiene que ser una experiencia sana y saludable para el espacio. Y en lo personal me parece interesante tambi\u00e9n para poner en discusi\u00f3n algunos ejes de Olavarr\u00eda. Yo creo que hay que volver a recrear en cierta manera el paradigma de Don helios Eseverri de la austeridad de gesti\u00f3n, de la sana administraci\u00f3n, de la buena gesti\u00f3n. Poner en eje sobre todo la dedicaci\u00f3n de los funcionarios al cargo y la contracci\u00f3n al trabajo.<\/p><\/blockquote>\n<p>&nbsp;<\/p>\n<p>&#8211;<em>\u00bfLa gesti\u00f3n actual no es austera y falta m\u00e1s presencia en el trabajo?<\/em><\/p>\n<p>&nbsp;<\/p>\n<p>Yo creo que hay que volver a eso. Te marco un ejemplo. <strong>La planta de funcionarios pol\u00edticos de esta gesti\u00f3n es muy superior a la que dej\u00f3 Jos\u00e9 (Eseverri) en 2015. La planta de personal que hoy tiene el Municipio es muy superior a la que dej\u00f3 Jos\u00e9 en 2015<\/strong>. Y eso implica abrir un <strong>di\u00e1logo con el Sindicato de Trabajadores Municipales y con los trabajadores<\/strong> sobre qu\u00e9 nuevos servicios puede ofrecer el Municipio de manera tal de que podamos ser realmente una buena gesti\u00f3n en esa planta de personal que ha crecido y que hoy representa buena parte del presupuesto municipal. <strong>Creo que hay que volver a comprar bien en el Hospital<\/strong>. Creo que hay que volver a aquellos ejes de la <strong>sana administraci\u00f3n<\/strong> que hacen que uno obtenga justamente despu\u00e9s los recursos necesarios para generar las inversiones p\u00fablicas que necesita Olavarr\u00eda.<\/p>\n<p>&nbsp;<\/p>\n<p><em>-\u00bfQu\u00e9 es la \u201csana administraci\u00f3n\u201d?<\/em><\/p>\n<p>&nbsp;<\/p>\n<p>Lo hemos dicho hasta el cansancio: <strong>si al Municipio le corres los ingresos que genera la explotaci\u00f3n de canteras, es altamente deficitario<\/strong>. Eso imperdonable, porque hace 7 a\u00f1os y medio que venimos gastando los recursos del Impuesto a la Piedra en gastos corrientes. Vamos en esa tendencia y no nos damos cuenta, esos recursos no son renovables, si habl\u00e1s con cualquier canterista sab\u00e9s que ese recurso tiene una duraci\u00f3n en Olavarr\u00eda de 50 a\u00f1os y ya hay un periodo de 7 a\u00f1os y medio donde hiciste un<strong> uso indebido del recurso<\/strong>.<\/p>\n<p>&nbsp;<\/p>\n<p>Y adem\u00e1s, eso hace que el pr\u00f3ximo intendente que se siente en el despacho tenga que tomar decisiones para volver a recuperar esa capacidad de inversi\u00f3n p\u00fablica que tuvo hist\u00f3ricamente este municipio. \u00bfPara qu\u00e9? Para dar respuestas a los vecinos. <strong>Volver a comprar tierras para el banco de tierras<\/strong>. Hay que volver a una pol\u00edtica municipal en ese sentido, con las nuevas herramientas legislativas como la ley de h\u00e1bitat. <strong>Hay que trabajar la ordenanza de ampliaci\u00f3n de zona urbana.<\/strong> La actual se sancion\u00f3 en 2014, pasaron dos gestiones municipales y reci\u00e9n el a\u00f1o pasado se convalid\u00f3 de Provincia. Ha pasado un a\u00f1o y todav\u00eda no tenemos un solo convenio urban\u00edstico de ampliaci\u00f3n.<\/p>\n<p>&nbsp;<\/p>\n<p><em>-\u00bfQu\u00e9 es la ampliaci\u00f3n de la planta urbana?<\/em><\/p>\n<p>&nbsp;<\/p>\n<p><strong>La posibilidad de incorporar tierras que estaban en reserva o en \u00e1reas no urbanas, subdividir y generar lotes de servicios<\/strong>. Con el aditamento de que nosotros dejamos planteado -y yo fui autor de esa ordenanza- la ordenanza de plusval\u00eda urbana que permite al Municipio hacerse de lotes para aquellos vecinos que no puedan acceder a la tierra.<\/p>\n<p>&nbsp;<\/p>\n<p>Pero tenemos que trabajar en la agenda de futuro tambi\u00e9n. <strong>Hoy Olavarr\u00eda tiene que ser parte de las discusiones que da el pa\u00eds vinculado a Vaca Muerta, a la econom\u00eda del conocimiento, a la energ\u00e9tica<\/strong>. En 2015 ya Jos\u00e9 hab\u00eda dejado en la gesti\u00f3n el cluster local de Vaca Muerta, empresas locales que pod\u00edan ofrecer servicios para ese.<\/p>\n<p>&nbsp;<\/p>\n<blockquote><p>Quiero decir con esto que el futuro de las ciudades no est\u00e1 escrito ni se hace solo. Se hace trabajando en el presente. Y hoy me parece que el intendente municipal no est\u00e1 generado las expectativas a futuro o hay generado un solo proyecto de futuro en la ciudad y lo veo dando explicaciones sobre la gesti\u00f3n de gobierno donde muchos ciudadanos tienen dudas sobre casos muy conocidos como terrenos, las TUVI, y el caso de lo que apareci\u00f3 en Desarrollo Social.<\/p><\/blockquote>\n<p>&nbsp;<\/p>\n<p><img data-recalc-dims=\"1\" loading=\"lazy\" decoding=\"async\" class=\"size-large wp-image-84148 aligncenter\" src=\"https:\/\/i0.wp.com\/cdnoticias.com\/wp-content\/uploads\/2023\/05\/eduardo-rodriguez-03.jpg?resize=800%2C445&#038;ssl=1\" alt=\"\" width=\"800\" height=\"445\" srcset=\"https:\/\/i0.wp.com\/cdnoticias.com\/wp-content\/uploads\/2023\/05\/eduardo-rodriguez-03-scaled.jpg?resize=1024%2C570&amp;ssl=1 1024w, https:\/\/i0.wp.com\/cdnoticias.com\/wp-content\/uploads\/2023\/05\/eduardo-rodriguez-03-scaled.jpg?resize=300%2C167&amp;ssl=1 300w, https:\/\/i0.wp.com\/cdnoticias.com\/wp-content\/uploads\/2023\/05\/eduardo-rodriguez-03-scaled.jpg?resize=768%2C427&amp;ssl=1 768w, https:\/\/i0.wp.com\/cdnoticias.com\/wp-content\/uploads\/2023\/05\/eduardo-rodriguez-03-scaled.jpg?resize=1536%2C855&amp;ssl=1 1536w, https:\/\/i0.wp.com\/cdnoticias.com\/wp-content\/uploads\/2023\/05\/eduardo-rodriguez-03-scaled.jpg?resize=2048%2C1140&amp;ssl=1 2048w, https:\/\/i0.wp.com\/cdnoticias.com\/wp-content\/uploads\/2023\/05\/eduardo-rodriguez-03-scaled.jpg?resize=800%2C445&amp;ssl=1 800w, https:\/\/i0.wp.com\/cdnoticias.com\/wp-content\/uploads\/2023\/05\/eduardo-rodriguez-03-scaled.jpg?w=1600&amp;ssl=1 1600w, https:\/\/i0.wp.com\/cdnoticias.com\/wp-content\/uploads\/2023\/05\/eduardo-rodriguez-03-scaled.jpg?w=2400&amp;ssl=1 2400w\" sizes=\"auto, (max-width: 800px) 100vw, 800px\" \/><\/p>\n<p>&nbsp;<\/p>\n<p><em>-Hablaste de un banco de tierras y de urbanismo, \u00bfes necesario acompa\u00f1arlo con un plan de vivienda municipal como se hace actualmente?<\/em><\/p>\n<p>&nbsp;<\/p>\n<p>El Municipio puede hacer en la escala que lo est\u00e1 haciendo, que frente a la problem\u00e1tica habitacional de Olavarr\u00eda es una escala chica. <strong>Lo que tiene que hacer el Municipio es justamente tener tierras, avanzar con la ampliaci\u00f3n de la planta urbana y generar lotes con servicios, y sumarse a toda iniciativa del gobierno nacional y provincial que promueva la construcci\u00f3n de viviendas<\/strong>. Si mir\u00e1s en el \u00faltimo tiempo, la construcci\u00f3n de viviendas m\u00e1s importante la ha hecho un sindicato como AOMA, con un convenio urban\u00edstico, con un financiamiento tambi\u00e9n provincial que permiti\u00f3 tener ya las casas con la gente habitando. Y tambi\u00e9n hay que preparar las obras que permitan que la ciudad se desarrolle.<\/p>\n<p>&nbsp;<\/p>\n<p><em>-\u00bfComo cu\u00e1les?<\/em><\/p>\n<p>&nbsp;<\/p>\n<blockquote><p>Se plantean obras que estuvieron pensadas hace 10 a\u00f1os, como la del colector cloacal norte. Es una de las obras m\u00e1s importantes que permitir\u00e1 el desarrollo. Hay m\u00e1s, han sido planteadas y no tienen financiamiento, se necesitan fondos de provincia y naci\u00f3n. Bueno, esas cosas son las que uno tiene que plantear para adelante. Me parece que Olavarr\u00eda necesita una agenda de futuro<u>,<\/u> m\u00e1s all\u00e1 de ir resolviendo las demandas que tienen los vecinos, muy puntuales, como atender necesidades b\u00e1sicas, el programa de materiales de construcci\u00f3n que se ha discontinuado y que permite a muchos vecinos sin recursos salir de situaciones de hacinamiento, poder construir un dormitorio m\u00e1s.<\/p><\/blockquote>\n<p>&nbsp;<\/p>\n<p>Despu\u00e9s me parece tambi\u00e9n central tener una relaci\u00f3n distinta con las localidades. <strong>Lleg\u00f3 el momento de generar una administraci\u00f3n distinta de las localidades<\/strong><u>,<\/u> llenarlas de recursos, y de la necesaria asignaci\u00f3n presupuestaria para que obras que ya tienen una demanda hist\u00f3rica se pueden concretar.<\/p>\n<p>&nbsp;<\/p>\n<p>Para eso hay que poner mucho orden administrativo, sanear las cuentas municipales, volver a recuperar la capacidad de inversi\u00f3n p\u00fablica y sobre todo <strong>volver a una gesti\u00f3n que tenga contracci\u00f3n al trabajo y de esto hablo de los funcionarios pol\u00edticos<\/strong>.<\/p>\n<p>&nbsp;<\/p>\n<p><img data-recalc-dims=\"1\" loading=\"lazy\" decoding=\"async\" class=\"size-large wp-image-84149 aligncenter\" src=\"https:\/\/i0.wp.com\/cdnoticias.com\/wp-content\/uploads\/2023\/05\/eduardo-rodriguez-04.jpg?resize=800%2C445&#038;ssl=1\" alt=\"\" width=\"800\" height=\"445\" srcset=\"https:\/\/i0.wp.com\/cdnoticias.com\/wp-content\/uploads\/2023\/05\/eduardo-rodriguez-04-scaled.jpg?resize=1024%2C570&amp;ssl=1 1024w, https:\/\/i0.wp.com\/cdnoticias.com\/wp-content\/uploads\/2023\/05\/eduardo-rodriguez-04-scaled.jpg?resize=300%2C167&amp;ssl=1 300w, https:\/\/i0.wp.com\/cdnoticias.com\/wp-content\/uploads\/2023\/05\/eduardo-rodriguez-04-scaled.jpg?resize=768%2C427&amp;ssl=1 768w, https:\/\/i0.wp.com\/cdnoticias.com\/wp-content\/uploads\/2023\/05\/eduardo-rodriguez-04-scaled.jpg?resize=1536%2C855&amp;ssl=1 1536w, https:\/\/i0.wp.com\/cdnoticias.com\/wp-content\/uploads\/2023\/05\/eduardo-rodriguez-04-scaled.jpg?resize=2048%2C1140&amp;ssl=1 2048w, https:\/\/i0.wp.com\/cdnoticias.com\/wp-content\/uploads\/2023\/05\/eduardo-rodriguez-04-scaled.jpg?resize=800%2C445&amp;ssl=1 800w, https:\/\/i0.wp.com\/cdnoticias.com\/wp-content\/uploads\/2023\/05\/eduardo-rodriguez-04-scaled.jpg?w=1600&amp;ssl=1 1600w, https:\/\/i0.wp.com\/cdnoticias.com\/wp-content\/uploads\/2023\/05\/eduardo-rodriguez-04-scaled.jpg?w=2400&amp;ssl=1 2400w\" sizes=\"auto, (max-width: 800px) 100vw, 800px\" \/><\/p>\n<p>&nbsp;<\/p>\n<p>&#8211;<em>Dijiste que hay que \u201ccomprar bien\u201d en el Hospital. \u00bfCu\u00e1l es el problema que detectas?<\/em><\/p>\n<p>&nbsp;<\/p>\n<blockquote><p>El Hospital hoy y siempre fue uno de los ejes centrales de la pol\u00edtica municipal. Hay todo un debate sobre c\u00f3mo comprar y c\u00f3mo ser eficiente en los recursos que se asignan a la salud. El Hospital hist\u00f3ricamente tuvo un director m\u00e9dico -como era el doctor Cura-, pero tambi\u00e9n ten\u00eda un administrador con una fuerte presencia que hac\u00eda que tambi\u00e9n fuera eficiente el manejo administrativo y sobre todo de compras. Tiene que ver con licitar y no hacer compras directas.<\/p><\/blockquote>\n<p>&nbsp;<\/p>\n<p>Hay mucho recurso asignado a insumos y medicamentos, ah\u00ed hay que poner foco otra vez en la gesti\u00f3n. Se ha intentado dar un salto de calidad en el tema de turnos con la atenci\u00f3n por el Whatsapp para evitar las colas. No estar\u00eda dando los resultados esperados. Creo que a todo eso hay que someterlo a revisi\u00f3n y<strong> el Hospital tiene que volver a ser el lugar donde los vecinos encuentren la confianza de que en el peor momento que es el de la enfermedad tenga un turno para una operaci\u00f3n, medicamentos, un turno de atenci\u00f3n<\/strong>. Todo esto le cuesta mucho al vecino, tenemos muchos reclamos de que hay turnos de operaciones que son de urgencia a mucho tiempo, turnos en determinadas especialidades que no se tienen, y sobre todo de que el vecino tiene que hacer frente a medicamentos o a insumos que tendr\u00eda que brindar el Municipio.<\/p>\n<p>&nbsp;<\/p>\n<p>Creo que <strong>hay que hacer un sistema muy sencillo de atenci\u00f3n que todo el mundo se pueda atender en el hospital<\/strong>, que el que tenga obra social obviamente se factura a la obra social y el que no tenga se atienda gratuitamente y<strong> dejar de lado el esquema del carnet hospitalario con determinada condici\u00f3n<\/strong>.\u00a0Y volver a <strong>trabajar sobre la Atenci\u00f3n Primaria<\/strong>, consolidar las unidades de APS y jerarquizar la atenci\u00f3n en el Hospital. Hay casos como el Hospital de Sierras Bayas que ten\u00eda internaci\u00f3n, con 4 camas pero un hospital de internaci\u00f3n al fin, que hoy a veces ni siquiera tiene m\u00e9dico de guardia. Me parece que tambi\u00e9n <strong>la salud en las localidades es una demanda que hemos visto en toda esta gesti\u00f3n y tenemos que jerarquizar<\/strong>.<\/p>\n<p>&nbsp;<\/p>\n<p><img data-recalc-dims=\"1\" loading=\"lazy\" decoding=\"async\" class=\"size-full wp-image-83478 aligncenter\" src=\"https:\/\/i0.wp.com\/cdnoticias.com\/wp-content\/uploads\/2023\/04\/Junta-Promotora-Eduardo-intendente-1.jpg?resize=800%2C500&#038;ssl=1\" alt=\"\" width=\"800\" height=\"500\" srcset=\"https:\/\/i0.wp.com\/cdnoticias.com\/wp-content\/uploads\/2023\/04\/Junta-Promotora-Eduardo-intendente-1.jpg?w=800&amp;ssl=1 800w, https:\/\/i0.wp.com\/cdnoticias.com\/wp-content\/uploads\/2023\/04\/Junta-Promotora-Eduardo-intendente-1.jpg?resize=300%2C188&amp;ssl=1 300w, https:\/\/i0.wp.com\/cdnoticias.com\/wp-content\/uploads\/2023\/04\/Junta-Promotora-Eduardo-intendente-1.jpg?resize=768%2C480&amp;ssl=1 768w\" sizes=\"auto, (max-width: 800px) 100vw, 800px\" \/><\/p>\n<p>&nbsp;<\/p>\n<p>&#8211;<em>Hay un tema que vos soles plantear, la recolecci\u00f3n de residuos y lo que implica para el presupuesto municipal. \u00bfTen\u00e9s un proyecto o visi\u00f3n sobre el tema para contarle al electorado?<\/em><\/p>\n<p>&nbsp;<\/p>\n<p>Ha pasado una cosa grave en este tema y que es que <strong>el principal contrato que tiene el municipio, el de Malvinas por 1.800 millones de pesos en el a\u00f1o, no tuvo tratamiento en el Concejo Deliberante<\/strong>. Yo creo que eso debi\u00f3 haber tenido un tratamiento previo como se hizo con el transporte p\u00fablico, para establecer las condiciones del nuevo servicio porque no debe ser el mismo servicio que el que ten\u00edamos planteado para adelante. \u00bfQu\u00e9 garantiza discutirlo en el Concejo Deliberante? Que la fuerza pol\u00edtica que pueden alternar o tener alternancia en el gobierno municipal, pueda ser parte de la discusi\u00f3n. En un servicio con un contrato a 12 a\u00f1os con lo cual excede este mandato y el mandato de los pr\u00f3ximos dos intendentes. A eso sumale que <strong>el costo del servicio es alt\u00edsimo<\/strong>. Todo lo que se recauda por la Tasa de Servicios Urbanos no alcanza para financiar solamente ese contrato. Esa discusi\u00f3n no existi\u00f3.<\/p>\n<p>&nbsp;<\/p>\n<p><strong>Lo que es m\u00e1s grave, es que despu\u00e9s de la licitaci\u00f3n se firm\u00f3 el contrato sin pasar por el HCD<\/strong> y debiera haber pasado porque esa licitaci\u00f3n fue de \u00fanico oferente, porque entiendo que hab\u00eda una oferta m\u00e1s que se descalific\u00f3. Entonces termin\u00f3 siendo una licitaci\u00f3n de \u00fanico oferente y tiene obligaci\u00f3n de pasar por el HCD.<\/p>\n<p>&nbsp;<\/p>\n<p>Lo que yo discuto tambi\u00e9n de ese contrato es que <strong>estamos ofreciendo un servicio que es el mismo servicio en materia de tratamiento de residuos y disposici\u00f3n final, que lo que fue digamos revolucionario cuando dejamos de tener el basural a cielo abierto<\/strong> y que don Helios construy\u00f3 el relleno sanitario. Seguimos teniendo ese servicio. Hay ejemplos de otras ciudades obviamente que han avanzado a la separaci\u00f3n en origen, al tratamiento, al reciclado. Todo eso que <strong>se intenta hacer desde una Secretar\u00eda de Desarrollo Econ\u00f3mico, que viene lent\u00edsimo<\/strong> y que uno nunca sabe cu\u00e1ndo va a avanzar. Es un debate que me parece que es de los m\u00e1s interesantes que ten\u00eda para dar el Municipio. Creo que no se atrevi\u00f3 a darlo de cara al vecino de la de la ciudad. Me pareci\u00f3 muy poco transparente.<\/p>\n<p>&nbsp;<\/p>\n<p><em>-\u00bfTen\u00e9s una propuesta para ese tema? Ya con el contrato firmado y en marcha para los siguientes a\u00f1os.<\/em><\/p>\n<p>&nbsp;<\/p>\n<blockquote><p>Hoy est\u00e1 el contrato firmado. Pero creo que hay que buscar los mecanismos legales para plantear una revisi\u00f3n de ese contrato. Si es posible sentarnos inclusive con la empresa y de cara a la sociedad de revisar esa situaci\u00f3n.<\/p><\/blockquote>\n<p>&nbsp;<\/p>\n<p><img data-recalc-dims=\"1\" loading=\"lazy\" decoding=\"async\" class=\"size-large wp-image-84147 aligncenter\" src=\"https:\/\/i0.wp.com\/cdnoticias.com\/wp-content\/uploads\/2023\/05\/eduardo-rodriguez-02.jpg?resize=800%2C445&#038;ssl=1\" alt=\"\" width=\"800\" height=\"445\" srcset=\"https:\/\/i0.wp.com\/cdnoticias.com\/wp-content\/uploads\/2023\/05\/eduardo-rodriguez-02-scaled.jpg?resize=1024%2C570&amp;ssl=1 1024w, https:\/\/i0.wp.com\/cdnoticias.com\/wp-content\/uploads\/2023\/05\/eduardo-rodriguez-02-scaled.jpg?resize=300%2C167&amp;ssl=1 300w, https:\/\/i0.wp.com\/cdnoticias.com\/wp-content\/uploads\/2023\/05\/eduardo-rodriguez-02-scaled.jpg?resize=768%2C427&amp;ssl=1 768w, https:\/\/i0.wp.com\/cdnoticias.com\/wp-content\/uploads\/2023\/05\/eduardo-rodriguez-02-scaled.jpg?resize=1536%2C854&amp;ssl=1 1536w, https:\/\/i0.wp.com\/cdnoticias.com\/wp-content\/uploads\/2023\/05\/eduardo-rodriguez-02-scaled.jpg?resize=2048%2C1139&amp;ssl=1 2048w, https:\/\/i0.wp.com\/cdnoticias.com\/wp-content\/uploads\/2023\/05\/eduardo-rodriguez-02-scaled.jpg?resize=800%2C445&amp;ssl=1 800w, https:\/\/i0.wp.com\/cdnoticias.com\/wp-content\/uploads\/2023\/05\/eduardo-rodriguez-02-scaled.jpg?w=1600&amp;ssl=1 1600w, https:\/\/i0.wp.com\/cdnoticias.com\/wp-content\/uploads\/2023\/05\/eduardo-rodriguez-02-scaled.jpg?w=2400&amp;ssl=1 2400w\" sizes=\"auto, (max-width: 800px) 100vw, 800px\" \/><\/p>\n<p>&nbsp;<\/p>\n<p><em>-En el \u00e1rea de cultura, \u00bfc\u00f3mo ves la gesti\u00f3n en la actualidad y cu\u00e1l ser\u00e1 tu impronta para proponer?<\/em><\/p>\n<p>&nbsp;<\/p>\n<p><strong>La gesti\u00f3n cultural ha perdido la centralidad que tuvo por muchos a\u00f1os en Olavarr\u00eda<\/strong>. Creo que en la visi\u00f3n del intendente no ha habido esta idea de lo que implica la cultura para el desarrollo de una ciudad. Me parece que ha sido muy err\u00e1tica en la elecci\u00f3n de los funcionarios.<\/p>\n<p>&nbsp;<\/p>\n<p>Sobre todo, desgraciadamente, <strong>los olavarrienses hemos perdido un mont\u00f3n de manifestaciones que se ven\u00edan dando en la ciudad<\/strong> que eran muy importantes. Muestras, ferias, encuentros, gestiones de espacios que hab\u00edan ocupado un lugar en la ciudad como la gesti\u00f3n del centro cultural y de los museos en las localidades. Para m\u00ed tiene que volver a tener centralidad.<\/p>\n<p>&nbsp;<\/p>\n<p>La cultura no es solo el disfrute de una manifestaci\u00f3n cultural sino que genera identidad, un mont\u00f3n de cosas importantes para el poder simb\u00f3lico que tiene que ejercerse en una ciudad. Tiene que tener centralidad, gesti\u00f3n y asignaci\u00f3n presupuestaria que es lo que no ha habido. La verdad que <strong>muchas veces no se ha discutido en detalle la gesti\u00f3n municipal en el \u00e1rea de cultura, pero hemos tenido p\u00e9rdidas importantes que son irreparables<\/strong> y hay que reconstruir.<\/p>\n<p>&nbsp;<\/p>\n<blockquote class=\"wp-embedded-content\" data-secret=\"SAUd7cEJ40\"><p><a href=\"https:\/\/cdnoticias.com\/index.php\/2023\/05\/06\/el-clima-de-campana-la-gente-esta-muy-cansada-de-la-falta-de-respuestas-en-temas-centrales\/\">El clima de campa\u00f1a: \u201cLa gente est\u00e1 muy cansada de la falta de respuestas en temas centrales\u201d<\/a><\/p><\/blockquote>\n<p><iframe loading=\"lazy\" class=\"wp-embedded-content\" sandbox=\"allow-scripts\" security=\"restricted\" style=\"position: absolute; clip: rect(1px, 1px, 1px, 1px);\" title=\"&#8220;El clima de campa\u00f1a: \u201cLa gente est\u00e1 muy cansada de la falta de respuestas en temas centrales\u201d&#8221; &#8212; Central de Noticias | Olavarr\u00eda\" src=\"https:\/\/cdnoticias.com\/index.php\/2023\/05\/06\/el-clima-de-campana-la-gente-esta-muy-cansada-de-la-falta-de-respuestas-en-temas-centrales\/embed\/#?secret=BaHW9u3Kkn#?secret=SAUd7cEJ40\" data-secret=\"SAUd7cEJ40\" width=\"600\" height=\"338\" frameborder=\"0\" marginwidth=\"0\" marginheight=\"0\" scrolling=\"no\"><\/iframe><\/p>\n<p>&nbsp;<\/p>\n<p>&nbsp;<\/p>\n","protected":false},"excerpt":{"rendered":"<p>Eduardo Rodr\u00edguez present\u00f3 sus propuestas y su visi\u00f3n: \u201cme parece que Olavarr\u00eda necesita una agenda de futuro\u201d. Las PASO en<\/p>\n","protected":false},"author":4,"featured_media":84146,"comment_status":"closed","ping_status":"closed","sticky":false,"template":"","format":"standard","meta":{"_jetpack_memberships_contains_paid_content":false,"footnotes":""},"categories":[4,1],"tags":[],"class_list":["post-84306","post","type-post","status-publish","format-standard","has-post-thumbnail","hentry","category-politica","category-portada"],"jetpack_featured_media_url":"https:\/\/i0.wp.com\/cdnoticias.com\/wp-content\/uploads\/2023\/05\/eduardo-rodriguez-01-scaled.jpg?fit=2560%2C1424&ssl=1","jetpack_sharing_enabled":true,"_links":{"self":[{"href":"https:\/\/cdnoticias.com\/index.php\/wp-json\/wp\/v2\/posts\/84306","targetHints":{"allow":["GET"]}}],"collection":[{"href":"https:\/\/cdnoticias.com\/index.php\/wp-json\/wp\/v2\/posts"}],"about":[{"href":"https:\/\/cdnoticias.com\/index.php\/wp-json\/wp\/v2\/types\/post"}],"author":[{"embeddable":true,"href":"https:\/\/cdnoticias.com\/index.php\/wp-json\/wp\/v2\/users\/4"}],"replies":[{"embeddable":true,"href":"https:\/\/cdnoticias.com\/index.php\/wp-json\/wp\/v2\/comments?post=84306"}],"version-history":[{"count":0,"href":"https:\/\/cdnoticias.com\/index.php\/wp-json\/wp\/v2\/posts\/84306\/revisions"}],"wp:featuredmedia":[{"embeddable":true,"href":"https:\/\/cdnoticias.com\/index.php\/wp-json\/wp\/v2\/media\/84146"}],"wp:attachment":[{"href":"https:\/\/cdnoticias.com\/index.php\/wp-json\/wp\/v2\/media?parent=84306"}],"wp:term":[{"taxonomy":"category","embeddable":true,"href":"https:\/\/cdnoticias.com\/index.php\/wp-json\/wp\/v2\/categories?post=84306"},{"taxonomy":"post_tag","embeddable":true,"href":"https:\/\/cdnoticias.com\/index.php\/wp-json\/wp\/v2\/tags?post=84306"}],"curies":[{"name":"wp","href":"https:\/\/api.w.org\/{rel}","templated":true}]}}