{"id":84304,"date":"2023-05-06T21:51:40","date_gmt":"2023-05-07T00:51:40","guid":{"rendered":"https:\/\/www.centraldenoticias.com.ar\/?p=84304"},"modified":"2023-05-06T22:10:30","modified_gmt":"2023-05-07T01:10:30","slug":"el-clima-de-campana-la-gente-esta-muy-cansada-de-la-falta-de-respuestas-en-temas-centrales","status":"publish","type":"post","link":"https:\/\/cdnoticias.com\/index.php\/2023\/05\/06\/el-clima-de-campana-la-gente-esta-muy-cansada-de-la-falta-de-respuestas-en-temas-centrales\/","title":{"rendered":"El clima de campa\u00f1a: \u201cLa gente est\u00e1 muy cansada de la falta de respuestas en temas centrales\u201d"},"content":{"rendered":"<p>Eduardo Rodr\u00edguez respondi\u00f3 sobre el contexto en que se da la presentaci\u00f3n de propuestas de cara al electorado. Las Primarias en el Frente de Todos y el lugar de Massa: \u201choy est\u00e1 muy concentrado en la econom\u00eda\u201d.<\/p>\n<p><!--more--><\/p>\n<hr \/>\n<p><strong>Eduardo Rodr\u00edguez<\/strong> <a href=\"https:\/\/cdnoticias.com\/index.php\/2023\/05\/06\/hay-que-volver-a-la-austeridad-de-gestion-y-poner-en-eje-la-dedicacion-de-los-funcionarios\/\" target=\"_blank\" rel=\"noopener\">tambi\u00e9n respondi\u00f3 a <strong>Central de Noticias<\/strong><\/a> sobre contexto en que se da la presentaci\u00f3n de propuestas de cara al electorado. Las Primarias en el Frente de Todos y el lugar de Sergio Massa.<\/p>\n<p>&nbsp;<\/p>\n<p>&#8211;<em>\u00bfHay un clima hostil para la campa\u00f1a? Hubo declaraciones en el \u00faltimo tiempo un poco subidas de tono, \u00bfeso adelanta el clima?<\/em><\/p>\n<p>&nbsp;<\/p>\n<blockquote><p>Hay un clima, no s\u00e9 si hostil. Hay un clima de cansancio de la gente, de hartazgo cuando uno sale. Uno habla con los vecinos. Por suerte en Olavarr\u00eda tenemos esto de sostener las relaciones de vecindad y de que todos nos conocemos, que compartimos lugares comunes de nuestra vida comunitaria. Pero todo el tiempo la gente est\u00e1 muy cansada de la falta de respuestas en temas centrales. Esa autocr\u00edtica de la gesti\u00f3n, no solo de nuestro espacio, sino de la otra coalici\u00f3n que le ha tocado gobernar, eso explica tambi\u00e9n la aparici\u00f3n de fen\u00f3menos como el caso de Milei, que creo y espero que al momento de votar tambi\u00e9n haya una reflexi\u00f3n porque lo que hoy se juega es una elecci\u00f3n ejecutiva en cada nivel.<\/p><\/blockquote>\n<p>&nbsp;<\/p>\n<p><em>-\u00bfCon cu\u00e1ntos precandidatos te va a tocar competir en las PASO?<\/em><\/p>\n<p>&nbsp;<\/p>\n<p>Eso no es una decisi\u00f3n que yo tome. <strong>Nosotros hemos tomado la decisi\u00f3n de competir y ojal\u00e1 que esa posibilidad la tengamos<\/strong>. Tambi\u00e9n lo dije cuando anunci\u00e9 la precandidatura, que si nos toca encabezar vamos a convocar a todos, no solo a la gente de nuestro espacio.\u00a0Creo que tambi\u00e9n en un \u00e1mbito como el municipio de Olavarr\u00eda<strong> hay que convocar a los mejores para la gesti\u00f3n y no importa si esas personas adhieren a otro espacio pol\u00edtico<\/strong>. Olavarr\u00eda tiene la particularidad de que en la planta de funcionarios pol\u00edticos hay muchos cargos que son t\u00e9cnicos. Hay que designar al director de bromatolog\u00eda, de obras particulares, de catastro. Son cargos pol\u00edticos, pero en realidad son cargos t\u00e9cnicos y no hay muchos profesionales preparados para la gesti\u00f3n p\u00fablica. Uno tiene que convocar a aquella gente que m\u00e1s all\u00e1 de las ideas partidarias, que est\u00e9 formada y que tenga vocaci\u00f3n en la gesti\u00f3n p\u00fablica.\u00a0<strong>Y, tambi\u00e9n lo dije, si me toca perder y acompa\u00f1ar\u00e9<\/strong>. Como ya he acompa\u00f1ado en 2019 y 2021.<\/p>\n<p>&nbsp;<\/p>\n<p><img data-recalc-dims=\"1\" loading=\"lazy\" decoding=\"async\" class=\"size-full wp-image-717 aligncenter\" src=\"https:\/\/i0.wp.com\/cdnoticias.com\/wp-content\/uploads\/2020\/09\/ConSergioMassa.jpg?resize=800%2C450&#038;ssl=1\" alt=\"\" width=\"800\" height=\"450\" srcset=\"https:\/\/i0.wp.com\/cdnoticias.com\/wp-content\/uploads\/2020\/09\/ConSergioMassa.jpg?w=800&amp;ssl=1 800w, https:\/\/i0.wp.com\/cdnoticias.com\/wp-content\/uploads\/2020\/09\/ConSergioMassa.jpg?resize=300%2C169&amp;ssl=1 300w, https:\/\/i0.wp.com\/cdnoticias.com\/wp-content\/uploads\/2020\/09\/ConSergioMassa.jpg?resize=768%2C432&amp;ssl=1 768w\" sizes=\"auto, (max-width: 800px) 100vw, 800px\" \/><\/p>\n<p>&nbsp;<\/p>\n<p>&#8211;<em>Dijiste que Sergio Massa est\u00e1 al tanto del accionar en Olavarr\u00eda y es su decisi\u00f3n para la provincia. \u00bfSe va a repetir en todos los distritos este tipo de PASO? \u00bfMassa lo va a hacer en forma personal?<\/em><\/p>\n<p>&nbsp;<\/p>\n<p><strong>Lo de Sergio es una decisi\u00f3n que tomar\u00e1 \u00e9l<\/strong>.<strong> Hoy est\u00e1 muy concentrado en la econom\u00eda<\/strong>. Ha hecho una gran contribuci\u00f3n al FDT trabajando desde el lugar que ocup\u00f3 cuando fue presidente de la C\u00e1mara de Diputados, tratando de sacar las leyes que necesitaba el gobierno nacional y sobre todo manteniendo la unidad del espacio de la coalici\u00f3n gobernante. Y en agosto del a\u00f1o pasado <strong>decidi\u00f3 asumir un desaf\u00edo en un momento complicado del gobierno<\/strong>, hab\u00eda una situaci\u00f3n de debilidad y todos saben que fue una decisi\u00f3n que no muchos dirigentes tomar\u00edan de hacerse cargo del Ministerio de Econom\u00eda. Sergio lo hizo, se dedic\u00f3 y se concentr\u00f3 en esa gesti\u00f3n. <strong>Creo que ha tenido logros importantes<\/strong>, sobre todo en el frente externo y en la actividad industrial, en el empleo. <strong>Obviamente hay asignaciones pendientes<\/strong> como son la inflaci\u00f3n y lo que conocemos. Pero es una decisi\u00f3n que tomar\u00e1 \u00e9l qu\u00e9 lugar ocupar\u00e1 las pr\u00f3ximas elecciones.<\/p>\n<p>&nbsp;<\/p>\n<blockquote><p>Sobre las situaciones en el interior, en aquellas ciudades donde el FDT no es gobierno se puede dar este marco de abrir una PASO dentro del marco de la unidad.<\/p><\/blockquote>\n<p>&nbsp;<\/p>\n<p><em>&#8211; \u00bfCon qu\u00e9 objetivo?<\/em><\/p>\n<p>&nbsp;<\/p>\n<p>Para que justamente en una sana competencia podamos tener un crecimiento de representaci\u00f3n del espacio del FDT. Nosotros creo que tenemos la inteligencia de haber construido una relaci\u00f3n desde el 2019. En Olavarr\u00eda saben que yo acompa\u00f1e en 2019, en 2021, y que si me toca hacerlo desde el lugar que me den los vecinos en esta elecci\u00f3n lo voy a hacer. <strong>Creo que esa sana competencia es la que va a generar tambi\u00e9n que haya un crecimiento del FDT<\/strong>\u00a0en esta idea de aportar en la unidad desde la diversidad de cada uno.<\/p>\n<p>&nbsp;<\/p>\n<blockquote class=\"wp-embedded-content\" data-secret=\"rlj5Lj8LAY\"><p><a href=\"https:\/\/cdnoticias.com\/index.php\/2023\/05\/06\/hay-que-volver-a-la-austeridad-de-gestion-y-poner-en-eje-la-dedicacion-de-los-funcionarios\/\">\u201cHay que volver a la austeridad de gesti\u00f3n y poner en eje la dedicaci\u00f3n de los funcionarios\u201d<\/a><\/p><\/blockquote>\n<p><iframe loading=\"lazy\" class=\"wp-embedded-content\" sandbox=\"allow-scripts\" security=\"restricted\" style=\"position: absolute; clip: rect(1px, 1px, 1px, 1px);\" title=\"&#8220;\u201cHay que volver a la austeridad de gesti\u00f3n y poner en eje la dedicaci\u00f3n de los funcionarios\u201d&#8221; &#8212; Central de Noticias | Olavarr\u00eda\" src=\"https:\/\/cdnoticias.com\/index.php\/2023\/05\/06\/hay-que-volver-a-la-austeridad-de-gestion-y-poner-en-eje-la-dedicacion-de-los-funcionarios\/embed\/#?secret=NTtjFS4e1M#?secret=rlj5Lj8LAY\" data-secret=\"rlj5Lj8LAY\" width=\"600\" height=\"338\" frameborder=\"0\" marginwidth=\"0\" marginheight=\"0\" scrolling=\"no\"><\/iframe><\/p>\n<p>&nbsp;<\/p>\n","protected":false},"excerpt":{"rendered":"<p>Eduardo Rodr\u00edguez respondi\u00f3 sobre el contexto en que se da la presentaci\u00f3n de propuestas de cara al electorado. Las Primarias<\/p>\n","protected":false},"author":4,"featured_media":84150,"comment_status":"closed","ping_status":"closed","sticky":false,"template":"","format":"standard","meta":{"_jetpack_memberships_contains_paid_content":false,"footnotes":""},"categories":[4,1],"tags":[],"class_list":["post-84304","post","type-post","status-publish","format-standard","has-post-thumbnail","hentry","category-politica","category-portada"],"jetpack_featured_media_url":"https:\/\/i0.wp.com\/cdnoticias.com\/wp-content\/uploads\/2023\/05\/eduardo-rodriguez-05-scaled.jpg?fit=2560%2C1424&ssl=1","jetpack_sharing_enabled":true,"_links":{"self":[{"href":"https:\/\/cdnoticias.com\/index.php\/wp-json\/wp\/v2\/posts\/84304","targetHints":{"allow":["GET"]}}],"collection":[{"href":"https:\/\/cdnoticias.com\/index.php\/wp-json\/wp\/v2\/posts"}],"about":[{"href":"https:\/\/cdnoticias.com\/index.php\/wp-json\/wp\/v2\/types\/post"}],"author":[{"embeddable":true,"href":"https:\/\/cdnoticias.com\/index.php\/wp-json\/wp\/v2\/users\/4"}],"replies":[{"embeddable":true,"href":"https:\/\/cdnoticias.com\/index.php\/wp-json\/wp\/v2\/comments?post=84304"}],"version-history":[{"count":0,"href":"https:\/\/cdnoticias.com\/index.php\/wp-json\/wp\/v2\/posts\/84304\/revisions"}],"wp:featuredmedia":[{"embeddable":true,"href":"https:\/\/cdnoticias.com\/index.php\/wp-json\/wp\/v2\/media\/84150"}],"wp:attachment":[{"href":"https:\/\/cdnoticias.com\/index.php\/wp-json\/wp\/v2\/media?parent=84304"}],"wp:term":[{"taxonomy":"category","embeddable":true,"href":"https:\/\/cdnoticias.com\/index.php\/wp-json\/wp\/v2\/categories?post=84304"},{"taxonomy":"post_tag","embeddable":true,"href":"https:\/\/cdnoticias.com\/index.php\/wp-json\/wp\/v2\/tags?post=84304"}],"curies":[{"name":"wp","href":"https:\/\/api.w.org\/{rel}","templated":true}]}}