{"id":84302,"date":"2023-05-07T09:04:31","date_gmt":"2023-05-07T12:04:31","guid":{"rendered":"https:\/\/www.centraldenoticias.com.ar\/?p=84302"},"modified":"2023-05-07T09:04:31","modified_gmt":"2023-05-07T12:04:31","slug":"chamula-realiza-una-feria-para-continuar-con-mejoras-del-espacio","status":"publish","type":"post","link":"https:\/\/cdnoticias.com\/index.php\/2023\/05\/07\/chamula-realiza-una-feria-para-continuar-con-mejoras-del-espacio\/","title":{"rendered":"Chamula realiza una feria para continuar con mejoras del espacio"},"content":{"rendered":"<p>Ser\u00e1 este domingo 7 de mayo a partir de las 10:00. Adem\u00e1s habr\u00e1 un almuerzo y se recibir\u00e1n donaciones. <!--more--><\/p>\n<hr \/>\n<p>Este <strong>domingo 7 de mayo<\/strong> <strong>a partir de las 10:00<\/strong> se llevar\u00e1 a cabo una jornada con el fin de continuar con las<strong> mejoras del espacio Chamula Tierra de las Artes.<\/strong><\/p>\n<p>&nbsp;<\/p>\n<p><em>&#8220;Ordenar, pintar y remover cosas. Un tiempo de compartir y celebrar el arte y el espacio independiente<\/em>&#8221; se\u00f1alaron.<\/p>\n<p>&nbsp;<\/p>\n<p>En esta jornada <strong>se exhibir\u00e1n las cosas que ya no se usar\u00e1n<\/strong>, para que a modo de <em><strong>\u201cferia de garaje\u201d<\/strong><\/em> las personas que se acerquen adquieran lo que les interesa por una<strong> colaboraci\u00f3n que ser\u00e1 destinada para la compra de pintura y mantenimiento del lugar.<\/strong><\/p>\n<p>&nbsp;<\/p>\n<p>La actividad es <strong>abierta a toda la comunidad<\/strong> y tambi\u00e9n se realizar\u00e1 un almuerzo. &#8220;Como siempre las donaciones son bienvenidas y tambi\u00e9n aquellas personas que deseen pueden colaborar como socios del espacio con el aporte que desean&#8221; cerraron.<\/p>\n","protected":false},"excerpt":{"rendered":"<p>Ser\u00e1 este domingo 7 de mayo a partir de las 10:00. Adem\u00e1s habr\u00e1 un almuerzo y se recibir\u00e1n donaciones.<\/p>\n","protected":false},"author":6,"featured_media":1370,"comment_status":"closed","ping_status":"closed","sticky":false,"template":"","format":"standard","meta":{"_jetpack_memberships_contains_paid_content":false,"footnotes":""},"categories":[9,1],"tags":[],"class_list":["post-84302","post","type-post","status-publish","format-standard","has-post-thumbnail","hentry","category-cultura","category-portada"],"jetpack_featured_media_url":"https:\/\/i0.wp.com\/cdnoticias.com\/wp-content\/uploads\/2020\/09\/Chamula4.jpg?fit=4608%2C3072&ssl=1","jetpack_sharing_enabled":true,"_links":{"self":[{"href":"https:\/\/cdnoticias.com\/index.php\/wp-json\/wp\/v2\/posts\/84302","targetHints":{"allow":["GET"]}}],"collection":[{"href":"https:\/\/cdnoticias.com\/index.php\/wp-json\/wp\/v2\/posts"}],"about":[{"href":"https:\/\/cdnoticias.com\/index.php\/wp-json\/wp\/v2\/types\/post"}],"author":[{"embeddable":true,"href":"https:\/\/cdnoticias.com\/index.php\/wp-json\/wp\/v2\/users\/6"}],"replies":[{"embeddable":true,"href":"https:\/\/cdnoticias.com\/index.php\/wp-json\/wp\/v2\/comments?post=84302"}],"version-history":[{"count":0,"href":"https:\/\/cdnoticias.com\/index.php\/wp-json\/wp\/v2\/posts\/84302\/revisions"}],"wp:featuredmedia":[{"embeddable":true,"href":"https:\/\/cdnoticias.com\/index.php\/wp-json\/wp\/v2\/media\/1370"}],"wp:attachment":[{"href":"https:\/\/cdnoticias.com\/index.php\/wp-json\/wp\/v2\/media?parent=84302"}],"wp:term":[{"taxonomy":"category","embeddable":true,"href":"https:\/\/cdnoticias.com\/index.php\/wp-json\/wp\/v2\/categories?post=84302"},{"taxonomy":"post_tag","embeddable":true,"href":"https:\/\/cdnoticias.com\/index.php\/wp-json\/wp\/v2\/tags?post=84302"}],"curies":[{"name":"wp","href":"https:\/\/api.w.org\/{rel}","templated":true}]}}