{"id":843,"date":"2020-09-05T10:44:16","date_gmt":"2020-09-05T13:44:16","guid":{"rendered":"http:\/\/www.centraldenoticias.com.ar\/?p=843"},"modified":"2020-09-05T14:05:50","modified_gmt":"2020-09-05T17:05:50","slug":"un-hombre-de-81-anos-murio-por-covid-19-en-olavarria","status":"publish","type":"post","link":"https:\/\/cdnoticias.com\/index.php\/2020\/09\/05\/un-hombre-de-81-anos-murio-por-covid-19-en-olavarria\/","title":{"rendered":"Un hombre de 81 a\u00f1os muri\u00f3 por COVID-19 en Olavarr\u00eda"},"content":{"rendered":"<p>La noticia se confirm\u00f3 en la ma\u00f1ana de este s\u00e1bado por autoridades municipales. De esta forma, son 15 las personas fallecidas desde el inicio de la pandemia. Hab\u00eda ingresado a la guardia horas antes del fallecimiento y presentaba comorbilidades previas.<!--more--><\/p>\n<hr \/>\n<p>En la jornada de este s\u00e1bado, <strong>un hombre de 81 a\u00f1os muri\u00f3 tras haber contra\u00eddo COVID-19 en nuestra ciudad.<\/strong> Ten\u00eda 81 a\u00f1os y un historial de comorbilidades previas.<\/p>\n<p>&nbsp;<\/p>\n<p>Seg\u00fan confirm\u00f3 la comuna, <strong>el paciente ingres\u00f3 en la guardia del Hospital \u201cH\u00e9ctor Cura\u201d horas antes de su fallecimiento.<\/strong> Entretanto, se confirm\u00f3 que dio positivo de coronavirus.<\/p>\n<p>&nbsp;<\/p>\n<blockquote><p>Actualmente, son cinco las personas internadas en Terapia Intensiva (tres de la localidad de Laprida) y once en cl\u00ednica Covid en \u201cbuen estado general\u201d.<\/p><\/blockquote>\n<p>&nbsp;<\/p>\n<p>La comuna, encabezada por el intendente Ezequiel Galli, enviaron condolencias a los familiares y amigos del hombre fallecido.<\/p>\n","protected":false},"excerpt":{"rendered":"<p>La noticia se confirm\u00f3 en la ma\u00f1ana de este s\u00e1bado por autoridades municipales. De esta forma, son 15 las personas<\/p>\n","protected":false},"author":2,"featured_media":509,"comment_status":"closed","ping_status":"closed","sticky":false,"template":"","format":"standard","meta":{"_jetpack_memberships_contains_paid_content":false,"footnotes":""},"categories":[5,1],"tags":[],"class_list":["post-843","post","type-post","status-publish","format-standard","has-post-thumbnail","hentry","category-informacion-general","category-portada"],"jetpack_featured_media_url":"https:\/\/i0.wp.com\/cdnoticias.com\/wp-content\/uploads\/2020\/09\/HospitalMunicipal.jpg?fit=4608%2C3072&ssl=1","jetpack_sharing_enabled":true,"_links":{"self":[{"href":"https:\/\/cdnoticias.com\/index.php\/wp-json\/wp\/v2\/posts\/843","targetHints":{"allow":["GET"]}}],"collection":[{"href":"https:\/\/cdnoticias.com\/index.php\/wp-json\/wp\/v2\/posts"}],"about":[{"href":"https:\/\/cdnoticias.com\/index.php\/wp-json\/wp\/v2\/types\/post"}],"author":[{"embeddable":true,"href":"https:\/\/cdnoticias.com\/index.php\/wp-json\/wp\/v2\/users\/2"}],"replies":[{"embeddable":true,"href":"https:\/\/cdnoticias.com\/index.php\/wp-json\/wp\/v2\/comments?post=843"}],"version-history":[{"count":0,"href":"https:\/\/cdnoticias.com\/index.php\/wp-json\/wp\/v2\/posts\/843\/revisions"}],"wp:featuredmedia":[{"embeddable":true,"href":"https:\/\/cdnoticias.com\/index.php\/wp-json\/wp\/v2\/media\/509"}],"wp:attachment":[{"href":"https:\/\/cdnoticias.com\/index.php\/wp-json\/wp\/v2\/media?parent=843"}],"wp:term":[{"taxonomy":"category","embeddable":true,"href":"https:\/\/cdnoticias.com\/index.php\/wp-json\/wp\/v2\/categories?post=843"},{"taxonomy":"post_tag","embeddable":true,"href":"https:\/\/cdnoticias.com\/index.php\/wp-json\/wp\/v2\/tags?post=843"}],"curies":[{"name":"wp","href":"https:\/\/api.w.org\/{rel}","templated":true}]}}