{"id":84267,"date":"2023-05-06T19:33:55","date_gmt":"2023-05-06T22:33:55","guid":{"rendered":"https:\/\/www.centraldenoticias.com.ar\/?p=84267"},"modified":"2023-05-06T19:33:55","modified_gmt":"2023-05-06T22:33:55","slug":"miles-de-familias-mantienen-la-angustia-de-no-tener-su-casa-propia","status":"publish","type":"post","link":"https:\/\/cdnoticias.com\/index.php\/2023\/05\/06\/miles-de-familias-mantienen-la-angustia-de-no-tener-su-casa-propia\/","title":{"rendered":"&#8220;Miles de familias mantienen la angustia de no tener su casa propia&#8221;"},"content":{"rendered":"<p>El precandidato a Intendente, Hern\u00e1n Parra volvi\u00f3 a hablar sobre las viviendas a trav\u00e9s de un video en redes sociales. &#8220;Seguimos escuchando y tomando los reclamos m\u00e1s importantes de todos los barrios&#8221; agreg\u00f3. <!--more--><\/p>\n<hr \/>\n<p>El precandidato a Intendente, <strong>Hern\u00e1n Parra<\/strong>, volvi\u00f3 a hablar sobre las viviendas a trav\u00e9s de un video en redes sociales donde expres\u00f3 que <em><strong>&#8220;la gesti\u00f3n en materia de viviendas ha sido paup\u00e9rrima. Las viviendas que se terminaron eran de la gesti\u00f3n anterior al 2015 y las Tuvi que se hicieron fueron de mala calidad y escasas&#8221;.<\/strong><\/em><\/p>\n<p>&nbsp;<\/p>\n<p>Adem\u00e1s, Parra agreg\u00f3 que &#8220;<strong>mientras tanto, miles de familias mantienen la angustia de no tener su casa propia<\/strong>, cuando tendr\u00edan la posibilidad de pagar una cuota en lugar de un alquiler&#8221;. &#8220;Nadie quiere regalos sino pagar su vivienda\u201d se\u00f1al\u00f3 Parra a la par que mencion\u00f3 \u201cun proyecto serio\u201d para que esto sea posible.<\/p>\n<p>&nbsp;<\/p>\n<p>Por otra parte, se refiri\u00f3 al reclamo que hizo en sus redes sociales hace 4 meses en el barrio Pickelado, en torno a la se\u00f1alizaci\u00f3n de las calles: &#8220;<em><strong>Los vecinos me manifestaron que durante a\u00f1os lo reclamaron. Lo hice p\u00fablico en mis redes y la gesti\u00f3n de Galli lo coloc\u00f3, cuatro meses despu\u00e9s&#8221;.<\/strong><\/em><\/p>\n<p>&nbsp;<\/p>\n<p><em>&#8220;La renovaci\u00f3n de carteler\u00eda urbana es un tema importante para los vecinos, para mejorar el tr\u00e1nsito y desplazamiento de todos los barrios&#8221;<\/em> cerr\u00f3 Parra.<\/p>\n<p>&nbsp;<\/p>\n","protected":false},"excerpt":{"rendered":"<p>El precandidato a Intendente, Hern\u00e1n Parra volvi\u00f3 a hablar sobre las viviendas a trav\u00e9s de un video en redes sociales.<\/p>\n","protected":false},"author":6,"featured_media":84269,"comment_status":"closed","ping_status":"closed","sticky":false,"template":"","format":"standard","meta":{"_jetpack_memberships_contains_paid_content":false,"footnotes":""},"categories":[4,1],"tags":[],"class_list":["post-84267","post","type-post","status-publish","format-standard","has-post-thumbnail","hentry","category-politica","category-portada"],"jetpack_featured_media_url":"https:\/\/i0.wp.com\/cdnoticias.com\/wp-content\/uploads\/2023\/05\/WhatsApp-Image-2023-05-06-at-19.31.33.jpeg?fit=720%2C442&ssl=1","jetpack_sharing_enabled":true,"_links":{"self":[{"href":"https:\/\/cdnoticias.com\/index.php\/wp-json\/wp\/v2\/posts\/84267","targetHints":{"allow":["GET"]}}],"collection":[{"href":"https:\/\/cdnoticias.com\/index.php\/wp-json\/wp\/v2\/posts"}],"about":[{"href":"https:\/\/cdnoticias.com\/index.php\/wp-json\/wp\/v2\/types\/post"}],"author":[{"embeddable":true,"href":"https:\/\/cdnoticias.com\/index.php\/wp-json\/wp\/v2\/users\/6"}],"replies":[{"embeddable":true,"href":"https:\/\/cdnoticias.com\/index.php\/wp-json\/wp\/v2\/comments?post=84267"}],"version-history":[{"count":0,"href":"https:\/\/cdnoticias.com\/index.php\/wp-json\/wp\/v2\/posts\/84267\/revisions"}],"wp:featuredmedia":[{"embeddable":true,"href":"https:\/\/cdnoticias.com\/index.php\/wp-json\/wp\/v2\/media\/84269"}],"wp:attachment":[{"href":"https:\/\/cdnoticias.com\/index.php\/wp-json\/wp\/v2\/media?parent=84267"}],"wp:term":[{"taxonomy":"category","embeddable":true,"href":"https:\/\/cdnoticias.com\/index.php\/wp-json\/wp\/v2\/categories?post=84267"},{"taxonomy":"post_tag","embeddable":true,"href":"https:\/\/cdnoticias.com\/index.php\/wp-json\/wp\/v2\/tags?post=84267"}],"curies":[{"name":"wp","href":"https:\/\/api.w.org\/{rel}","templated":true}]}}