{"id":84241,"date":"2023-05-10T20:40:21","date_gmt":"2023-05-10T23:40:21","guid":{"rendered":"https:\/\/www.centraldenoticias.com.ar\/?p=84241"},"modified":"2023-05-11T18:29:08","modified_gmt":"2023-05-11T21:29:08","slug":"programa-nosotras-entre-ellas-han-podido-generar-un-espacio-de-sosten-colectivo","status":"publish","type":"post","link":"https:\/\/cdnoticias.com\/index.php\/2023\/05\/10\/programa-nosotras-entre-ellas-han-podido-generar-un-espacio-de-sosten-colectivo\/","title":{"rendered":"Programa Nosotras: &#8220;entre ellas han podido generar un espacio de sost\u00e9n colectivo&#8221;"},"content":{"rendered":"<p>Lo afirm\u00f3 la Directora de Pol\u00edticas de G\u00e9nero, Florencia Caro sobre el comienzo de la nueva etapa del proyecto. Adem\u00e1s se\u00f1al\u00f3 que &#8220;estamos trabajando en la formaci\u00f3n profesional para promover el ingreso a un empleo en el sector privado&#8221; y lament\u00f3 la agresi\u00f3n que ocurri\u00f3 semanas atr\u00e1s hacia las trabajadoras en la plaza central. <!--more--><\/p>\n<hr \/>\n<p>Esta semana comenz\u00f3 una <strong>nueva etapa del Programa &#8220;Nosotras&#8221;<\/strong> en el cual <strong>mujeres que hayan atravesado situaciones de violencia de g\u00e9nero<\/strong> tienen la posibilidad de<strong> acceso a un empleo<\/strong> realizando tareas de mantenimiento en espacios p\u00fablicos de la ciudad.<\/p>\n<p>&nbsp;<\/p>\n<p>El Proyecto &#8220;<em><strong>Nosotras<\/strong><\/em>&#8221; comenz\u00f3 su <strong>primera etapa el 22 de agosto del 2022, con 5 mujeres<\/strong>. La nueva etapa comenz\u00f3 esta semana y <strong>se sumaron al equipo 10 mujeres m\u00e1s, <\/strong>por lo que en este momento son <strong>15 las trabajadoras.<\/strong><\/p>\n<p>&nbsp;<\/p>\n<p><em><strong>Central de Noticias<\/strong> <\/em>dialog\u00f3 con <strong>Florencia Caro,<\/strong> Directora de Pol\u00edticas de G\u00e9nero, quien expres\u00f3 que &#8220;<em>el comienzo de la segunda etapa estuvo s\u00faper bien con mucha alegr\u00eda por parte de las trabajadoras. Comenzaron con tareas de mantenimiento, pintura de separadores, de conos de visibilidad y garitas de colectivo&#8221;.<\/em><\/p>\n<p>&nbsp;<\/p>\n<p><img data-recalc-dims=\"1\" loading=\"lazy\" decoding=\"async\" class=\"aligncenter wp-image-84242 size-full\" src=\"https:\/\/i0.wp.com\/cdnoticias.com\/wp-content\/uploads\/2023\/05\/DH-Presentacion-Programa-Nosotras-1-scaled-1-800x445-1.jpg?resize=800%2C445&#038;ssl=1\" alt=\"\" width=\"800\" height=\"445\" srcset=\"https:\/\/i0.wp.com\/cdnoticias.com\/wp-content\/uploads\/2023\/05\/DH-Presentacion-Programa-Nosotras-1-scaled-1-800x445-1.jpg?w=800&amp;ssl=1 800w, https:\/\/i0.wp.com\/cdnoticias.com\/wp-content\/uploads\/2023\/05\/DH-Presentacion-Programa-Nosotras-1-scaled-1-800x445-1.jpg?resize=300%2C167&amp;ssl=1 300w, https:\/\/i0.wp.com\/cdnoticias.com\/wp-content\/uploads\/2023\/05\/DH-Presentacion-Programa-Nosotras-1-scaled-1-800x445-1.jpg?resize=768%2C427&amp;ssl=1 768w\" sizes=\"auto, (max-width: 800px) 100vw, 800px\" \/><\/p>\n<p>&nbsp;<\/p>\n<p>A la par agreg\u00f3 que &#8220;est\u00e1n muy entusiasmadas, con una muy buena articulaci\u00f3n con las \u00e1reas en las que enlazamos que son Obras Publicas y Seguridad, adem\u00e1s de nuestro acompa\u00f1amiento.<strong> Est\u00e1n contentas por lo que implica empezar una actividad laboral&#8221;.<\/strong><\/p>\n<p>&nbsp;<\/p>\n<blockquote><p>Caro resalt\u00f3 que &#8220;ninguna mujer sali\u00f3 del Programa si no que se incorporaron dos nuevas cuadrillas, por lo tanto, ahora tenemos 15 mujeres trabajando. Una de las personas fue incluida a partir del acompa\u00f1amiento del \u00c1rea de Diversidad as\u00ed que podemos pensar en t\u00e9rminos de mujeres y disidencias y todas transitaron el \u00c1rea de Pol\u00edticas de G\u00e9nero&#8221;.<\/p><\/blockquote>\n<p>&nbsp;<\/p>\n<p><strong>Repudiar la violencia\u00a0<\/strong><\/p>\n<p>&nbsp;<\/p>\n<p>Hace varias semanas algunas trabajadoras del Programa <strong>recibieron una agresi\u00f3n en la plaza central<\/strong>, la cual fue <a href=\"https:\/\/cdnoticias.com\/index.php\/2023\/04\/12\/agredieron-a-trabajadoras-municipales-de-la-direccion-de-politicas-de-genero\/\" target=\"_blank\" rel=\"noopener\">repudiada por redes sociales.<\/a> Caro cont\u00f3 que &#8220;<em>fue por <strong>parte de un var\u00f3n<\/strong> que se acerc\u00f3 al espacio donde estaban trabajando. Las<strong> agredi\u00f3 verbalmente<\/strong>, en principio con agresiones que ten\u00edan que ver con ideas pol\u00edtico partidarias y no ten\u00edan que ver con el trabajo de las chicas, y luego una serie de <strong>agresiones machistas y racistas<\/strong> que incluso se tornaron en un <strong>intento de una agresi\u00f3n f\u00edsica&#8221;.<\/strong><\/em><\/p>\n<p>&nbsp;<\/p>\n<p><em><strong>&#8220;Se hizo la denuncia, por supuesto las acompa\u00f1amos y esto est\u00e1 en la Justicia. Las chicas est\u00e1n bien, fortalecidas y afortunadamente pudieron seguir trabajando. Esto no implic\u00f3 un retroceso en sus procesos pero lo condenamos absolutamente&#8221;<\/strong><\/em> agreg\u00f3 Caro.<\/p>\n<p>&nbsp;<\/p>\n<p>Por \u00faltimo destac\u00f3: &#8220;<em><strong>El 95% de los comentarios que ellas reciban en la calle son de amorosidad, de gente que las felicita y las incentiva a seguir pero bueno la verdad que sin duda fue un hecho lamentable&#8221;.<\/strong><\/em><\/p>\n<p>&nbsp;<\/p>\n<p><strong>Nuevas oportunidades\u00a0<\/strong><\/p>\n<p>&nbsp;<\/p>\n<p>Caro sostuvo que &#8220;el balance se enriquece todos los d\u00edas, sobre todo con las 5 mujeres que ya est\u00e1n trabajando desde hace 9 meses. En lo que hacemos hincapi\u00e9 es en c\u00f3mo esto ha podido <strong>brindarles soberan\u00eda econom\u00eda, autonom\u00eda econ\u00f3mica. Entre ellas han podido generar un espacio de sost\u00e9n colectivo con las otras.<\/strong> Son grupos que si bien tienen una tarea laboral, se han fortalecido como equipo y han tejido lazos casi de amistad de entre ellas&#8221;.<\/p>\n<p>&nbsp;<\/p>\n<p>Adem\u00e1s, realiz\u00f3 un repaso por la primera etapa y dijo que <em>&#8220;cuando arrancamos el a\u00f1o pasado fue una especie de prueba piloto que funcion\u00f3 excelente. Eso nos permiti\u00f3 abrir dos nuevos tramos y estamos trabajando en el cuarto que ser\u00eda con otro rubro y otra actividad, creo que va a ser pronto&#8221;.<\/em><\/p>\n<p>&nbsp;<\/p>\n<p><img data-recalc-dims=\"1\" loading=\"lazy\" decoding=\"async\" class=\"aligncenter wp-image-84243 size-full\" src=\"https:\/\/i0.wp.com\/cdnoticias.com\/wp-content\/uploads\/2023\/05\/DH-Presentacion-Programa-Nosotras-2-scaled-1-1536x1027-1.jpg?resize=800%2C535&#038;ssl=1\" alt=\"\" width=\"800\" height=\"535\" srcset=\"https:\/\/i0.wp.com\/cdnoticias.com\/wp-content\/uploads\/2023\/05\/DH-Presentacion-Programa-Nosotras-2-scaled-1-1536x1027-1.jpg?w=1536&amp;ssl=1 1536w, https:\/\/i0.wp.com\/cdnoticias.com\/wp-content\/uploads\/2023\/05\/DH-Presentacion-Programa-Nosotras-2-scaled-1-1536x1027-1.jpg?resize=300%2C201&amp;ssl=1 300w, https:\/\/i0.wp.com\/cdnoticias.com\/wp-content\/uploads\/2023\/05\/DH-Presentacion-Programa-Nosotras-2-scaled-1-1536x1027-1.jpg?resize=1024%2C685&amp;ssl=1 1024w, https:\/\/i0.wp.com\/cdnoticias.com\/wp-content\/uploads\/2023\/05\/DH-Presentacion-Programa-Nosotras-2-scaled-1-1536x1027-1.jpg?resize=768%2C514&amp;ssl=1 768w, https:\/\/i0.wp.com\/cdnoticias.com\/wp-content\/uploads\/2023\/05\/DH-Presentacion-Programa-Nosotras-2-scaled-1-1536x1027-1.jpg?resize=272%2C182&amp;ssl=1 272w\" sizes=\"auto, (max-width: 800px) 100vw, 800px\" \/><\/p>\n<p>&nbsp;<\/p>\n<p><em><strong>&#8220;Estamos trabajando en la formaci\u00f3n profesional para promover el ingreso a un empleo en el sector privado, como una especie de salida de ese programa para poder culminar con un trabajo en otros \u00e1mbitos de lo que deseen hacer y de los que les gusta para fortalecer la formaci\u00f3n<\/strong><\/em>&#8221; cerr\u00f3 la Directora de Pol\u00edticas de G\u00e9nero.<\/p>\n","protected":false},"excerpt":{"rendered":"<p>Lo afirm\u00f3 la Directora de Pol\u00edticas de G\u00e9nero, Florencia Caro sobre el comienzo de la nueva etapa del proyecto. Adem\u00e1s<\/p>\n","protected":false},"author":6,"featured_media":84244,"comment_status":"closed","ping_status":"closed","sticky":false,"template":"","format":"standard","meta":{"_jetpack_memberships_contains_paid_content":false,"footnotes":""},"categories":[3,1],"tags":[],"class_list":["post-84241","post","type-post","status-publish","format-standard","has-post-thumbnail","hentry","category-genero","category-portada"],"jetpack_featured_media_url":"https:\/\/i0.wp.com\/cdnoticias.com\/wp-content\/uploads\/2023\/05\/Obras-Proyecto-Nosotras-1024x685-1-800x445-1.jpg?fit=800%2C445&ssl=1","jetpack_sharing_enabled":true,"_links":{"self":[{"href":"https:\/\/cdnoticias.com\/index.php\/wp-json\/wp\/v2\/posts\/84241","targetHints":{"allow":["GET"]}}],"collection":[{"href":"https:\/\/cdnoticias.com\/index.php\/wp-json\/wp\/v2\/posts"}],"about":[{"href":"https:\/\/cdnoticias.com\/index.php\/wp-json\/wp\/v2\/types\/post"}],"author":[{"embeddable":true,"href":"https:\/\/cdnoticias.com\/index.php\/wp-json\/wp\/v2\/users\/6"}],"replies":[{"embeddable":true,"href":"https:\/\/cdnoticias.com\/index.php\/wp-json\/wp\/v2\/comments?post=84241"}],"version-history":[{"count":0,"href":"https:\/\/cdnoticias.com\/index.php\/wp-json\/wp\/v2\/posts\/84241\/revisions"}],"wp:featuredmedia":[{"embeddable":true,"href":"https:\/\/cdnoticias.com\/index.php\/wp-json\/wp\/v2\/media\/84244"}],"wp:attachment":[{"href":"https:\/\/cdnoticias.com\/index.php\/wp-json\/wp\/v2\/media?parent=84241"}],"wp:term":[{"taxonomy":"category","embeddable":true,"href":"https:\/\/cdnoticias.com\/index.php\/wp-json\/wp\/v2\/categories?post=84241"},{"taxonomy":"post_tag","embeddable":true,"href":"https:\/\/cdnoticias.com\/index.php\/wp-json\/wp\/v2\/tags?post=84241"}],"curies":[{"name":"wp","href":"https:\/\/api.w.org\/{rel}","templated":true}]}}