{"id":84230,"date":"2023-05-06T15:30:31","date_gmt":"2023-05-06T18:30:31","guid":{"rendered":"https:\/\/www.centraldenoticias.com.ar\/?p=84230"},"modified":"2023-05-06T15:30:31","modified_gmt":"2023-05-06T18:30:31","slug":"obras-publicas-limpieza-en-el-arroyo-tapalque-y-bacheo-en-barrio-san-vicente","status":"publish","type":"post","link":"https:\/\/cdnoticias.com\/index.php\/2023\/05\/06\/obras-publicas-limpieza-en-el-arroyo-tapalque-y-bacheo-en-barrio-san-vicente\/","title":{"rendered":"Obras P\u00fablicas: limpieza en el arroyo Tapalqu\u00e9 y bacheo en barrio San Vicente"},"content":{"rendered":"<p>Las tareas demandaron 29 d\u00edas de trabajo en los cuales se utilizaron 291 horas de camiones tipo tat\u00fa, 25 acarreos de m\u00e1quina y 216 horas de retroexcavadora.<!--more--><\/p>\n<hr \/>\n<p>Llegaron a su fin las <strong>tareas de limpieza del Arroyo Tapalqu\u00e9<\/strong>, en el tramo comprendido entre <strong>avenida Col\u00f3n y Ruta Nacional N\u00b0 226.<\/strong><\/p>\n<p>&nbsp;<\/p>\n<p>Para realizar dichas tareas la mencionada Direcci\u00f3n, dependiente de la Secretar\u00eda de Mantenimiento y Obras Publicas, cont\u00f3 con la colaboraci\u00f3n de la Direcci\u00f3n de Mantenimiento Urbano en lo que respecta a la provisi\u00f3n de maquinaria y personal necesarios para poder desarrollar los trabajos de remoci\u00f3n de vegetaci\u00f3n, sedimentos, basura, etc. de ambos m\u00e1rgenes, en una longitud de 2.000 metros.<\/p>\n<p>&nbsp;<\/p>\n<p><img data-recalc-dims=\"1\" loading=\"lazy\" decoding=\"async\" class=\"aligncenter wp-image-84232 size-full\" src=\"https:\/\/i0.wp.com\/cdnoticias.com\/wp-content\/uploads\/2023\/05\/Obras-limpieza-arroyo-2.jpeg?resize=800%2C600&#038;ssl=1\" alt=\"\" width=\"800\" height=\"600\" srcset=\"https:\/\/i0.wp.com\/cdnoticias.com\/wp-content\/uploads\/2023\/05\/Obras-limpieza-arroyo-2.jpeg?w=1600&amp;ssl=1 1600w, https:\/\/i0.wp.com\/cdnoticias.com\/wp-content\/uploads\/2023\/05\/Obras-limpieza-arroyo-2.jpeg?resize=300%2C225&amp;ssl=1 300w, https:\/\/i0.wp.com\/cdnoticias.com\/wp-content\/uploads\/2023\/05\/Obras-limpieza-arroyo-2.jpeg?resize=1024%2C768&amp;ssl=1 1024w, https:\/\/i0.wp.com\/cdnoticias.com\/wp-content\/uploads\/2023\/05\/Obras-limpieza-arroyo-2.jpeg?resize=768%2C576&amp;ssl=1 768w, https:\/\/i0.wp.com\/cdnoticias.com\/wp-content\/uploads\/2023\/05\/Obras-limpieza-arroyo-2.jpeg?resize=1536%2C1152&amp;ssl=1 1536w\" sizes=\"auto, (max-width: 800px) 100vw, 800px\" \/><\/p>\n<p>&nbsp;<\/p>\n<p>Las tareas <strong>demandaron 29 d\u00edas de trabajo<\/strong> en los cuales se utilizaron 291 horas de camiones tipo tat\u00fa, 25 acarreos de m\u00e1quina y 216 horas de retroexcavadora. En total se movieron 4656 m3 de material a disposici\u00f3n final. El esquema utilizado permiti\u00f3 economizar aproximadamente un 27% de los costos comparado con los gastos actualizados de la \u00faltima intervenci\u00f3n de iguales tareas.<\/p>\n<p>&nbsp;<\/p>\n<p>Por \u00faltimo, se efectuaron<strong> tareas de bacheo<\/strong> en distintos puntos del <strong>barrio San Vicente.<\/strong><\/p>\n","protected":false},"excerpt":{"rendered":"<p>Las tareas demandaron 29 d\u00edas de trabajo en los cuales se utilizaron 291 horas de camiones tipo tat\u00fa, 25 acarreos<\/p>\n","protected":false},"author":6,"featured_media":84231,"comment_status":"closed","ping_status":"closed","sticky":false,"template":"","format":"standard","meta":{"_jetpack_memberships_contains_paid_content":false,"footnotes":""},"categories":[5,1],"tags":[],"class_list":["post-84230","post","type-post","status-publish","format-standard","has-post-thumbnail","hentry","category-informacion-general","category-portada"],"jetpack_featured_media_url":"https:\/\/i0.wp.com\/cdnoticias.com\/wp-content\/uploads\/2023\/05\/Obras-limpieza-arroyo-1.jpeg?fit=1600%2C1200&ssl=1","jetpack_sharing_enabled":true,"_links":{"self":[{"href":"https:\/\/cdnoticias.com\/index.php\/wp-json\/wp\/v2\/posts\/84230","targetHints":{"allow":["GET"]}}],"collection":[{"href":"https:\/\/cdnoticias.com\/index.php\/wp-json\/wp\/v2\/posts"}],"about":[{"href":"https:\/\/cdnoticias.com\/index.php\/wp-json\/wp\/v2\/types\/post"}],"author":[{"embeddable":true,"href":"https:\/\/cdnoticias.com\/index.php\/wp-json\/wp\/v2\/users\/6"}],"replies":[{"embeddable":true,"href":"https:\/\/cdnoticias.com\/index.php\/wp-json\/wp\/v2\/comments?post=84230"}],"version-history":[{"count":0,"href":"https:\/\/cdnoticias.com\/index.php\/wp-json\/wp\/v2\/posts\/84230\/revisions"}],"wp:featuredmedia":[{"embeddable":true,"href":"https:\/\/cdnoticias.com\/index.php\/wp-json\/wp\/v2\/media\/84231"}],"wp:attachment":[{"href":"https:\/\/cdnoticias.com\/index.php\/wp-json\/wp\/v2\/media?parent=84230"}],"wp:term":[{"taxonomy":"category","embeddable":true,"href":"https:\/\/cdnoticias.com\/index.php\/wp-json\/wp\/v2\/categories?post=84230"},{"taxonomy":"post_tag","embeddable":true,"href":"https:\/\/cdnoticias.com\/index.php\/wp-json\/wp\/v2\/tags?post=84230"}],"curies":[{"name":"wp","href":"https:\/\/api.w.org\/{rel}","templated":true}]}}