{"id":84223,"date":"2023-05-06T14:31:11","date_gmt":"2023-05-06T17:31:11","guid":{"rendered":"https:\/\/www.centraldenoticias.com.ar\/?p=84223"},"modified":"2023-05-06T17:31:24","modified_gmt":"2023-05-06T20:31:24","slug":"maximiliano-wesner-recibio-un-multitudinario-acompanamiento","status":"publish","type":"post","link":"https:\/\/cdnoticias.com\/index.php\/2023\/05\/06\/maximiliano-wesner-recibio-un-multitudinario-acompanamiento\/","title":{"rendered":"Maximiliano Wesner recibi\u00f3 un multitudinario acompa\u00f1amiento"},"content":{"rendered":"<p>Bajo la lluvia de este s\u00e1bado hubo un encuentro en la Plaza \u00c1lvaro Barros. \u201cAc\u00e1 no duda nadie para venir\u201d dijo el precandidato del Frente de Todos.<!--more--><\/p>\n<hr \/>\n<p><strong>M\u00e1s de 300 vecinos y vecinas se reunieron bajo la lluvia en la Plaza \u00c1lvaro Barros<\/strong> para acompa\u00f1ar a<strong> Maximiliano Wesner<\/strong>, quien les propuso &#8220;recorrer cada vivienda para proponer una alternativa de gesti\u00f3n municipal&#8221;.<\/p>\n<p>&nbsp;<\/p>\n<p>Este s\u00e1bado por la ma\u00f1ana se desarroll\u00f3 el encuentro donde <strong>el \u00fanico orador fue el precandidato a intendente del Frente de Todos<\/strong>. Si bien estaba previsto el inicio de una recorrida por la ciudad con el reparto de folleter\u00eda, la realizaci\u00f3n de esta actividad con todos los asistentes se pospuso para el pr\u00f3ximo s\u00e1bado debido a las condiciones clim\u00e1ticas imperantes al finalizar la reuni\u00f3n.<\/p>\n<p>&nbsp;<\/p>\n<p><img data-recalc-dims=\"1\" loading=\"lazy\" decoding=\"async\" class=\"size-full wp-image-84220 aligncenter\" src=\"https:\/\/i0.wp.com\/cdnoticias.com\/wp-content\/uploads\/2023\/05\/maxi-wesner-fdt-00.jpg?resize=800%2C445&#038;ssl=1\" alt=\"\" width=\"800\" height=\"445\" srcset=\"https:\/\/i0.wp.com\/cdnoticias.com\/wp-content\/uploads\/2023\/05\/maxi-wesner-fdt-00.jpg?w=800&amp;ssl=1 800w, https:\/\/i0.wp.com\/cdnoticias.com\/wp-content\/uploads\/2023\/05\/maxi-wesner-fdt-00.jpg?resize=300%2C167&amp;ssl=1 300w, https:\/\/i0.wp.com\/cdnoticias.com\/wp-content\/uploads\/2023\/05\/maxi-wesner-fdt-00.jpg?resize=768%2C427&amp;ssl=1 768w\" sizes=\"auto, (max-width: 800px) 100vw, 800px\" \/><\/p>\n<p><img data-recalc-dims=\"1\" loading=\"lazy\" decoding=\"async\" class=\"size-full wp-image-84221 aligncenter\" src=\"https:\/\/i0.wp.com\/cdnoticias.com\/wp-content\/uploads\/2023\/05\/maxi-wesner-fdt-01.jpg?resize=800%2C445&#038;ssl=1\" alt=\"\" width=\"800\" height=\"445\" srcset=\"https:\/\/i0.wp.com\/cdnoticias.com\/wp-content\/uploads\/2023\/05\/maxi-wesner-fdt-01.jpg?w=800&amp;ssl=1 800w, https:\/\/i0.wp.com\/cdnoticias.com\/wp-content\/uploads\/2023\/05\/maxi-wesner-fdt-01.jpg?resize=300%2C167&amp;ssl=1 300w, https:\/\/i0.wp.com\/cdnoticias.com\/wp-content\/uploads\/2023\/05\/maxi-wesner-fdt-01.jpg?resize=768%2C427&amp;ssl=1 768w\" sizes=\"auto, (max-width: 800px) 100vw, 800px\" \/><\/p>\n<p>&nbsp;<\/p>\n<p><strong>Wesner manifest\u00f3 haber superado ampliamente la expectativa para el encuentro<\/strong>. <em>&#8220;Estuvimos invitando a participar pero sabemos que no todos pueden, muchos trabajan, sin embargo la convocatoria a pesar del clima fue un \u00e9xito\u201d<\/em> defini\u00f3 para resaltar en medio del aplauso de los presentes que \u201cac\u00e1 no duda nadie para venir\u201d.<\/p>\n<p>&nbsp;<\/p>\n<blockquote><p>\u201cVenimos recorriendo todos los d\u00edas los diferentes barrios y localidades, vamos casa por casa charlando, hay mucha gente con ganas de sumarse y eso est\u00e1 a la vista. Es muy importante contar con tanto apoyo, la fuerza que nos transmiten los vecinos es inexplicable y fundamental para seguir este camino\u201d valor\u00f3.<\/p><\/blockquote>\n<p>&nbsp;<\/p>\n<p><img data-recalc-dims=\"1\" loading=\"lazy\" decoding=\"async\" class=\"size-full wp-image-84217 aligncenter\" src=\"https:\/\/i0.wp.com\/cdnoticias.com\/wp-content\/uploads\/2023\/05\/maxi-wesner-fdt-03.jpg?resize=800%2C445&#038;ssl=1\" alt=\"\" width=\"800\" height=\"445\" srcset=\"https:\/\/i0.wp.com\/cdnoticias.com\/wp-content\/uploads\/2023\/05\/maxi-wesner-fdt-03.jpg?w=800&amp;ssl=1 800w, https:\/\/i0.wp.com\/cdnoticias.com\/wp-content\/uploads\/2023\/05\/maxi-wesner-fdt-03.jpg?resize=300%2C167&amp;ssl=1 300w, https:\/\/i0.wp.com\/cdnoticias.com\/wp-content\/uploads\/2023\/05\/maxi-wesner-fdt-03.jpg?resize=768%2C427&amp;ssl=1 768w\" sizes=\"auto, (max-width: 800px) 100vw, 800px\" \/><\/p>\n<p>&nbsp;<\/p>\n<p>\u201cRecibir tantos mensajes es muy gratificante, estamos bajo la lluvia y sigue llegando gente.<strong> La comunidad se merece estar mejor, ser escuchados y recibir respuestas concretas y para eso estamos construyendo una alternativa<\/strong> que tendr\u00e1 a los vecinos como protagonistas\u201d, concluy\u00f3 Maxi Wesner.<\/p>\n<p>&nbsp;<\/p>\n<p>Dirigentes y referentes de<strong> numerosas agrupaciones que integran el Frente de Todos<\/strong> junto a autoridades provinciales y locales estuvieron en la plaza este s\u00e1bado, as\u00ed como tambi\u00e9n <strong>vecinos independientes<\/strong> que se acercaron a mostrar su apoyo a Wesner y al sector.<\/p>\n<p>&nbsp;<\/p>\n<p><img data-recalc-dims=\"1\" loading=\"lazy\" decoding=\"async\" class=\"size-full wp-image-84218 aligncenter\" src=\"https:\/\/i0.wp.com\/cdnoticias.com\/wp-content\/uploads\/2023\/05\/maxi-wesner-fdt-04.jpg?resize=800%2C445&#038;ssl=1\" alt=\"\" width=\"800\" height=\"445\" srcset=\"https:\/\/i0.wp.com\/cdnoticias.com\/wp-content\/uploads\/2023\/05\/maxi-wesner-fdt-04.jpg?w=800&amp;ssl=1 800w, https:\/\/i0.wp.com\/cdnoticias.com\/wp-content\/uploads\/2023\/05\/maxi-wesner-fdt-04.jpg?resize=300%2C167&amp;ssl=1 300w, https:\/\/i0.wp.com\/cdnoticias.com\/wp-content\/uploads\/2023\/05\/maxi-wesner-fdt-04.jpg?resize=768%2C427&amp;ssl=1 768w\" sizes=\"auto, (max-width: 800px) 100vw, 800px\" \/><\/p>\n<p><img data-recalc-dims=\"1\" loading=\"lazy\" decoding=\"async\" class=\"size-full wp-image-84219 aligncenter\" src=\"https:\/\/i0.wp.com\/cdnoticias.com\/wp-content\/uploads\/2023\/05\/maxi-wesner-fdt-05.jpg?resize=800%2C445&#038;ssl=1\" alt=\"\" width=\"800\" height=\"445\" srcset=\"https:\/\/i0.wp.com\/cdnoticias.com\/wp-content\/uploads\/2023\/05\/maxi-wesner-fdt-05.jpg?w=800&amp;ssl=1 800w, https:\/\/i0.wp.com\/cdnoticias.com\/wp-content\/uploads\/2023\/05\/maxi-wesner-fdt-05.jpg?resize=300%2C167&amp;ssl=1 300w, https:\/\/i0.wp.com\/cdnoticias.com\/wp-content\/uploads\/2023\/05\/maxi-wesner-fdt-05.jpg?resize=768%2C427&amp;ssl=1 768w\" sizes=\"auto, (max-width: 800px) 100vw, 800px\" \/><\/p>\n<p>&nbsp;<\/p>\n<p>&nbsp;<\/p>\n","protected":false},"excerpt":{"rendered":"<p>Bajo la lluvia de este s\u00e1bado hubo un encuentro en la Plaza \u00c1lvaro Barros. \u201cAc\u00e1 no duda nadie para venir\u201d<\/p>\n","protected":false},"author":4,"featured_media":84222,"comment_status":"closed","ping_status":"closed","sticky":false,"template":"","format":"standard","meta":{"_jetpack_memberships_contains_paid_content":false,"footnotes":""},"categories":[4,1],"tags":[],"class_list":["post-84223","post","type-post","status-publish","format-standard","has-post-thumbnail","hentry","category-politica","category-portada"],"jetpack_featured_media_url":"https:\/\/i0.wp.com\/cdnoticias.com\/wp-content\/uploads\/2023\/05\/maxi-wesner-fdt-02.jpg?fit=800%2C445&ssl=1","jetpack_sharing_enabled":true,"_links":{"self":[{"href":"https:\/\/cdnoticias.com\/index.php\/wp-json\/wp\/v2\/posts\/84223","targetHints":{"allow":["GET"]}}],"collection":[{"href":"https:\/\/cdnoticias.com\/index.php\/wp-json\/wp\/v2\/posts"}],"about":[{"href":"https:\/\/cdnoticias.com\/index.php\/wp-json\/wp\/v2\/types\/post"}],"author":[{"embeddable":true,"href":"https:\/\/cdnoticias.com\/index.php\/wp-json\/wp\/v2\/users\/4"}],"replies":[{"embeddable":true,"href":"https:\/\/cdnoticias.com\/index.php\/wp-json\/wp\/v2\/comments?post=84223"}],"version-history":[{"count":0,"href":"https:\/\/cdnoticias.com\/index.php\/wp-json\/wp\/v2\/posts\/84223\/revisions"}],"wp:featuredmedia":[{"embeddable":true,"href":"https:\/\/cdnoticias.com\/index.php\/wp-json\/wp\/v2\/media\/84222"}],"wp:attachment":[{"href":"https:\/\/cdnoticias.com\/index.php\/wp-json\/wp\/v2\/media?parent=84223"}],"wp:term":[{"taxonomy":"category","embeddable":true,"href":"https:\/\/cdnoticias.com\/index.php\/wp-json\/wp\/v2\/categories?post=84223"},{"taxonomy":"post_tag","embeddable":true,"href":"https:\/\/cdnoticias.com\/index.php\/wp-json\/wp\/v2\/tags?post=84223"}],"curies":[{"name":"wp","href":"https:\/\/api.w.org\/{rel}","templated":true}]}}