{"id":84214,"date":"2023-05-06T18:30:14","date_gmt":"2023-05-06T21:30:14","guid":{"rendered":"https:\/\/www.centraldenoticias.com.ar\/?p=84214"},"modified":"2023-05-06T18:30:14","modified_gmt":"2023-05-06T21:30:14","slug":"gaston-barreto-fue-designado-presidente-de-la-mesa-interdisciplinaria-de-cannabis","status":"publish","type":"post","link":"https:\/\/cdnoticias.com\/index.php\/2023\/05\/06\/gaston-barreto-fue-designado-presidente-de-la-mesa-interdisciplinaria-de-cannabis\/","title":{"rendered":"Gast\u00f3n Barreto fue designado presidente de la Mesa Interdisciplinaria de Cannabis"},"content":{"rendered":"<p>Este nombramiento se bas\u00f3 en el reconocimiento de la Presidencia del HCD al doctor Barreto, quien adem\u00e1s de ser docente e investigador de la Facultad de Ingenier\u00eda y el CONICET en la tem\u00e1tica Cannabis es un referente a nivel nacional.<\/p>\n<p><!--more--><\/p>\n<hr \/>\n<p>La <strong>presidenta del Concejo Deliberante de Olavarr\u00eda, Cecilia Krivochen<\/strong> se reuni\u00f3 este viernes con el <strong>doctor Gast\u00f3n Barreto<\/strong>, integrante desde sus inicios de la <strong>Mesa Interdisciplinaria para el an\u00e1lisis, estudio y evaluaci\u00f3n del uso cient\u00edfico del Cannabis para uso medicinal<\/strong>.<\/p>\n<p>&nbsp;<\/p>\n<p>En el marco de lo dispuesto por la ordenanza N\u00b0 4574\/20, <strong>Cecilia Krivochen tom\u00f3 la decisi\u00f3n de designar este a\u00f1o al doctor Gast\u00f3n Barreto como Presidente de la Mesa<\/strong>, reemplazando al ex concejal Germ\u00e1n Aramburu.<\/p>\n<p>&nbsp;<\/p>\n<p>Este nombramiento se basa en el <strong>reconocimiento de la Presidencia del HCD al doctor Barreto<\/strong> quien adem\u00e1s de ser docente e investigador de la Facultad de Ingenier\u00eda y el CONICET en la tem\u00e1tica Cannabis es un referente a nivel nacional.<\/p>\n<p>&nbsp;<\/p>\n<blockquote><p>Cecilia Krivochen destac\u00f3: \u201cla experiencia acad\u00e9mica de Gast\u00f3n Barreto, su mirada integral e interdisciplinaria y su vinculaci\u00f3n constante con todas las entidades que conforman la Mesa, permitir\u00e1n seguir impulsando acciones tendientes a fortalecer los proyectos vinculados con el uso medicinal del Cannabis\u201d.<\/p><\/blockquote>\n<p>&nbsp;<\/p>\n<p>Por \u00faltimo, se inform\u00f3 que<strong> el pr\u00f3ximo mi\u00e9rcoles 10 de mayo se realizar\u00e1 la primera reuni\u00f3n de 2023<\/strong> de la Mesa Interdisciplinaria para el an\u00e1lisis, estudio y evaluaci\u00f3n del uso cient\u00edfico del Cannabis para uso medicinal.<\/p>\n<p>&nbsp;<\/p>\n","protected":false},"excerpt":{"rendered":"<p>Este nombramiento se bas\u00f3 en el reconocimiento de la Presidencia del HCD al doctor Barreto, quien adem\u00e1s de ser docente<\/p>\n","protected":false},"author":4,"featured_media":84215,"comment_status":"closed","ping_status":"closed","sticky":false,"template":"","format":"standard","meta":{"_jetpack_memberships_contains_paid_content":false,"footnotes":""},"categories":[4,1],"tags":[],"class_list":["post-84214","post","type-post","status-publish","format-standard","has-post-thumbnail","hentry","category-politica","category-portada"],"jetpack_featured_media_url":"https:\/\/i0.wp.com\/cdnoticias.com\/wp-content\/uploads\/2023\/05\/Barreto-Krivochen-mesa-de-cannabis.jpg?fit=800%2C445&ssl=1","jetpack_sharing_enabled":true,"_links":{"self":[{"href":"https:\/\/cdnoticias.com\/index.php\/wp-json\/wp\/v2\/posts\/84214","targetHints":{"allow":["GET"]}}],"collection":[{"href":"https:\/\/cdnoticias.com\/index.php\/wp-json\/wp\/v2\/posts"}],"about":[{"href":"https:\/\/cdnoticias.com\/index.php\/wp-json\/wp\/v2\/types\/post"}],"author":[{"embeddable":true,"href":"https:\/\/cdnoticias.com\/index.php\/wp-json\/wp\/v2\/users\/4"}],"replies":[{"embeddable":true,"href":"https:\/\/cdnoticias.com\/index.php\/wp-json\/wp\/v2\/comments?post=84214"}],"version-history":[{"count":0,"href":"https:\/\/cdnoticias.com\/index.php\/wp-json\/wp\/v2\/posts\/84214\/revisions"}],"wp:featuredmedia":[{"embeddable":true,"href":"https:\/\/cdnoticias.com\/index.php\/wp-json\/wp\/v2\/media\/84215"}],"wp:attachment":[{"href":"https:\/\/cdnoticias.com\/index.php\/wp-json\/wp\/v2\/media?parent=84214"}],"wp:term":[{"taxonomy":"category","embeddable":true,"href":"https:\/\/cdnoticias.com\/index.php\/wp-json\/wp\/v2\/categories?post=84214"},{"taxonomy":"post_tag","embeddable":true,"href":"https:\/\/cdnoticias.com\/index.php\/wp-json\/wp\/v2\/tags?post=84214"}],"curies":[{"name":"wp","href":"https:\/\/api.w.org\/{rel}","templated":true}]}}