{"id":8421,"date":"2020-12-07T21:06:41","date_gmt":"2020-12-08T00:06:41","guid":{"rendered":"http:\/\/www.centraldenoticias.com.ar\/?p=8421"},"modified":"2020-12-08T09:12:53","modified_gmt":"2020-12-08T12:12:53","slug":"con-protector-y-gorra-se-espera-una-semana-muy-calurosa","status":"publish","type":"post","link":"https:\/\/cdnoticias.com\/index.php\/2020\/12\/07\/con-protector-y-gorra-se-espera-una-semana-muy-calurosa\/","title":{"rendered":"Con protector y gorra: Se espera una semana muy calurosa"},"content":{"rendered":"<p>As\u00ed es anticipado por el Servicio Meteorol\u00f3gico Nacional, desde donde se prev\u00e9n jornadas con hasta 35 grados.<\/p>\n<p><!--more--><\/p>\n<hr \/>\n<p>Si bien para decir oficialmente que ya estamos en verano faltan a\u00fan algunos d\u00edas, las condiciones clim\u00e1ticas hacen sentir que ya lleg\u00f3 hace rato.<strong> Este lunes no fue la excepci\u00f3n, con temperaturas que rondaron durante la mayor parte del mediod\u00eda y la tarde los 30 grados.\u00a0<\/strong>Se advirti\u00f3 que con el cierre del d\u00eda podr\u00edan registrarse fuertes vientes que se prolongar\u00edan hasta la madrugada.<\/p>\n<p>&nbsp;<\/p>\n<blockquote><p>La continuidad de la semana, acotada por el feriado nacional de este martes, seguir\u00e1 acompa\u00f1ado de un clima caluroso, por lo que se recomienda tomar los recaudos pertinentes. S\u00ed, todo eso sumado al barbijo o tapabocas. No queda otra.<\/p><\/blockquote>\n<p>&nbsp;<\/p>\n<p><strong> Para este marte se espera un m\u00e1xima de 31 grados para la tarde<\/strong>, momento en el que se esperan vientos que soplaran apenas por encima de los 10 kil\u00f3metros en la hora,\u00a0 por lo que no ser\u00e1n de mayor alivio para combatir el calor.<\/p>\n<p>&nbsp;<\/p>\n<p>Si bien en la noche bajara la temperatura, lo har\u00e1 hasta los 24 grados, por lo que se espera tambi\u00e9n una noche agradable. <strong>El mi\u00e9rcoles se anticipa similar en los valores, pero la m\u00e1xima esperada trepa hasta los 34 grados.<\/strong><\/p>\n<p>&nbsp;<\/p>\n<p><img data-recalc-dims=\"1\" loading=\"lazy\" decoding=\"async\" class=\"alignnone size-large wp-image-8423\" src=\"https:\/\/i0.wp.com\/cdnoticias.com\/wp-content\/uploads\/2020\/12\/pronos.jpg?resize=800%2C239&#038;ssl=1\" alt=\"\" width=\"800\" height=\"239\" srcset=\"https:\/\/i0.wp.com\/cdnoticias.com\/wp-content\/uploads\/2020\/12\/pronos.jpg?resize=1024%2C306&amp;ssl=1 1024w, https:\/\/i0.wp.com\/cdnoticias.com\/wp-content\/uploads\/2020\/12\/pronos.jpg?resize=300%2C90&amp;ssl=1 300w, https:\/\/i0.wp.com\/cdnoticias.com\/wp-content\/uploads\/2020\/12\/pronos.jpg?resize=768%2C230&amp;ssl=1 768w, https:\/\/i0.wp.com\/cdnoticias.com\/wp-content\/uploads\/2020\/12\/pronos.jpg?w=1840&amp;ssl=1 1840w, https:\/\/i0.wp.com\/cdnoticias.com\/wp-content\/uploads\/2020\/12\/pronos.jpg?w=1600&amp;ssl=1 1600w\" sizes=\"auto, (max-width: 800px) 100vw, 800px\" \/><\/p>\n<p>&nbsp;<\/p>\n<p>El jueves, si bien se dar\u00edan algunas lluvias aisladas, <strong>el term\u00f3metro podr\u00eda llegar a marcar 35 grados durante la tarde<\/strong>, momento de la jornada en la que se registrar\u00edan a la par fuertes vientos.<\/p>\n<p>&nbsp;<\/p>\n<p>Por \u00faltimo, vale mencionar que desde el SMN se inform\u00f3 acerca de<strong> un alerta meteorol\u00f3gica pero para el sur bonaerense por fuertes viento para la jornada de este lunes.<\/strong><\/p>\n","protected":false},"excerpt":{"rendered":"<p>As\u00ed es anticipado por el Servicio Meteorol\u00f3gico Nacional, desde donde se prev\u00e9n jornadas con hasta 35 grados.<\/p>\n","protected":false},"author":3,"featured_media":8422,"comment_status":"closed","ping_status":"closed","sticky":false,"template":"","format":"standard","meta":{"_jetpack_memberships_contains_paid_content":false,"footnotes":""},"categories":[5,1],"tags":[],"class_list":["post-8421","post","type-post","status-publish","format-standard","has-post-thumbnail","hentry","category-informacion-general","category-portada"],"jetpack_featured_media_url":"https:\/\/i0.wp.com\/cdnoticias.com\/wp-content\/uploads\/2020\/12\/pronos01.jpg?fit=808%2C550&ssl=1","jetpack_sharing_enabled":true,"_links":{"self":[{"href":"https:\/\/cdnoticias.com\/index.php\/wp-json\/wp\/v2\/posts\/8421","targetHints":{"allow":["GET"]}}],"collection":[{"href":"https:\/\/cdnoticias.com\/index.php\/wp-json\/wp\/v2\/posts"}],"about":[{"href":"https:\/\/cdnoticias.com\/index.php\/wp-json\/wp\/v2\/types\/post"}],"author":[{"embeddable":true,"href":"https:\/\/cdnoticias.com\/index.php\/wp-json\/wp\/v2\/users\/3"}],"replies":[{"embeddable":true,"href":"https:\/\/cdnoticias.com\/index.php\/wp-json\/wp\/v2\/comments?post=8421"}],"version-history":[{"count":0,"href":"https:\/\/cdnoticias.com\/index.php\/wp-json\/wp\/v2\/posts\/8421\/revisions"}],"wp:featuredmedia":[{"embeddable":true,"href":"https:\/\/cdnoticias.com\/index.php\/wp-json\/wp\/v2\/media\/8422"}],"wp:attachment":[{"href":"https:\/\/cdnoticias.com\/index.php\/wp-json\/wp\/v2\/media?parent=8421"}],"wp:term":[{"taxonomy":"category","embeddable":true,"href":"https:\/\/cdnoticias.com\/index.php\/wp-json\/wp\/v2\/categories?post=8421"},{"taxonomy":"post_tag","embeddable":true,"href":"https:\/\/cdnoticias.com\/index.php\/wp-json\/wp\/v2\/tags?post=8421"}],"curies":[{"name":"wp","href":"https:\/\/api.w.org\/{rel}","templated":true}]}}