{"id":84204,"date":"2023-05-06T09:45:08","date_gmt":"2023-05-06T12:45:08","guid":{"rendered":"https:\/\/www.centraldenoticias.com.ar\/?p=84204"},"modified":"2023-05-06T09:45:08","modified_gmt":"2023-05-06T12:45:08","slug":"fue-hallada-la-mujer-que-estuvo-varios-dias-desaparecida","status":"publish","type":"post","link":"https:\/\/cdnoticias.com\/index.php\/2023\/05\/06\/fue-hallada-la-mujer-que-estuvo-varios-dias-desaparecida\/","title":{"rendered":"Fue hallada la mujer que estuvo varios d\u00edas desaparecida"},"content":{"rendered":"<p>Fue encontrada en Mar del Plata en la noche del viernes en buen estado de salud. La SUB DDI Olavarr\u00eda inform\u00f3 que en las pr\u00f3ximas horas regresar\u00e1 a Olavarr\u00eda.<\/p>\n<p><!--more--><\/p>\n<hr \/>\n<p><strong>La mujer que fue denunciada como desaparecida el martes fue encontrada<\/strong> y retornar\u00e1 a Olavarr\u00eda en las pr\u00f3ximas horas.<\/p>\n<p>&nbsp;<\/p>\n<p>Lo inform\u00f3 la <strong>SUB DDI Olavarr\u00eda<\/strong>, dependencia que encabez\u00f3 la b\u00fasqueda. Se detall\u00f3 que la mujer <strong>se encuentra en la ciudad de Mar del Plata<\/strong> donde fue hallada gracias a la colaboraci\u00f3n de efectivos de la DDI de aquella localidad en la noche del martes.<\/p>\n<p>&nbsp;<\/p>\n<blockquote><p>Se destac\u00f3 que est\u00e1 \u201cen buen estado de salud\u201d y permanece en un centro de contenci\u00f3n para gente en situaci\u00f3n de calle.<\/p><\/blockquote>\n<p>&nbsp;<\/p>\n","protected":false},"excerpt":{"rendered":"<p>Fue encontrada en Mar del Plata en la noche del viernes en buen estado de salud. La SUB DDI Olavarr\u00eda<\/p>\n","protected":false},"author":4,"featured_media":56391,"comment_status":"closed","ping_status":"closed","sticky":false,"template":"","format":"standard","meta":{"_jetpack_memberships_contains_paid_content":false,"footnotes":""},"categories":[14,1],"tags":[],"class_list":["post-84204","post","type-post","status-publish","format-standard","has-post-thumbnail","hentry","category-policiales","category-portada"],"jetpack_featured_media_url":"https:\/\/i0.wp.com\/cdnoticias.com\/wp-content\/uploads\/2022\/06\/SubDDI.jpeg?fit=1040%2C780&ssl=1","jetpack_sharing_enabled":true,"_links":{"self":[{"href":"https:\/\/cdnoticias.com\/index.php\/wp-json\/wp\/v2\/posts\/84204","targetHints":{"allow":["GET"]}}],"collection":[{"href":"https:\/\/cdnoticias.com\/index.php\/wp-json\/wp\/v2\/posts"}],"about":[{"href":"https:\/\/cdnoticias.com\/index.php\/wp-json\/wp\/v2\/types\/post"}],"author":[{"embeddable":true,"href":"https:\/\/cdnoticias.com\/index.php\/wp-json\/wp\/v2\/users\/4"}],"replies":[{"embeddable":true,"href":"https:\/\/cdnoticias.com\/index.php\/wp-json\/wp\/v2\/comments?post=84204"}],"version-history":[{"count":0,"href":"https:\/\/cdnoticias.com\/index.php\/wp-json\/wp\/v2\/posts\/84204\/revisions"}],"wp:featuredmedia":[{"embeddable":true,"href":"https:\/\/cdnoticias.com\/index.php\/wp-json\/wp\/v2\/media\/56391"}],"wp:attachment":[{"href":"https:\/\/cdnoticias.com\/index.php\/wp-json\/wp\/v2\/media?parent=84204"}],"wp:term":[{"taxonomy":"category","embeddable":true,"href":"https:\/\/cdnoticias.com\/index.php\/wp-json\/wp\/v2\/categories?post=84204"},{"taxonomy":"post_tag","embeddable":true,"href":"https:\/\/cdnoticias.com\/index.php\/wp-json\/wp\/v2\/tags?post=84204"}],"curies":[{"name":"wp","href":"https:\/\/api.w.org\/{rel}","templated":true}]}}