{"id":84174,"date":"2023-05-14T10:19:29","date_gmt":"2023-05-14T13:19:29","guid":{"rendered":"https:\/\/www.centraldenoticias.com.ar\/?p=84174"},"modified":"2023-05-14T10:19:57","modified_gmt":"2023-05-14T13:19:57","slug":"taller-de-narracion-tejiendo-historias-cooperativas","status":"publish","type":"post","link":"https:\/\/cdnoticias.com\/index.php\/2023\/05\/14\/taller-de-narracion-tejiendo-historias-cooperativas\/","title":{"rendered":"Taller de narraci\u00f3n &#8220;Tejiendo historias cooperativas&#8221;"},"content":{"rendered":"<p>La propuesta es a trav\u00e9s de Coopelectric y comienza a dictarse a partir del 17 de mayo. <!--more--><\/p>\n<hr \/>\n<p>Con la finalidad de promover el Cooperativismo, <strong>Coopelectric<\/strong> acerca a la comunidad una propuesta de<strong> formaci\u00f3n libre y gratuita destinada a los adultos mayores.<\/strong><\/p>\n<p>&nbsp;<\/p>\n<p>Se trata del <em><strong>Taller de Narraci\u00f3n: \u201cTejiendo historias cooperativas\u201d<\/strong><\/em>, que comenzar\u00e1 a dictarse semanalmente a partir del <strong>17 de mayo<\/strong> en el <strong>Sal\u00f3n Auditorio de la Cooperativa.<\/strong><\/p>\n<p>&nbsp;<\/p>\n<p><img data-recalc-dims=\"1\" loading=\"lazy\" decoding=\"async\" class=\"aligncenter wp-image-84175\" src=\"https:\/\/i0.wp.com\/cdnoticias.com\/wp-content\/uploads\/2023\/05\/Tejiendo-historias-cooperativas.jpeg?resize=450%2C643&#038;ssl=1\" alt=\"\" width=\"450\" height=\"643\" srcset=\"https:\/\/i0.wp.com\/cdnoticias.com\/wp-content\/uploads\/2023\/05\/Tejiendo-historias-cooperativas.jpeg?w=829&amp;ssl=1 829w, https:\/\/i0.wp.com\/cdnoticias.com\/wp-content\/uploads\/2023\/05\/Tejiendo-historias-cooperativas.jpeg?resize=210%2C300&amp;ssl=1 210w, https:\/\/i0.wp.com\/cdnoticias.com\/wp-content\/uploads\/2023\/05\/Tejiendo-historias-cooperativas.jpeg?resize=716%2C1024&amp;ssl=1 716w, https:\/\/i0.wp.com\/cdnoticias.com\/wp-content\/uploads\/2023\/05\/Tejiendo-historias-cooperativas.jpeg?resize=768%2C1098&amp;ssl=1 768w\" sizes=\"auto, (max-width: 450px) 100vw, 450px\" \/><\/p>\n<p>&nbsp;<\/p>\n<p>El objetivo de este espacio consiste en realizar actividades l\u00fadico-pr\u00e1cticas para que los participantes se afiancen en el <strong>arte de contar. <\/strong>Adem\u00e1s durante la segunda mitad del a\u00f1o est\u00e1 prevista la realizaci\u00f3n de acciones de articulaci\u00f3n con instituciones educativas para poner en escena los saberes adquiridos.<\/p>\n<p>&nbsp;<\/p>\n<p>Los <strong>cupos ser\u00e1n limitados,<\/strong> por lo que quienes est\u00e9n interesados pueden inscribirse acerc\u00e1ndose de <strong>lunes a viernes de 7:30 a 14:30<\/strong> a la sede administrativa de Coopelectric (Belgrano 2850) o a trav\u00e9s del <a href=\"https:\/\/docs.google.com\/forms\/d\/e\/1FAIpQLSf2KxtcAwULGiUQdll0Zo3GtkfVrqvFgXEt0rxdbpdQAgdvMQ\/viewform\" target=\"_blank\" rel=\"noopener\">siguiente link.\u00a0<\/a><\/p>\n","protected":false},"excerpt":{"rendered":"<p>La propuesta es a trav\u00e9s de Coopelectric y comienza a dictarse a partir del 17 de mayo.<\/p>\n","protected":false},"author":6,"featured_media":453,"comment_status":"closed","ping_status":"closed","sticky":false,"template":"","format":"standard","meta":{"_jetpack_memberships_contains_paid_content":false,"footnotes":""},"categories":[9,1],"tags":[],"class_list":["post-84174","post","type-post","status-publish","format-standard","has-post-thumbnail","hentry","category-cultura","category-portada"],"jetpack_featured_media_url":"https:\/\/i0.wp.com\/cdnoticias.com\/wp-content\/uploads\/2020\/09\/DSC_8512.jpg?fit=4608%2C3072&ssl=1","jetpack_sharing_enabled":true,"_links":{"self":[{"href":"https:\/\/cdnoticias.com\/index.php\/wp-json\/wp\/v2\/posts\/84174","targetHints":{"allow":["GET"]}}],"collection":[{"href":"https:\/\/cdnoticias.com\/index.php\/wp-json\/wp\/v2\/posts"}],"about":[{"href":"https:\/\/cdnoticias.com\/index.php\/wp-json\/wp\/v2\/types\/post"}],"author":[{"embeddable":true,"href":"https:\/\/cdnoticias.com\/index.php\/wp-json\/wp\/v2\/users\/6"}],"replies":[{"embeddable":true,"href":"https:\/\/cdnoticias.com\/index.php\/wp-json\/wp\/v2\/comments?post=84174"}],"version-history":[{"count":0,"href":"https:\/\/cdnoticias.com\/index.php\/wp-json\/wp\/v2\/posts\/84174\/revisions"}],"wp:featuredmedia":[{"embeddable":true,"href":"https:\/\/cdnoticias.com\/index.php\/wp-json\/wp\/v2\/media\/453"}],"wp:attachment":[{"href":"https:\/\/cdnoticias.com\/index.php\/wp-json\/wp\/v2\/media?parent=84174"}],"wp:term":[{"taxonomy":"category","embeddable":true,"href":"https:\/\/cdnoticias.com\/index.php\/wp-json\/wp\/v2\/categories?post=84174"},{"taxonomy":"post_tag","embeddable":true,"href":"https:\/\/cdnoticias.com\/index.php\/wp-json\/wp\/v2\/tags?post=84174"}],"curies":[{"name":"wp","href":"https:\/\/api.w.org\/{rel}","templated":true}]}}