{"id":841,"date":"2020-09-05T10:51:34","date_gmt":"2020-09-05T13:51:34","guid":{"rendered":"http:\/\/www.centraldenoticias.com.ar\/?p=841"},"modified":"2020-09-05T10:51:34","modified_gmt":"2020-09-05T13:51:34","slug":"un-vecino-de-azul-murio-por-covid-19","status":"publish","type":"post","link":"https:\/\/cdnoticias.com\/index.php\/2020\/09\/05\/un-vecino-de-azul-murio-por-covid-19\/","title":{"rendered":"Un vecino de Azul muri\u00f3 por COVID-19"},"content":{"rendered":"<p>Minutos despu\u00e9s de confirmar 3 casos positivos en la vecina localidad, la Municipalidad inform\u00f3 el fallecimiento de un vecino tras contraer la enfermedad. Ten\u00eda 67 a\u00f1os. Ahora son 3 las v\u00edctimas fatales desde el inicio de la pandemia.<!--more--><\/p>\n<hr \/>\n<p>En la jornada de este s\u00e1bado, <strong>el Municipio de Azul inform\u00f3 el fallecimiento de un hombre de 67 a\u00f1os por COVID-19<\/strong>, minutos despu\u00e9s de haber emitido el parte diario donde confirmaron, adem\u00e1s, <strong>3 nuevos casos de contagio del virus.<\/strong><\/p>\n<p>&nbsp;<\/p>\n<blockquote><p>Seg\u00fan logr\u00f3 precisar, tras procesar 9 muestras confirmaron 3 casos positivos, y restar\u00e1 analizar otras 32 de casos sospechosos. Una sola persona fue dada de alta.<\/p><\/blockquote>\n<p>&nbsp;<\/p>\n<p>Sin embargo, <strong>a pocos minutos de haber emitido el parte diario, el Municipio inform\u00f3 v\u00eda redes sociales el fallecimiento del vecino azu\u00f1elo.<\/strong><\/p>\n<p>&nbsp;<\/p>\n<p><strong>En total, son 107 los casos activos (82 en Azul, 2 en Cachar\u00ed y 23 en Chillar)<\/strong> con 172 personas que fueron dadas de alta. En total, 3 personas fallecieron tras haber contra\u00eddo la enfermedad.<\/p>\n","protected":false},"excerpt":{"rendered":"<p>Minutos despu\u00e9s de confirmar 3 casos positivos en la vecina localidad, la Municipalidad inform\u00f3 el fallecimiento de un vecino tras<\/p>\n","protected":false},"author":2,"featured_media":845,"comment_status":"closed","ping_status":"closed","sticky":false,"template":"","format":"standard","meta":{"_jetpack_memberships_contains_paid_content":false,"footnotes":""},"categories":[6,1],"tags":[],"class_list":["post-841","post","type-post","status-publish","format-standard","has-post-thumbnail","hentry","category-nacionales","category-portada"],"jetpack_featured_media_url":"https:\/\/i0.wp.com\/cdnoticias.com\/wp-content\/uploads\/2020\/09\/HospitalPintosAzul.jpg?fit=1731%2C1155&ssl=1","jetpack_sharing_enabled":true,"_links":{"self":[{"href":"https:\/\/cdnoticias.com\/index.php\/wp-json\/wp\/v2\/posts\/841","targetHints":{"allow":["GET"]}}],"collection":[{"href":"https:\/\/cdnoticias.com\/index.php\/wp-json\/wp\/v2\/posts"}],"about":[{"href":"https:\/\/cdnoticias.com\/index.php\/wp-json\/wp\/v2\/types\/post"}],"author":[{"embeddable":true,"href":"https:\/\/cdnoticias.com\/index.php\/wp-json\/wp\/v2\/users\/2"}],"replies":[{"embeddable":true,"href":"https:\/\/cdnoticias.com\/index.php\/wp-json\/wp\/v2\/comments?post=841"}],"version-history":[{"count":0,"href":"https:\/\/cdnoticias.com\/index.php\/wp-json\/wp\/v2\/posts\/841\/revisions"}],"wp:featuredmedia":[{"embeddable":true,"href":"https:\/\/cdnoticias.com\/index.php\/wp-json\/wp\/v2\/media\/845"}],"wp:attachment":[{"href":"https:\/\/cdnoticias.com\/index.php\/wp-json\/wp\/v2\/media?parent=841"}],"wp:term":[{"taxonomy":"category","embeddable":true,"href":"https:\/\/cdnoticias.com\/index.php\/wp-json\/wp\/v2\/categories?post=841"},{"taxonomy":"post_tag","embeddable":true,"href":"https:\/\/cdnoticias.com\/index.php\/wp-json\/wp\/v2\/tags?post=841"}],"curies":[{"name":"wp","href":"https:\/\/api.w.org\/{rel}","templated":true}]}}