{"id":84099,"date":"2023-05-04T20:19:05","date_gmt":"2023-05-04T23:19:05","guid":{"rendered":"https:\/\/www.centraldenoticias.com.ar\/?p=84099"},"modified":"2023-05-04T20:19:05","modified_gmt":"2023-05-04T23:19:05","slug":"vergel-y-matrella-visitaron-la-escuela-primaria-n-41-maipue","status":"publish","type":"post","link":"https:\/\/cdnoticias.com\/index.php\/2023\/05\/04\/vergel-y-matrella-visitaron-la-escuela-primaria-n-41-maipue\/","title":{"rendered":"Vergel y Matrella visitaron la Escuela Primaria N\u00b0 41 &#8220;Maip\u00fae&#8221;"},"content":{"rendered":"<p>Fue en la tarde de este mi\u00e9rcoles con el objetivo de conocer el funcionamiento y las instalaciones de la instituci\u00f3n.<!--more--><\/p>\n<hr \/>\n<p>Durante la tarde de este mi\u00e9rcoles, los concejales de la Uni\u00f3n C\u00edvica Radical, <strong>Bel\u00e9n Vergel y Sebasti\u00e1n Matrella,<\/strong> visitaron la<strong> Escuela Primaria N\u00b0 41 &#8220;Maip\u00fae&#8221;,<\/strong> ubicada en el Paraje La Parda, a 45 kil\u00f3metros del centro de Olavarr\u00eda, y que hace poco cumpli\u00f3 69 a\u00f1os de vida. All\u00ed, fueron recibidos por la directora del establecimiento educativo, Andrea Rojas, y la docente del JIRIMM N\u00b0 406 Cecilia Yapour, con quien comparten el espacio.<\/p>\n<p>&nbsp;<\/p>\n<p>El objetivo de la visita fue &#8220;poder conocer el funcionamiento de la instituci\u00f3n, sus instalaciones y tambi\u00e9n las necesidades y urgencias que presentan&#8221;. Adem\u00e1s, los ediles pudieron ver las remodelaciones que se est\u00e1n llevando adelante y que son &#8220;<strong>costeadas por la propia escuela con la ayuda de las familias de los estudiantes que concurren todos los d\u00edas&#8221;.<\/strong><\/p>\n<p>&nbsp;<\/p>\n<p>En este sentido, desde el colegio destacaron la gran colaboraci\u00f3n de las madres y padres de los alumnos ya que en conjunto organizan <strong>diferentes actividades para poder recaudar fondos<\/strong> y as\u00ed realizar mejoras y refacciones necesarias en los diferentes espacios del lugar.<\/p>\n<p>&nbsp;<\/p>\n<p>En la actualidad, presentan <strong>dificultades con el techo del sal\u00f3n de actos ya que tiene filtraciones de agua.<\/strong> A su vez, tambi\u00e9n requieren de diferentes materiales escolares y art\u00edsticos, para poder ofrecerles diferentes propuestas a los estudiantes.<\/p>\n<p>&nbsp;<\/p>\n<p>Vergel expres\u00f3 que &#8220;fue una visita muy enriquecedora\u201d y que \u201cel rol que cumplen las escuelas rurales es fundamental para un acceso a la educaci\u00f3n igualitaria. La comunidad y los lazos que all\u00ed se han forjado hacen que funcionen como una gran familia&#8221;.<\/p>\n<p>&nbsp;<\/p>\n<p>Por su parte, Matrella indic\u00f3 que &#8220;nos encontramos con una instituci\u00f3n con varias necesidades, pero que cuenta con un fuerte apoyo de los padres de alumnos y ex alumnos que brindan un gran acompa\u00f1amiento&#8221;.<\/p>\n","protected":false},"excerpt":{"rendered":"<p>Fue en la tarde de este mi\u00e9rcoles con el objetivo de conocer el funcionamiento y las instalaciones de la instituci\u00f3n.<\/p>\n","protected":false},"author":6,"featured_media":84101,"comment_status":"closed","ping_status":"closed","sticky":false,"template":"","format":"standard","meta":{"_jetpack_memberships_contains_paid_content":false,"footnotes":""},"categories":[4,1],"tags":[],"class_list":["post-84099","post","type-post","status-publish","format-standard","has-post-thumbnail","hentry","category-politica","category-portada"],"jetpack_featured_media_url":"https:\/\/i0.wp.com\/cdnoticias.com\/wp-content\/uploads\/2023\/05\/DSC_3240-scaled.jpg?fit=2560%2C1707&ssl=1","jetpack_sharing_enabled":true,"_links":{"self":[{"href":"https:\/\/cdnoticias.com\/index.php\/wp-json\/wp\/v2\/posts\/84099","targetHints":{"allow":["GET"]}}],"collection":[{"href":"https:\/\/cdnoticias.com\/index.php\/wp-json\/wp\/v2\/posts"}],"about":[{"href":"https:\/\/cdnoticias.com\/index.php\/wp-json\/wp\/v2\/types\/post"}],"author":[{"embeddable":true,"href":"https:\/\/cdnoticias.com\/index.php\/wp-json\/wp\/v2\/users\/6"}],"replies":[{"embeddable":true,"href":"https:\/\/cdnoticias.com\/index.php\/wp-json\/wp\/v2\/comments?post=84099"}],"version-history":[{"count":0,"href":"https:\/\/cdnoticias.com\/index.php\/wp-json\/wp\/v2\/posts\/84099\/revisions"}],"wp:featuredmedia":[{"embeddable":true,"href":"https:\/\/cdnoticias.com\/index.php\/wp-json\/wp\/v2\/media\/84101"}],"wp:attachment":[{"href":"https:\/\/cdnoticias.com\/index.php\/wp-json\/wp\/v2\/media?parent=84099"}],"wp:term":[{"taxonomy":"category","embeddable":true,"href":"https:\/\/cdnoticias.com\/index.php\/wp-json\/wp\/v2\/categories?post=84099"},{"taxonomy":"post_tag","embeddable":true,"href":"https:\/\/cdnoticias.com\/index.php\/wp-json\/wp\/v2\/tags?post=84099"}],"curies":[{"name":"wp","href":"https:\/\/api.w.org\/{rel}","templated":true}]}}