{"id":8407,"date":"2020-12-07T16:56:51","date_gmt":"2020-12-07T19:56:51","guid":{"rendered":"http:\/\/www.centraldenoticias.com.ar\/?p=8407"},"modified":"2023-10-23T18:40:54","modified_gmt":"2023-10-23T21:40:54","slug":"desde-la-policia-piden-reconocer-varios-elementos-secuestrados","status":"publish","type":"post","link":"https:\/\/cdnoticias.com\/index.php\/2020\/12\/07\/desde-la-policia-piden-reconocer-varios-elementos-secuestrados\/","title":{"rendered":"Desde la polic\u00eda piden reconocer  varios elementos secuestrados"},"content":{"rendered":"<p>Una bicicleta, una moto e inclusive una cortadora de c\u00e9sped. Todo fue incautado en distintos operativos y ahora buscan sus due\u00f1os.<\/p>\n<p><!--more--><\/p>\n<hr \/>\n<p>En la jornada de este lunes desde la Estaci\u00f3n de Polic\u00eda Departamental Olavarr\u00eda se emitieron varios comunicados para <strong>lograr dar con los due\u00f1os de distintos elementos que han sido secuestrados en operativos policiales.<\/strong><\/p>\n<p>&nbsp;<\/p>\n<p><img data-recalc-dims=\"1\" loading=\"lazy\" decoding=\"async\" class=\"alignnone size-large wp-image-4436\" src=\"https:\/\/i0.wp.com\/cdnoticias.com\/wp-content\/uploads\/2020\/10\/departamental-comandopatrullas2.jpg?resize=800%2C450&#038;ssl=1\" alt=\"\" width=\"800\" height=\"450\" srcset=\"https:\/\/i0.wp.com\/cdnoticias.com\/wp-content\/uploads\/2020\/10\/departamental-comandopatrullas2.jpg?resize=1024%2C576&amp;ssl=1 1024w, https:\/\/i0.wp.com\/cdnoticias.com\/wp-content\/uploads\/2020\/10\/departamental-comandopatrullas2.jpg?resize=300%2C169&amp;ssl=1 300w, https:\/\/i0.wp.com\/cdnoticias.com\/wp-content\/uploads\/2020\/10\/departamental-comandopatrullas2.jpg?resize=768%2C432&amp;ssl=1 768w, https:\/\/i0.wp.com\/cdnoticias.com\/wp-content\/uploads\/2020\/10\/departamental-comandopatrullas2.jpg?w=1152&amp;ssl=1 1152w\" sizes=\"auto, (max-width: 800px) 100vw, 800px\" \/><\/p>\n<p>&nbsp;<\/p>\n<p>Uno de esos casos es un ciclomotor que permanece incautado en la sede de la comisar\u00eda Primera. Se trata de una <strong>Mondial de 110 cc del color gris verdoso, la cual se encuentra por estas horas a disposici\u00f3n de la fiscal\u00eda 7, del doctor Christian Url\u00e9zaga.<\/strong><\/p>\n<p>&nbsp;<\/p>\n<p>Quien la identifique y tenga los documentos para acreditar su propiedad se pide que se <strong>acerque a la seccional policial ubicada sobre Belgrano 2439 en el horario de 9 a 13, ya que deber\u00e1 entrevistarse con el personal de la oficina de judiciales. Tambi\u00e9n se pueden hacer consultas al 423968.<\/strong><\/p>\n<p>&nbsp;<\/p>\n<p><img data-recalc-dims=\"1\" loading=\"lazy\" decoding=\"async\" class=\"alignnone size-large wp-image-8409\" src=\"https:\/\/i0.wp.com\/cdnoticias.com\/wp-content\/uploads\/2020\/12\/WhatsApp-Image-2020-12-07-at-10.33.41.jpeg?resize=800%2C450&#038;ssl=1\" alt=\"\" width=\"800\" height=\"450\" srcset=\"https:\/\/i0.wp.com\/cdnoticias.com\/wp-content\/uploads\/2020\/12\/WhatsApp-Image-2020-12-07-at-10.33.41.jpeg?resize=1024%2C576&amp;ssl=1 1024w, https:\/\/i0.wp.com\/cdnoticias.com\/wp-content\/uploads\/2020\/12\/WhatsApp-Image-2020-12-07-at-10.33.41.jpeg?resize=300%2C169&amp;ssl=1 300w, https:\/\/i0.wp.com\/cdnoticias.com\/wp-content\/uploads\/2020\/12\/WhatsApp-Image-2020-12-07-at-10.33.41.jpeg?resize=768%2C432&amp;ssl=1 768w, https:\/\/i0.wp.com\/cdnoticias.com\/wp-content\/uploads\/2020\/12\/WhatsApp-Image-2020-12-07-at-10.33.41.jpeg?w=1152&amp;ssl=1 1152w\" sizes=\"auto, (max-width: 800px) 100vw, 800px\" \/><\/p>\n<p>&nbsp;<\/p>\n<p>Tambi\u00e9n en esa comisar\u00eda se encuentran <strong>un cargador de carabina, una ri\u00f1onera de color negra, tres llaves tipo Allen y numerosos cartuchos y proyectiles<\/strong>. El secuestro de esos elementos tambi\u00e9n fue encuadrado, en principio, como hallazgo desde Unidad Funcional de Instrucci\u00f3n y Juicio N\u00b0 7.<\/p>\n<p>&nbsp;<\/p>\n<p>Del mismo modo deber\u00e1 obrar quien identifique <strong>una cortadora de c\u00e9sped naftera marca Gamma, de color celeste y negro y el propietario de una bicicleta con cuadro de paseo de mujer de color azul<\/strong>, con detalles en gris y porta equipaje en la parte trasera.<\/p>\n","protected":false},"excerpt":{"rendered":"<p>Una bicicleta, una moto e inclusive una cortadora de c\u00e9sped. Todo fue incautado en distintos operativos y ahora buscan sus<\/p>\n","protected":false},"author":3,"featured_media":8408,"comment_status":"closed","ping_status":"closed","sticky":false,"template":"","format":"standard","meta":{"_jetpack_memberships_contains_paid_content":false,"footnotes":""},"categories":[1],"tags":[],"class_list":["post-8407","post","type-post","status-publish","format-standard","has-post-thumbnail","hentry","category-portada"],"jetpack_featured_media_url":"https:\/\/i0.wp.com\/cdnoticias.com\/wp-content\/uploads\/2020\/12\/secuestros.jpg?fit=1075%2C560&ssl=1","jetpack_sharing_enabled":true,"_links":{"self":[{"href":"https:\/\/cdnoticias.com\/index.php\/wp-json\/wp\/v2\/posts\/8407","targetHints":{"allow":["GET"]}}],"collection":[{"href":"https:\/\/cdnoticias.com\/index.php\/wp-json\/wp\/v2\/posts"}],"about":[{"href":"https:\/\/cdnoticias.com\/index.php\/wp-json\/wp\/v2\/types\/post"}],"author":[{"embeddable":true,"href":"https:\/\/cdnoticias.com\/index.php\/wp-json\/wp\/v2\/users\/3"}],"replies":[{"embeddable":true,"href":"https:\/\/cdnoticias.com\/index.php\/wp-json\/wp\/v2\/comments?post=8407"}],"version-history":[{"count":0,"href":"https:\/\/cdnoticias.com\/index.php\/wp-json\/wp\/v2\/posts\/8407\/revisions"}],"wp:featuredmedia":[{"embeddable":true,"href":"https:\/\/cdnoticias.com\/index.php\/wp-json\/wp\/v2\/media\/8408"}],"wp:attachment":[{"href":"https:\/\/cdnoticias.com\/index.php\/wp-json\/wp\/v2\/media?parent=8407"}],"wp:term":[{"taxonomy":"category","embeddable":true,"href":"https:\/\/cdnoticias.com\/index.php\/wp-json\/wp\/v2\/categories?post=8407"},{"taxonomy":"post_tag","embeddable":true,"href":"https:\/\/cdnoticias.com\/index.php\/wp-json\/wp\/v2\/tags?post=8407"}],"curies":[{"name":"wp","href":"https:\/\/api.w.org\/{rel}","templated":true}]}}