{"id":84034,"date":"2023-05-04T11:51:06","date_gmt":"2023-05-04T14:51:06","guid":{"rendered":"https:\/\/www.centraldenoticias.com.ar\/?p=84034"},"modified":"2023-05-04T13:52:36","modified_gmt":"2023-05-04T16:52:36","slug":"baterias-secuestradas-habian-sido-robadas-de-una-cantera","status":"publish","type":"post","link":"https:\/\/cdnoticias.com\/index.php\/2023\/05\/04\/baterias-secuestradas-habian-sido-robadas-de-una-cantera\/","title":{"rendered":"Bater\u00edas secuestradas: hab\u00edan sido robadas de una cantera"},"content":{"rendered":"<p>Se estableci\u00f3 que dos bater\u00edas que hab\u00edan sido halladas por personal de la Subcomisar\u00eda de Sierras Bayas, fueron sustra\u00eddas de la empresa Cerro del \u00c1guila Cantera Puma.<\/p>\n<p><!--more--><\/p>\n<hr \/>\n<p>Desde la <strong>Subcomisar\u00eda de Sierras Bayas<\/strong> se esclareci\u00f3 el <a href=\"https:\/\/cdnoticias.com\/index.php\/2023\/04\/27\/interceptaron-a-dos-hombres-con-baterias-presuntamente-robadas\/\">hallazgo de dos bater\u00edas que se presum\u00edan robadas<\/a>: se constat\u00f3 que efectivamente as\u00ed era y se logr\u00f3 dar con las v\u00edctimas.<\/p>\n<p>&nbsp;<\/p>\n<p>Seg\u00fan se inform\u00f3 desde dicha dependencia policial, <strong>las actuaciones iniciales se hicieron el 26 de abril<\/strong> con el <strong>recogimiento de dos bater\u00edas marca Varta<\/strong> y otros elementos en poder de <strong>dos hombres, quienes no pudieron justificar su propiedad.<\/strong><\/p>\n<p>&nbsp;<\/p>\n<p>Los efectivos de Sierras Bayas tomaron<strong> distintas medidas investigativas y se difundi\u00f3 en los medios el hallazgo<\/strong>. As\u00ed se tomaron declaraciones testimoniales y se obtuvieron filmaciones que permitieron establecer lo sucedido.<\/p>\n<p>&nbsp;<\/p>\n<blockquote><p>Los elementos recogidos hab\u00edan sido robados ese mismo d\u00eda en Cerro del \u00c1guila Cantera Puma.\u00a0El encargado de la explotaci\u00f3n brind\u00f3 su testimonio y reconoci\u00f3 las bater\u00edas adem\u00e1s de aportar las facturas de compra.<\/p><\/blockquote>\n<p>&nbsp;<\/p>\n<p>Se inform\u00f3 adem\u00e1s que <strong>el magistrado de intervenci\u00f3n dispuso que los imputados, dos hombres, sean notificados de la formaci\u00f3n de la causa<\/strong> en su contra y entregar de manera provisoria los elementos recogidos al denunciante.<\/p>\n<p>&nbsp;<\/p>\n<p>De esta manera, las actuaciones caratuladas \u201caveriguaci\u00f3n de presunto il\u00edcito\u201d fueron recaratuladas<strong> \u201churto \u2013 art\u00edculo 162\u201d<\/strong>. Intervienen la UFI N\u00ba 10 y el Juzgado N\u00ba 1 de Olavarr\u00eda.<\/p>\n<p>&nbsp;<\/p>\n","protected":false},"excerpt":{"rendered":"<p>Se estableci\u00f3 que dos bater\u00edas que hab\u00edan sido halladas por personal de la Subcomisar\u00eda de Sierras Bayas, fueron sustra\u00eddas de<\/p>\n","protected":false},"author":4,"featured_media":84035,"comment_status":"closed","ping_status":"closed","sticky":false,"template":"","format":"standard","meta":{"_jetpack_memberships_contains_paid_content":false,"footnotes":""},"categories":[14,1],"tags":[],"class_list":["post-84034","post","type-post","status-publish","format-standard","has-post-thumbnail","hentry","category-policiales","category-portada"],"jetpack_featured_media_url":"https:\/\/i0.wp.com\/cdnoticias.com\/wp-content\/uploads\/2023\/05\/sierras-bayas-baterias-robadas.jpg?fit=800%2C446&ssl=1","jetpack_sharing_enabled":true,"_links":{"self":[{"href":"https:\/\/cdnoticias.com\/index.php\/wp-json\/wp\/v2\/posts\/84034","targetHints":{"allow":["GET"]}}],"collection":[{"href":"https:\/\/cdnoticias.com\/index.php\/wp-json\/wp\/v2\/posts"}],"about":[{"href":"https:\/\/cdnoticias.com\/index.php\/wp-json\/wp\/v2\/types\/post"}],"author":[{"embeddable":true,"href":"https:\/\/cdnoticias.com\/index.php\/wp-json\/wp\/v2\/users\/4"}],"replies":[{"embeddable":true,"href":"https:\/\/cdnoticias.com\/index.php\/wp-json\/wp\/v2\/comments?post=84034"}],"version-history":[{"count":0,"href":"https:\/\/cdnoticias.com\/index.php\/wp-json\/wp\/v2\/posts\/84034\/revisions"}],"wp:featuredmedia":[{"embeddable":true,"href":"https:\/\/cdnoticias.com\/index.php\/wp-json\/wp\/v2\/media\/84035"}],"wp:attachment":[{"href":"https:\/\/cdnoticias.com\/index.php\/wp-json\/wp\/v2\/media?parent=84034"}],"wp:term":[{"taxonomy":"category","embeddable":true,"href":"https:\/\/cdnoticias.com\/index.php\/wp-json\/wp\/v2\/categories?post=84034"},{"taxonomy":"post_tag","embeddable":true,"href":"https:\/\/cdnoticias.com\/index.php\/wp-json\/wp\/v2\/tags?post=84034"}],"curies":[{"name":"wp","href":"https:\/\/api.w.org\/{rel}","templated":true}]}}