{"id":83976,"date":"2023-05-03T17:06:02","date_gmt":"2023-05-03T20:06:02","guid":{"rendered":"https:\/\/www.centraldenoticias.com.ar\/?p=83976"},"modified":"2023-05-03T18:10:13","modified_gmt":"2023-05-03T21:10:13","slug":"maximiliano-wesner-acompano-al-gobernador-kicillof-en-su-recorrida-por-azul","status":"publish","type":"post","link":"https:\/\/cdnoticias.com\/index.php\/2023\/05\/03\/maximiliano-wesner-acompano-al-gobernador-kicillof-en-su-recorrida-por-azul\/","title":{"rendered":"Maximiliano Wesner acompa\u00f1\u00f3 al gobernador Kicillof en su recorrida por Azul"},"content":{"rendered":"<p>El funcionario particip\u00f3 junto al mandatario durante la apertura del IX Congreso de Agrobiotecnolog\u00eda. <!--more--><\/p>\n<hr \/>\n<p>Este mi\u00e9rcoles<strong> el gobernador Axel Kicillof encabez\u00f3 en Azul la apertura del IX Congreso de Agrobiotecnolog\u00eda<\/strong>, junto al rector de la UNICEN, Marcelo Alba, el intendente Hern\u00e1n Bertellys y el ministro Javier Rodr\u00edguez. <strong>El funcionario olavarriense Maximiliano Wesner particip\u00f3 de la actividad y acompa\u00f1\u00f3 al mandatario.<\/strong><\/p>\n<p>&nbsp;<\/p>\n<p><em>\u201cEl discurso del Gobernador fue impecable, no solo hizo referencia a la educaci\u00f3n, el desarrollo productivo y la investigaci\u00f3n tecnol\u00f3gica, sino que tambi\u00e9n detall\u00f3 las pol\u00edticas p\u00fablicas que se est\u00e1n ejecutando en todo el territorio bonaerense para una verdadera integraci\u00f3n y que todos puedan acceder a diferentes propuestas de formaci\u00f3n y desarrollo en sus ciudades\u201d<\/em>, destac\u00f3 Wesner.<\/p>\n<p>&nbsp;<\/p>\n<p>En la misma l\u00ednea agreg\u00f3: <strong><em>\u201cMe pareci\u00f3 un punto central ya que es lo que venimos planteando nosotros como parte de los distritos del interior y en lo que ponemos el foco a la hora de gestionar, tenemos que ampliar las oportunidades para que nadie tenga que dejar su lugar de origen si quiere seguir progresando\u201d.<\/em><\/strong><\/p>\n<p>&nbsp;<\/p>\n<p>Por \u00faltimo, confirm\u00f3 que pudo mantener un di\u00e1logo con el mandatario bonaerense y <strong><em>\u201cme confirm\u00f3 que visitar\u00e1 Olavarr\u00eda pr\u00f3ximamente\u201d.<\/em><\/strong><\/p>\n","protected":false},"excerpt":{"rendered":"<p>El funcionario particip\u00f3 junto al mandatario durante la apertura del IX Congreso de Agrobiotecnolog\u00eda.<\/p>\n","protected":false},"author":2,"featured_media":83977,"comment_status":"closed","ping_status":"closed","sticky":false,"template":"","format":"standard","meta":{"_jetpack_memberships_contains_paid_content":false,"footnotes":""},"categories":[4,1],"tags":[],"class_list":["post-83976","post","type-post","status-publish","format-standard","has-post-thumbnail","hentry","category-politica","category-portada"],"jetpack_featured_media_url":"https:\/\/i0.wp.com\/cdnoticias.com\/wp-content\/uploads\/2023\/05\/WhatsApp-Image-2023-05-03-at-14.29.01.jpeg?fit=1599%2C1066&ssl=1","jetpack_sharing_enabled":true,"_links":{"self":[{"href":"https:\/\/cdnoticias.com\/index.php\/wp-json\/wp\/v2\/posts\/83976","targetHints":{"allow":["GET"]}}],"collection":[{"href":"https:\/\/cdnoticias.com\/index.php\/wp-json\/wp\/v2\/posts"}],"about":[{"href":"https:\/\/cdnoticias.com\/index.php\/wp-json\/wp\/v2\/types\/post"}],"author":[{"embeddable":true,"href":"https:\/\/cdnoticias.com\/index.php\/wp-json\/wp\/v2\/users\/2"}],"replies":[{"embeddable":true,"href":"https:\/\/cdnoticias.com\/index.php\/wp-json\/wp\/v2\/comments?post=83976"}],"version-history":[{"count":0,"href":"https:\/\/cdnoticias.com\/index.php\/wp-json\/wp\/v2\/posts\/83976\/revisions"}],"wp:featuredmedia":[{"embeddable":true,"href":"https:\/\/cdnoticias.com\/index.php\/wp-json\/wp\/v2\/media\/83977"}],"wp:attachment":[{"href":"https:\/\/cdnoticias.com\/index.php\/wp-json\/wp\/v2\/media?parent=83976"}],"wp:term":[{"taxonomy":"category","embeddable":true,"href":"https:\/\/cdnoticias.com\/index.php\/wp-json\/wp\/v2\/categories?post=83976"},{"taxonomy":"post_tag","embeddable":true,"href":"https:\/\/cdnoticias.com\/index.php\/wp-json\/wp\/v2\/tags?post=83976"}],"curies":[{"name":"wp","href":"https:\/\/api.w.org\/{rel}","templated":true}]}}