{"id":83913,"date":"2023-05-03T18:30:08","date_gmt":"2023-05-03T21:30:08","guid":{"rendered":"https:\/\/www.centraldenoticias.com.ar\/?p=83913"},"modified":"2023-05-03T18:30:08","modified_gmt":"2023-05-03T21:30:08","slug":"ezequiel-galli-visito-a-las-trabajadoras-del-proyecto-nosotras","status":"publish","type":"post","link":"https:\/\/cdnoticias.com\/index.php\/2023\/05\/03\/ezequiel-galli-visito-a-las-trabajadoras-del-proyecto-nosotras\/","title":{"rendered":"Ezequiel Galli visit\u00f3 a las trabajadoras del proyecto \u201cNosotras\u201d"},"content":{"rendered":"<p>A trav\u00e9s del programa que comenz\u00f3 su segunda etapa, se promueven empleos genuinos a mujeres en situaci\u00f3n de violencia de g\u00e9nero.<!--more--><\/p>\n<hr \/>\n<p>En la ma\u00f1ana de este martes, el<strong> intendente Ezequiel Galli<\/strong> visit\u00f3 a las <strong>mujeres que forman parte de la segunda etapa <\/strong>del programa \u201c<em><strong>Nosotras\u201d. <\/strong><\/em>Las mujeres que lo integran ya fueron seleccionadas previamente, por haber transitado la Direcci\u00f3n de Pol\u00edticas de G\u00e9nero, y adherir a los dispositivos institucionales que desarrollan.<\/p>\n<p>&nbsp;<\/p>\n<p>Acompa\u00f1aron al intendente el secretario de Desarrollo Humano y Calidad de Vida Diego Robbiani, el subsecretario de Seguridad Mario Busto, la subsecretaria de Derechos, Igualdad y Oportunidades Valeria Chiramberro, la directora de Pol\u00edticas de G\u00e9nero Florencia Caro y dem\u00e1s integrantes del equipo de la DPG.<\/p>\n<p>&nbsp;<\/p>\n<p><em><strong>\u201cNosotras\u201d<\/strong> <\/em>es una iniciativa conjunta entre la Secretar\u00eda de Desarrollo Humano y Calidad de Vida, a trav\u00e9s de la Direcci\u00f3n de Pol\u00edticas de G\u00e9nero, la Secretar\u00eda de Mantenimiento y Obras P\u00fablicas y la Subsecretar\u00eda de Seguridad.<\/p>\n<p>&nbsp;<\/p>\n<p>En este marco, las mujeres involucradas en el programa llevan adelante diferentes<strong> tareas en el \u00e1mbito urbano de la ciudad<\/strong>. En esta segunda etapa<strong> se incorporaron diez personas al programa<\/strong>, cinco de las cuales trabajan en el \u00e1rea de seguridad y las restantes cinco en obras p\u00fablicas.<\/p>\n<p>&nbsp;<\/p>\n<p><img data-recalc-dims=\"1\" loading=\"lazy\" decoding=\"async\" class=\"alignnone size-full wp-image-83915\" src=\"https:\/\/i0.wp.com\/cdnoticias.com\/wp-content\/uploads\/2023\/05\/DH-Presentacion-Programa-Nosotras-2-scaled-1.jpg?resize=800%2C535&#038;ssl=1\" alt=\"\" width=\"800\" height=\"535\" srcset=\"https:\/\/i0.wp.com\/cdnoticias.com\/wp-content\/uploads\/2023\/05\/DH-Presentacion-Programa-Nosotras-2-scaled-1.jpg?w=2560&amp;ssl=1 2560w, https:\/\/i0.wp.com\/cdnoticias.com\/wp-content\/uploads\/2023\/05\/DH-Presentacion-Programa-Nosotras-2-scaled-1.jpg?resize=300%2C201&amp;ssl=1 300w, https:\/\/i0.wp.com\/cdnoticias.com\/wp-content\/uploads\/2023\/05\/DH-Presentacion-Programa-Nosotras-2-scaled-1.jpg?resize=1024%2C684&amp;ssl=1 1024w, https:\/\/i0.wp.com\/cdnoticias.com\/wp-content\/uploads\/2023\/05\/DH-Presentacion-Programa-Nosotras-2-scaled-1.jpg?resize=768%2C513&amp;ssl=1 768w, https:\/\/i0.wp.com\/cdnoticias.com\/wp-content\/uploads\/2023\/05\/DH-Presentacion-Programa-Nosotras-2-scaled-1.jpg?resize=1536%2C1027&amp;ssl=1 1536w, https:\/\/i0.wp.com\/cdnoticias.com\/wp-content\/uploads\/2023\/05\/DH-Presentacion-Programa-Nosotras-2-scaled-1.jpg?resize=2048%2C1369&amp;ssl=1 2048w, https:\/\/i0.wp.com\/cdnoticias.com\/wp-content\/uploads\/2023\/05\/DH-Presentacion-Programa-Nosotras-2-scaled-1.jpg?resize=272%2C182&amp;ssl=1 272w, https:\/\/i0.wp.com\/cdnoticias.com\/wp-content\/uploads\/2023\/05\/DH-Presentacion-Programa-Nosotras-2-scaled-1.jpg?w=1600&amp;ssl=1 1600w, https:\/\/i0.wp.com\/cdnoticias.com\/wp-content\/uploads\/2023\/05\/DH-Presentacion-Programa-Nosotras-2-scaled-1.jpg?w=2400&amp;ssl=1 2400w\" sizes=\"auto, (max-width: 800px) 100vw, 800px\" \/><\/p>\n<p>&nbsp;<\/p>\n<blockquote><p>Respecto a las tareas efectuadas por las mujeres incorporadas bajo la \u00f3rbita de la Subsecretar\u00eda de Seguridad; se lleva adelante marcaci\u00f3n de paradas de micros y colocaci\u00f3n de conos de visibilidad. En cuanto a obras p\u00fablicas, las trabajadoras realizan tareas de mantenimiento y embellecimiento de la ciudad (limpieza y remociones).<\/p><\/blockquote>\n<p>&nbsp;<\/p>\n<p>El proyecto \u201cNosotras\u201d responde a la necesidad de<strong> generar empleo genuino en las mujeres y disidencias que atraviesan, o han atravesado, situaciones de violencia de g\u00e9nero,<\/strong> y facilitar como Estado oportunidades de emprender iniciativas viables econ\u00f3micamente, en vistas a la autonom\u00eda de sus participantes que, eventualmente, han sufrido la vulneraci\u00f3n de derechos en sus trayectorias de vida, y el factor econ\u00f3mico no est\u00e1 exento en este panorama.<\/p>\n<p>&nbsp;<\/p>\n<p><em><strong>\u201cPara nosotros es un placer poder seguir adelante con el programa, hemos visto que han estado trabajando y poniendo linda la ciudad de a poquito<\/strong><\/em>\u201d expres\u00f3 Galli, al tiempo que explic\u00f3 que \u201ces un proyecto que surgi\u00f3 de una idea de un viaje, empezamos a darle forma, a trabajarlo, estamos convencidos que este programa es un \u00e9xito y adem\u00e1s dignifica. Ampliar este proyecto para nosotros es hermoso, todo el equipo est\u00e1 emocionado. <strong><em>Sabemos que ha salido muy bien la primera etapa, as\u00ed que no tengo dudas que ser\u00e1 as\u00ed y que puede seguir creciendo, hay mucho por hacer a\u00fan\u201d.<\/em><\/strong><\/p>\n<p>&nbsp;<\/p>\n<p><em>\u201cHay mucho por hacer en la ciudad, la ciudad crece, se mueve y hay que trabajar. Que puedan tener un trabajo, que puedan demostrar sus capacidades, realmente es algo que para nosotros es maravilloso, me alegra de coraz\u00f3n y las felicito a las diez que se incorporan. Bienvenidas al programa y a trabajar. Qu\u00e9 m\u00e1s lindo que poder trabajar y salir adelante. El equipo obviamente est\u00e1 a disposici\u00f3n de ustedes\u201d,<\/em> concluy\u00f3 el Intendente.<\/p>\n<p>&nbsp;<\/p>\n<p>&nbsp;<\/p>\n","protected":false},"excerpt":{"rendered":"<p>A trav\u00e9s del programa que comenz\u00f3 su segunda etapa, se promueven empleos genuinos a mujeres en situaci\u00f3n de violencia de<\/p>\n","protected":false},"author":6,"featured_media":83914,"comment_status":"closed","ping_status":"closed","sticky":false,"template":"","format":"standard","meta":{"_jetpack_memberships_contains_paid_content":false,"footnotes":""},"categories":[3,1],"tags":[],"class_list":["post-83913","post","type-post","status-publish","format-standard","has-post-thumbnail","hentry","category-genero","category-portada"],"jetpack_featured_media_url":"https:\/\/i0.wp.com\/cdnoticias.com\/wp-content\/uploads\/2023\/05\/DH-Presentacion-Programa-Nosotras-1-scaled-1.jpg?fit=2560%2C1711&ssl=1","jetpack_sharing_enabled":true,"_links":{"self":[{"href":"https:\/\/cdnoticias.com\/index.php\/wp-json\/wp\/v2\/posts\/83913","targetHints":{"allow":["GET"]}}],"collection":[{"href":"https:\/\/cdnoticias.com\/index.php\/wp-json\/wp\/v2\/posts"}],"about":[{"href":"https:\/\/cdnoticias.com\/index.php\/wp-json\/wp\/v2\/types\/post"}],"author":[{"embeddable":true,"href":"https:\/\/cdnoticias.com\/index.php\/wp-json\/wp\/v2\/users\/6"}],"replies":[{"embeddable":true,"href":"https:\/\/cdnoticias.com\/index.php\/wp-json\/wp\/v2\/comments?post=83913"}],"version-history":[{"count":0,"href":"https:\/\/cdnoticias.com\/index.php\/wp-json\/wp\/v2\/posts\/83913\/revisions"}],"wp:featuredmedia":[{"embeddable":true,"href":"https:\/\/cdnoticias.com\/index.php\/wp-json\/wp\/v2\/media\/83914"}],"wp:attachment":[{"href":"https:\/\/cdnoticias.com\/index.php\/wp-json\/wp\/v2\/media?parent=83913"}],"wp:term":[{"taxonomy":"category","embeddable":true,"href":"https:\/\/cdnoticias.com\/index.php\/wp-json\/wp\/v2\/categories?post=83913"},{"taxonomy":"post_tag","embeddable":true,"href":"https:\/\/cdnoticias.com\/index.php\/wp-json\/wp\/v2\/tags?post=83913"}],"curies":[{"name":"wp","href":"https:\/\/api.w.org\/{rel}","templated":true}]}}