{"id":83909,"date":"2023-05-02T19:00:42","date_gmt":"2023-05-02T22:00:42","guid":{"rendered":"https:\/\/www.centraldenoticias.com.ar\/?p=83909"},"modified":"2023-05-02T19:00:42","modified_gmt":"2023-05-02T22:00:42","slug":"fallecio-lucas-aguirre-el-joven-accidentado-en-ruta-226","status":"publish","type":"post","link":"https:\/\/cdnoticias.com\/index.php\/2023\/05\/02\/fallecio-lucas-aguirre-el-joven-accidentado-en-ruta-226\/","title":{"rendered":"Falleci\u00f3 Lucas Aguirre, el joven accidentado en Ruta 226"},"content":{"rendered":"<p>Fue en la madrugada de este domingo. El hecho ocurri\u00f3 el pasado 25 de abril cuando la bicicleta en la que se transportaba fue atropellada por una camioneta Citro\u00ebn Berlingo, conducida por un olavarriense.<br \/>\n<!--more--><\/p>\n<hr \/>\n<p>En la madrugada de este domingo<strong> falleci\u00f3 el joven Lucas Aguirre,<\/strong> quien d\u00edas atr\u00e1s hab\u00eda protagonizado un <strong>accidente de tr\u00e1nsito en la Ruta 226.<\/strong><\/p>\n<p>&nbsp;<\/p>\n<p>Su estado era cr\u00edtico y se encontraba internado en Jun\u00edn tras ser trasladado desde del Hospital de Bol\u00edvar. El siniestro que le cost\u00f3 la vida<a href=\"https:\/\/cdnoticias.com\/index.php\/2023\/04\/26\/olavarrienses-involucrados-en-un-grave-choque-en-ruta-226-en-bolivar\/\" target=\"_blank\" rel=\"noopener\"> ocurri\u00f3 el pasado 25 de abril<\/a> a la altura del Club Alem cuando la bicicleta en la que se transportaba <strong>fue atropellada por una camioneta Citro\u00ebn Berlingo <\/strong>conducida por un olavarriense.<\/p>\n<p>&nbsp;<\/p>\n<p>En las horas previas al triste desenlace, familiares y amigos hab\u00edan iniciado una cadena de oraci\u00f3n y tambi\u00e9n solicitaban dadores de sangre. En las pr\u00f3ximas horas se realizar\u00eda la autopsia, indispensable para continuar desde ahora con la causa judicial.<\/p>\n<p>&nbsp;<\/p>\n<p><em>Fuente: La Ma\u00f1ana de Bol\u00edvar<\/em><\/p>\n","protected":false},"excerpt":{"rendered":"<p>Fue en la madrugada de este domingo. El hecho ocurri\u00f3 el pasado 25 de abril cuando la bicicleta en la<\/p>\n","protected":false},"author":6,"featured_media":83910,"comment_status":"closed","ping_status":"closed","sticky":false,"template":"","format":"standard","meta":{"_jetpack_memberships_contains_paid_content":false,"footnotes":""},"categories":[14,1],"tags":[],"class_list":["post-83909","post","type-post","status-publish","format-standard","has-post-thumbnail","hentry","category-policiales","category-portada"],"jetpack_featured_media_url":"https:\/\/i0.wp.com\/cdnoticias.com\/wp-content\/uploads\/2023\/05\/diario-la-manana-choque-ruta-226-a.jpg?fit=800%2C445&ssl=1","jetpack_sharing_enabled":true,"_links":{"self":[{"href":"https:\/\/cdnoticias.com\/index.php\/wp-json\/wp\/v2\/posts\/83909","targetHints":{"allow":["GET"]}}],"collection":[{"href":"https:\/\/cdnoticias.com\/index.php\/wp-json\/wp\/v2\/posts"}],"about":[{"href":"https:\/\/cdnoticias.com\/index.php\/wp-json\/wp\/v2\/types\/post"}],"author":[{"embeddable":true,"href":"https:\/\/cdnoticias.com\/index.php\/wp-json\/wp\/v2\/users\/6"}],"replies":[{"embeddable":true,"href":"https:\/\/cdnoticias.com\/index.php\/wp-json\/wp\/v2\/comments?post=83909"}],"version-history":[{"count":0,"href":"https:\/\/cdnoticias.com\/index.php\/wp-json\/wp\/v2\/posts\/83909\/revisions"}],"wp:featuredmedia":[{"embeddable":true,"href":"https:\/\/cdnoticias.com\/index.php\/wp-json\/wp\/v2\/media\/83910"}],"wp:attachment":[{"href":"https:\/\/cdnoticias.com\/index.php\/wp-json\/wp\/v2\/media?parent=83909"}],"wp:term":[{"taxonomy":"category","embeddable":true,"href":"https:\/\/cdnoticias.com\/index.php\/wp-json\/wp\/v2\/categories?post=83909"},{"taxonomy":"post_tag","embeddable":true,"href":"https:\/\/cdnoticias.com\/index.php\/wp-json\/wp\/v2\/tags?post=83909"}],"curies":[{"name":"wp","href":"https:\/\/api.w.org\/{rel}","templated":true}]}}