{"id":83903,"date":"2023-05-03T17:30:03","date_gmt":"2023-05-03T20:30:03","guid":{"rendered":"https:\/\/www.centraldenoticias.com.ar\/?p=83903"},"modified":"2023-05-03T17:30:03","modified_gmt":"2023-05-03T20:30:03","slug":"provincia-creo-un-registro-de-salas-de-teatro-independientes-y-centros-culturales","status":"publish","type":"post","link":"https:\/\/cdnoticias.com\/index.php\/2023\/05\/03\/provincia-creo-un-registro-de-salas-de-teatro-independientes-y-centros-culturales\/","title":{"rendered":"Provincia cre\u00f3 un registro de salas de teatro independientes y centros culturales"},"content":{"rendered":"<p>Los objetivos ser\u00e1n relevar informaci\u00f3n, facilitar pol\u00edticas p\u00fablicas y promover la formalizaci\u00f3n de este sector.<!--more--><\/p>\n<hr \/>\n<p>El Gobierno bonaerense crear\u00e1 un <strong>registro de salas de teatro independientes y centros culturales<\/strong> con los <strong>objetivos de relevar informaci\u00f3n, facilitar pol\u00edticas p\u00fablicas y promover la formalizaci\u00f3n de este sector.<\/strong><\/p>\n<p>&nbsp;<\/p>\n<p>La creaci\u00f3n del \u201c<em><strong>Registro \u00danico de Salas de Teatro Independiente, Centros Culturales y Espacios Culturales Alternativos<\/strong><\/em>\u201d (Rusticceca) fue aprobada en el Bolet\u00edn Oficial bonaerense, a trav\u00e9s de la resoluci\u00f3n N\u00ba 1.137\/23 del Instituto Cultural.<\/p>\n<p>&nbsp;<\/p>\n<p>El registro es promovido en el marco de la ley provincial N\u00b0 15.302 que busca \u201cregular la habilitaci\u00f3n para el funcionamiento de Salas de Teatro Independiente, Centros Culturales y Espacios Culturales Alternativos dentro del territorio de la provincia de Buenos Aires\u201d.<\/p>\n<p>&nbsp;<\/p>\n<p>\u201cLas Salas de Teatro Independiente, Centros Culturales y Espacios Culturales Alternativos que pretendan obtener la habilitaci\u00f3n para su funcionamiento deber\u00e1n estar inscriptos en dicho Registro Permanente\u201d, indica el documento que presenta el registro.<\/p>\n<p>&nbsp;<\/p>\n<p><em><strong>\u201cLos municipios adheridos y que se adhieran a la Ley Provincial N\u00ba 15.302 deber\u00e1n crear sus propios registros y suministrar los datos obtenidos a este Instituto Cultural de la Provincia de Buenos Aires, colaborando en la confecci\u00f3n y actualizaci\u00f3n de los registros provinciales en la materia<\/strong><\/em>\u201d agregaron.<\/p>\n<p>&nbsp;<\/p>\n<p>Entre sus objetivos, el registro tambi\u00e9n busca implementar una ventana de informaci\u00f3n p\u00fablica, otra de consultas y asesor\u00edas t\u00e9cnicas y legales, y dise\u00f1ar e implementar programas espec\u00edficos para el sector.<\/p>\n<p>&nbsp;<\/p>\n<p><em>Fuente: DIB\u00a0<\/em><\/p>\n","protected":false},"excerpt":{"rendered":"<p>Los objetivos ser\u00e1n relevar informaci\u00f3n, facilitar pol\u00edticas p\u00fablicas y promover la formalizaci\u00f3n de este sector.<\/p>\n","protected":false},"author":6,"featured_media":83904,"comment_status":"closed","ping_status":"closed","sticky":false,"template":"","format":"standard","meta":{"_jetpack_memberships_contains_paid_content":false,"footnotes":""},"categories":[6,1],"tags":[],"class_list":["post-83903","post","type-post","status-publish","format-standard","has-post-thumbnail","hentry","category-nacionales","category-portada"],"jetpack_featured_media_url":"https:\/\/i0.wp.com\/cdnoticias.com\/wp-content\/uploads\/2023\/05\/teatro.jpg?fit=696%2C464&ssl=1","jetpack_sharing_enabled":true,"_links":{"self":[{"href":"https:\/\/cdnoticias.com\/index.php\/wp-json\/wp\/v2\/posts\/83903","targetHints":{"allow":["GET"]}}],"collection":[{"href":"https:\/\/cdnoticias.com\/index.php\/wp-json\/wp\/v2\/posts"}],"about":[{"href":"https:\/\/cdnoticias.com\/index.php\/wp-json\/wp\/v2\/types\/post"}],"author":[{"embeddable":true,"href":"https:\/\/cdnoticias.com\/index.php\/wp-json\/wp\/v2\/users\/6"}],"replies":[{"embeddable":true,"href":"https:\/\/cdnoticias.com\/index.php\/wp-json\/wp\/v2\/comments?post=83903"}],"version-history":[{"count":0,"href":"https:\/\/cdnoticias.com\/index.php\/wp-json\/wp\/v2\/posts\/83903\/revisions"}],"wp:featuredmedia":[{"embeddable":true,"href":"https:\/\/cdnoticias.com\/index.php\/wp-json\/wp\/v2\/media\/83904"}],"wp:attachment":[{"href":"https:\/\/cdnoticias.com\/index.php\/wp-json\/wp\/v2\/media?parent=83903"}],"wp:term":[{"taxonomy":"category","embeddable":true,"href":"https:\/\/cdnoticias.com\/index.php\/wp-json\/wp\/v2\/categories?post=83903"},{"taxonomy":"post_tag","embeddable":true,"href":"https:\/\/cdnoticias.com\/index.php\/wp-json\/wp\/v2\/tags?post=83903"}],"curies":[{"name":"wp","href":"https:\/\/api.w.org\/{rel}","templated":true}]}}