{"id":83888,"date":"2023-05-02T18:00:09","date_gmt":"2023-05-02T21:00:09","guid":{"rendered":"https:\/\/www.centraldenoticias.com.ar\/?p=83888"},"modified":"2023-05-02T18:28:57","modified_gmt":"2023-05-02T21:28:57","slug":"conectar-igualdad-wesner-confirmo-que-se-entregaran-mas-de-800-computadoras","status":"publish","type":"post","link":"https:\/\/cdnoticias.com\/index.php\/2023\/05\/02\/conectar-igualdad-wesner-confirmo-que-se-entregaran-mas-de-800-computadoras\/","title":{"rendered":"Conectar Igualdad: Wesner confirm\u00f3 que se entregar\u00e1n m\u00e1s de 800 computadoras"},"content":{"rendered":"<p>La entrega se produce en el marco del programa &#8220;Conectar Igualdad Bonaerense&#8221; y est\u00e1 destinada a escuelas secundarias de Olavarr\u00eda.<!--more--><\/p>\n<hr \/>\n<p>El titular de Anses y precandidato a Intendente, <strong>Maximiliano Wesner<\/strong> confirm\u00f3 este martes que <strong>se entregar\u00e1n m\u00e1s de 800 computadoras a escuelas secundarias de Olavarr\u00eda.\u00a0<\/strong><\/p>\n<p>&nbsp;<\/p>\n<p>La entrega se produce en el marco del programa &#8220;<strong>Conectar Igualdad Bonaerense<\/strong>&#8221; que lleva adelante el gobierno de Axel Kicillof. Espec\u00edficamente,<strong> durante mayo recibir\u00e1n 837 computadoras<\/strong>. Adem\u00e1s, se prev\u00e9 la entrega de un total de 168 mil netbooks a estudiantes del \u00faltimo a\u00f1o del nivel secundario de toda la provincia.<\/p>\n<p>&nbsp;<\/p>\n<p>Esta semana se entregaron computadoras a 141 estudiantes de la Secundaria N\u00b010 &#8220;Jos\u00e9 Manuel Estrada&#8221;; a 46 de la Secundaria N\u00b08 &#8220;Coronel \u00c1lvaro Barros&#8221; y est\u00e1 previsto que contin\u00faen recibiendo sus netbooks 95 estudiantes de la Secundaria N\u00b06 &#8220;Coronel Olavarr\u00eda&#8221;; 75 de la Secundaria N\u00b01 &#8220;Jorge L. Borges&#8221;; 79 de la Secundaria T\u00e9cnica N\u00b02 &#8220;Luciano Fortabat&#8221;; 12 de la Secundaria T\u00e9cnica N\u00b01 &#8220;Doctor Ren\u00e9 Favaloro&#8221;; 5 de la Secundaria Agraria N\u00b01; y 23 de la Secundaria N\u00b013.<\/p>\n<p>&nbsp;<\/p>\n<p><img data-recalc-dims=\"1\" loading=\"lazy\" decoding=\"async\" class=\"aligncenter wp-image-83889 size-full\" src=\"https:\/\/i0.wp.com\/cdnoticias.com\/wp-content\/uploads\/2023\/05\/WhatsApp-Image-2023-05-02-at-14.15.52.jpeg?resize=800%2C532&#038;ssl=1\" alt=\"\" width=\"800\" height=\"532\" srcset=\"https:\/\/i0.wp.com\/cdnoticias.com\/wp-content\/uploads\/2023\/05\/WhatsApp-Image-2023-05-02-at-14.15.52.jpeg?w=1600&amp;ssl=1 1600w, https:\/\/i0.wp.com\/cdnoticias.com\/wp-content\/uploads\/2023\/05\/WhatsApp-Image-2023-05-02-at-14.15.52.jpeg?resize=300%2C200&amp;ssl=1 300w, https:\/\/i0.wp.com\/cdnoticias.com\/wp-content\/uploads\/2023\/05\/WhatsApp-Image-2023-05-02-at-14.15.52.jpeg?resize=1024%2C681&amp;ssl=1 1024w, https:\/\/i0.wp.com\/cdnoticias.com\/wp-content\/uploads\/2023\/05\/WhatsApp-Image-2023-05-02-at-14.15.52.jpeg?resize=768%2C511&amp;ssl=1 768w, https:\/\/i0.wp.com\/cdnoticias.com\/wp-content\/uploads\/2023\/05\/WhatsApp-Image-2023-05-02-at-14.15.52.jpeg?resize=1536%2C1021&amp;ssl=1 1536w, https:\/\/i0.wp.com\/cdnoticias.com\/wp-content\/uploads\/2023\/05\/WhatsApp-Image-2023-05-02-at-14.15.52.jpeg?resize=272%2C182&amp;ssl=1 272w\" sizes=\"auto, (max-width: 800px) 100vw, 800px\" \/><\/p>\n<p>&nbsp;<\/p>\n<p><em><strong>&#8220;Con este programa, el Estado recupera su papel de impulsar las pol\u00edticas que permitan que todos los estudiantes tengan mejores oportunidades y el derecho a ingresar al mundo digital y conectarse<\/strong><\/em>&#8220;, destac\u00f3 Wesner.<\/p>\n<p>&nbsp;<\/p>\n<p>Adem\u00e1s destac\u00f3 que &#8220;<em>las computadoras son una herramienta fundamental para la educaci\u00f3n y el desarrollo de los chicos. Una computadora es un mundo y deben aprovecharla, que sea una oportunidad y una herramienta para seguir estudiando y form\u00e1ndose. Hay familias que no pueden comprar una computadora y nosotros estamos convencidos que debe ser el Estado el que garantice el acceso e iguale a los estudiantes y los prepare para los desaf\u00edos futuros&#8221;.<\/em><\/p>\n<p>&nbsp;<\/p>\n<p>Durante la primera semana de mayo en Olavarr\u00eda se entregar\u00e1n 467 netbooks de &#8220;Conectar Igualdad Bonaerense&#8221; y ese n\u00famero ascender\u00e1 a 837 para todo el mes de mayo. &#8220;<em><strong>Esta herramienta no es un regalo, es un derecho y sirve para educarse y divertirse, una cosa no quita la otra. Esto tambi\u00e9n es un reconocimiento ya que ustedes est\u00e1n terminando el secundario. La educaci\u00f3n es muy importante, por eso necesitamos que se siga invirtiendo&#8221;<\/strong><\/em> cerr\u00f3 Wesner.<\/p>\n","protected":false},"excerpt":{"rendered":"<p>La entrega se produce en el marco del programa &#8220;Conectar Igualdad Bonaerense&#8221; y est\u00e1 destinada a escuelas secundarias de Olavarr\u00eda.<\/p>\n","protected":false},"author":6,"featured_media":83890,"comment_status":"closed","ping_status":"closed","sticky":false,"template":"","format":"standard","meta":{"_jetpack_memberships_contains_paid_content":false,"footnotes":""},"categories":[5,1],"tags":[],"class_list":["post-83888","post","type-post","status-publish","format-standard","has-post-thumbnail","hentry","category-informacion-general","category-portada"],"jetpack_featured_media_url":"https:\/\/i0.wp.com\/cdnoticias.com\/wp-content\/uploads\/2023\/05\/WhatsApp-Image-2023-05-02-at-14.15.40.jpeg?fit=1600%2C1064&ssl=1","jetpack_sharing_enabled":true,"_links":{"self":[{"href":"https:\/\/cdnoticias.com\/index.php\/wp-json\/wp\/v2\/posts\/83888","targetHints":{"allow":["GET"]}}],"collection":[{"href":"https:\/\/cdnoticias.com\/index.php\/wp-json\/wp\/v2\/posts"}],"about":[{"href":"https:\/\/cdnoticias.com\/index.php\/wp-json\/wp\/v2\/types\/post"}],"author":[{"embeddable":true,"href":"https:\/\/cdnoticias.com\/index.php\/wp-json\/wp\/v2\/users\/6"}],"replies":[{"embeddable":true,"href":"https:\/\/cdnoticias.com\/index.php\/wp-json\/wp\/v2\/comments?post=83888"}],"version-history":[{"count":0,"href":"https:\/\/cdnoticias.com\/index.php\/wp-json\/wp\/v2\/posts\/83888\/revisions"}],"wp:featuredmedia":[{"embeddable":true,"href":"https:\/\/cdnoticias.com\/index.php\/wp-json\/wp\/v2\/media\/83890"}],"wp:attachment":[{"href":"https:\/\/cdnoticias.com\/index.php\/wp-json\/wp\/v2\/media?parent=83888"}],"wp:term":[{"taxonomy":"category","embeddable":true,"href":"https:\/\/cdnoticias.com\/index.php\/wp-json\/wp\/v2\/categories?post=83888"},{"taxonomy":"post_tag","embeddable":true,"href":"https:\/\/cdnoticias.com\/index.php\/wp-json\/wp\/v2\/tags?post=83888"}],"curies":[{"name":"wp","href":"https:\/\/api.w.org\/{rel}","templated":true}]}}