{"id":8388,"date":"2020-12-07T12:11:38","date_gmt":"2020-12-07T15:11:38","guid":{"rendered":"http:\/\/www.centraldenoticias.com.ar\/?p=8388"},"modified":"2020-12-07T12:11:38","modified_gmt":"2020-12-07T15:11:38","slug":"gollan-advirtio-sobre-el-covid-vamos-a-tener-una-segunda-ola","status":"publish","type":"post","link":"https:\/\/cdnoticias.com\/index.php\/2020\/12\/07\/gollan-advirtio-sobre-el-covid-vamos-a-tener-una-segunda-ola\/","title":{"rendered":"Gollan advirti\u00f3 sobre el Covid: &#8220;Vamos a tener una segunda ola&#8221;"},"content":{"rendered":"<p>El ministro de Salud bonaerense pidi\u00f3 evitar que \u201cmasivamente se instale el descontrol\u201d, respecto a la falta de cuidados ante la pandemia. Advirti\u00f3 que la \u201csegunda ola\u201d ser\u00e1 en marzo o abril.<!--more--><\/p>\n<hr \/>\n<p><strong>El ministro de Salud bonaerense, Daniel Gollan, pidi\u00f3 evitar que \u201cmasivamente se instale el descontrol\u201d<\/strong>, respecto a la falta de cuidados ante la pandemia del coronavirus, y advirti\u00f3 que \u201cvamos a tener una segunda ola\u201d.<\/p>\n<blockquote><p>\u201cNos llegaron ayer im\u00e1genes de las llamadas fiestas clandestinas, en donde est\u00e1n todos sin barbijo y bailando. Eso no ayuda para nada. Esperemos que as\u00ed como observamos eso, haya otra gente que s\u00ed se cuida. Evitemos que masivamente se instale el descontrol\u201d, resalt\u00f3 Gollan.<\/p><\/blockquote>\n<p>En ese marco, el ministro bonaerense precis\u00f3 que <strong>\u201cen marzo y abril empieza el fr\u00edo de nuevo, y vamos a tener una segunda ola\u201d<\/strong>.<\/p>\n<p>\u201cEsa segunda ola puede ser sobre gente que tiene m\u00e1s de 60 a\u00f1os o no. Si vamos haciendo que la circulaci\u00f3n sea solamente sobre gente que en general no tiene causas graves, eso nos ayuda a bajar la circulaci\u00f3n del virus en la gente que tiene m\u00e1s peligro\u201d, explic\u00f3 en declaraciones a Radio 10.<\/p>\n<p>Respecto a la cantidad de casos de contagios de coronavirus, Gollan indic\u00f3 que \u201csiguen bajado\u201d, pero no saben \u201chasta d\u00f3nde\u201d llegar\u00e1n, y subray\u00f3: <strong>\u201cLo que nos preocupa es que vemos mucha movilidad y algunas escenas que no nos gustan\u201d<\/strong>.<\/p>\n<blockquote><p>\u201cVamos a tener una vacuna relativamente en la proximidad del tiempo, pero va a convivir mucho tiempo vacuna y medidas de prevenci\u00f3n porque no es que la vacuna resuelve todo en un d\u00eda\u201d, explic\u00f3.<\/p><\/blockquote>\n<p>Inform\u00f3 adem\u00e1s que \u201cla semana pasada terminamos <a href=\"https:\/\/cdnoticias.com\/index.php\/2020\/12\/06\/en-la-provincia-13-de-cada-100-muertes-fueron-por-covid\/\" target=\"_blank\" rel=\"noopener\">un estudio en la provincia de Buenos Aires sobre excedente de mortalidad<\/a>, y nos dio contra promedio a octubre entre un 5,2 y un <strong>9,6 por ciento de exceso de mortalidad respecto a los a\u00f1os normales<\/strong>. Lo cual es un n\u00famero relativamente bajo en medio de una pandemia\u201d, manifest\u00f3.<\/p>\n<p>Por \u00faltimo, aclar\u00f3 que \u201clas 300 mil dosis de vacunas que llegar\u00edan en diciembre, que hay que ver si llegan, no ser\u00edan que la vacuna Pfizer\u201d.<\/p>\n<p>\u201cLas primeras vacunas podr\u00edan ser de la Sputnik V, de origen ruso. <strong>De todo lo que llegue, a la provincia de Buenos Aires le toca el 40 por ciento<\/strong>. En relaci\u00f3n proporcional son unas 120 mil dosis. Obviamente priorizaremos sectores como la salud y personas mayores\u201d, agreg\u00f3.<\/p>\n","protected":false},"excerpt":{"rendered":"<p>El ministro de Salud bonaerense pidi\u00f3 evitar que \u201cmasivamente se instale el descontrol\u201d, respecto a la falta de cuidados ante<\/p>\n","protected":false},"author":4,"featured_media":5503,"comment_status":"closed","ping_status":"closed","sticky":false,"template":"","format":"standard","meta":{"_jetpack_memberships_contains_paid_content":false,"footnotes":""},"categories":[6,1],"tags":[],"class_list":["post-8388","post","type-post","status-publish","format-standard","has-post-thumbnail","hentry","category-nacionales","category-portada"],"jetpack_featured_media_url":"https:\/\/i0.wp.com\/cdnoticias.com\/wp-content\/uploads\/2020\/11\/conferencia-casos07.jpg?fit=845%2C455&ssl=1","jetpack_sharing_enabled":true,"_links":{"self":[{"href":"https:\/\/cdnoticias.com\/index.php\/wp-json\/wp\/v2\/posts\/8388","targetHints":{"allow":["GET"]}}],"collection":[{"href":"https:\/\/cdnoticias.com\/index.php\/wp-json\/wp\/v2\/posts"}],"about":[{"href":"https:\/\/cdnoticias.com\/index.php\/wp-json\/wp\/v2\/types\/post"}],"author":[{"embeddable":true,"href":"https:\/\/cdnoticias.com\/index.php\/wp-json\/wp\/v2\/users\/4"}],"replies":[{"embeddable":true,"href":"https:\/\/cdnoticias.com\/index.php\/wp-json\/wp\/v2\/comments?post=8388"}],"version-history":[{"count":0,"href":"https:\/\/cdnoticias.com\/index.php\/wp-json\/wp\/v2\/posts\/8388\/revisions"}],"wp:featuredmedia":[{"embeddable":true,"href":"https:\/\/cdnoticias.com\/index.php\/wp-json\/wp\/v2\/media\/5503"}],"wp:attachment":[{"href":"https:\/\/cdnoticias.com\/index.php\/wp-json\/wp\/v2\/media?parent=8388"}],"wp:term":[{"taxonomy":"category","embeddable":true,"href":"https:\/\/cdnoticias.com\/index.php\/wp-json\/wp\/v2\/categories?post=8388"},{"taxonomy":"post_tag","embeddable":true,"href":"https:\/\/cdnoticias.com\/index.php\/wp-json\/wp\/v2\/tags?post=8388"}],"curies":[{"name":"wp","href":"https:\/\/api.w.org\/{rel}","templated":true}]}}