{"id":83841,"date":"2023-05-01T20:03:30","date_gmt":"2023-05-01T23:03:30","guid":{"rendered":"https:\/\/www.centraldenoticias.com.ar\/?p=83841"},"modified":"2023-05-02T09:00:59","modified_gmt":"2023-05-02T12:00:59","slug":"gremios-estatales-se-reunen-con-el-gobierno-de-la-provincia-para-rever-el-acuerdo-de-paritarias","status":"publish","type":"post","link":"https:\/\/cdnoticias.com\/index.php\/2023\/05\/01\/gremios-estatales-se-reunen-con-el-gobierno-de-la-provincia-para-rever-el-acuerdo-de-paritarias\/","title":{"rendered":"Gremios estatales se re\u00fanen con el gobierno de la Provincia para rever el acuerdo de paritarias"},"content":{"rendered":"<p>Ser\u00e1 este martes con los docentes, mientras que el mi\u00e9rcoles ser\u00e1 con los trabajadores de la Ley 10.430. Si bien se hab\u00eda acordado un 40% por 7 meses, la inflaci\u00f3n gener\u00f3 una revisi\u00f3n.<!--more--><\/p>\n<hr \/>\n<p>El <strong>Gobierno bonaerense se reunir\u00e1 este martes con los representantes de los gremios docentes con el objetivo de rever el acuerdo salarial firmado en febrero del a\u00f1o pasado.<\/strong> En tanto, el<strong> mi\u00e9rcoles ser\u00e1 el turno de los trabajadores estatales que est\u00e1n comprendidos en la Ley 10.430.<\/strong><\/p>\n<p>&nbsp;<\/p>\n<p>La reapertura de las negociaciones fue solicitada tanto por el Frente de Unidad Docente (FUDB) como por los gremios estatales de La Uni\u00f3n del Personal Civil de la Naci\u00f3n (UPCN), la Asociaci\u00f3n de Trabajadores del Estado (ATE) y la Federaci\u00f3n de Gremios Estatales y Particulares de la Provincia (Fegeppba).<\/p>\n<p>&nbsp;<\/p>\n<blockquote><p>El encuentro con los gremios docentes se realizar\u00e1 ma\u00f1ana a las 10 en la sede de calle 7 y 39 del Ministerio de Trabajo bonaerense, en La Plata.<\/p><\/blockquote>\n<p>&nbsp;<\/p>\n<p>El febrero,<strong> el Gobierno y los sindicatos acordaron un incremento promedio en tres tramos de 20% en marzo, 6% en mayo y 14% en julio (totalizando un 40% en los primeros siete meses del a\u00f1o).<\/strong><\/p>\n<p>&nbsp;<\/p>\n<blockquote><p>Ese acuerdo incluy\u00f3 una cl\u00e1usula de revisi\u00f3n en mayo, y el compromiso del Ejecutivo provincial de reabrir la negociaci\u00f3n en agosto.<\/p><\/blockquote>\n<p>&nbsp;<\/p>\n<p><em>\u201cHay una escalada inflacionaria muy alta que genera una p\u00e9rdida del poder adquisitivo, por eso nosotros planteamos claramente la convocatoria a paritaria, la reactivaci\u00f3n de la cl\u00e1usula, e inmediatamente el gobierno de la provincia de Buenos Aires nos convoc\u00f3\u201d<\/em>, dijo en las \u00faltimas horas el titular de Suteba, Roberto Baradel.<\/p>\n<p>&nbsp;<\/p>\n<p>A su vez, remarc\u00f3 que el <strong><em>\u201cgolpe econ\u00f3mico y la especulaci\u00f3n financiera\u201d<\/em><\/strong> impact\u00f3 en la escalada inflacionaria junto a la suba del d\u00f3lar, y advirti\u00f3 que <em>\u201cnos meten las manos en los bolsillos a la mayor\u00eda de los argentinos\u201d.<\/em><\/p>\n<p>&nbsp;<\/p>\n<p><em>Con informaci\u00f3n de DIB<\/em><\/p>\n","protected":false},"excerpt":{"rendered":"<p>Ser\u00e1 este martes con los docentes, mientras que el mi\u00e9rcoles ser\u00e1 con los trabajadores de la Ley 10.430. Si bien<\/p>\n","protected":false},"author":2,"featured_media":83842,"comment_status":"closed","ping_status":"closed","sticky":false,"template":"","format":"standard","meta":{"_jetpack_memberships_contains_paid_content":false,"footnotes":""},"categories":[6,1],"tags":[],"class_list":["post-83841","post","type-post","status-publish","format-standard","has-post-thumbnail","hentry","category-nacionales","category-portada"],"jetpack_featured_media_url":"https:\/\/i0.wp.com\/cdnoticias.com\/wp-content\/uploads\/2023\/05\/Paritarias-scaled-1.jpg?fit=2560%2C1707&ssl=1","jetpack_sharing_enabled":true,"_links":{"self":[{"href":"https:\/\/cdnoticias.com\/index.php\/wp-json\/wp\/v2\/posts\/83841","targetHints":{"allow":["GET"]}}],"collection":[{"href":"https:\/\/cdnoticias.com\/index.php\/wp-json\/wp\/v2\/posts"}],"about":[{"href":"https:\/\/cdnoticias.com\/index.php\/wp-json\/wp\/v2\/types\/post"}],"author":[{"embeddable":true,"href":"https:\/\/cdnoticias.com\/index.php\/wp-json\/wp\/v2\/users\/2"}],"replies":[{"embeddable":true,"href":"https:\/\/cdnoticias.com\/index.php\/wp-json\/wp\/v2\/comments?post=83841"}],"version-history":[{"count":0,"href":"https:\/\/cdnoticias.com\/index.php\/wp-json\/wp\/v2\/posts\/83841\/revisions"}],"wp:featuredmedia":[{"embeddable":true,"href":"https:\/\/cdnoticias.com\/index.php\/wp-json\/wp\/v2\/media\/83842"}],"wp:attachment":[{"href":"https:\/\/cdnoticias.com\/index.php\/wp-json\/wp\/v2\/media?parent=83841"}],"wp:term":[{"taxonomy":"category","embeddable":true,"href":"https:\/\/cdnoticias.com\/index.php\/wp-json\/wp\/v2\/categories?post=83841"},{"taxonomy":"post_tag","embeddable":true,"href":"https:\/\/cdnoticias.com\/index.php\/wp-json\/wp\/v2\/tags?post=83841"}],"curies":[{"name":"wp","href":"https:\/\/api.w.org\/{rel}","templated":true}]}}