{"id":83839,"date":"2023-05-01T19:44:06","date_gmt":"2023-05-01T22:44:06","guid":{"rendered":"https:\/\/www.centraldenoticias.com.ar\/?p=83839"},"modified":"2023-05-01T19:44:06","modified_gmt":"2023-05-01T22:44:06","slug":"proponemos-volver-al-trabajo-como-eje-fundamental-de-la-sociedad","status":"publish","type":"post","link":"https:\/\/cdnoticias.com\/index.php\/2023\/05\/01\/proponemos-volver-al-trabajo-como-eje-fundamental-de-la-sociedad\/","title":{"rendered":"\u201cProponemos volver al trabajo como eje fundamental de la sociedad\u201d"},"content":{"rendered":"<p>En el D\u00eda del Trabajador, Alan Aguirre, dirigente de la agrupaci\u00f3n Justicialista Generaci\u00f3n Bicentenario Olavarr\u00eda destac\u00f3 la labor de los trabajadores quienes considera que son los m\u00e1s afectados por la crisis.<!--more--><\/p>\n<hr \/>\n<p>En el marco del D\u00eda del Trabajador,<strong> el dirigente de la agrupaci\u00f3n Generaci\u00f3n Bicentenario Olavarr\u00eda, Alan Aguirre, emiti\u00f3 un comunicado en el que resalt\u00f3 la lucha de los trabajadores y pidi\u00f3 por aquellos<\/strong> que hoy \u201cest\u00e1n siendo desplazados por este sistema tan injusto, debemos volver al trabajo como eje fundamental de la sociedad\u201d.<\/p>\n<p>&nbsp;<\/p>\n<p><em>\u201cLos comerciantes est\u00e1n con mucha preocupaci\u00f3n e incertidumbre, la clase media ha sido la m\u00e1s afectada y las familias no pueden llegan a fin de mes. A pesar de los relatos y discursos se hace evidente la falta de un modelo de desarrollo para nuestro pa\u00eds, repartir plata y subsidios no puede ser una pol\u00edtica de Estado, sin el trabajo que produce los bienes y servicio los precios van a seguir aumentando\u201d<\/em> dijo.<\/p>\n<p>&nbsp;<\/p>\n<p>A su vez, el dirigente denunci\u00f3 que<strong><em> \u201clos que fracasaron y fracasan en defender al trabajador no pueden ser la opci\u00f3n para estas elecciones\u201d<\/em><\/strong> y por eso <em>\u201cestamos militando, el Estado est\u00e1 para garantizar nuestros derechos y el bienestar de las familias\u201d.<\/em><\/p>\n<p>&nbsp;<\/p>\n<p>En referencia a las nuevas formas de trabajo indic\u00f3 que <em><strong>\u201cqueremos destacar tambi\u00e9n a los trabajadores de la virtualidad que han sido pioneros, abren nuestra ciudad al mundo, son embajadores, pero est\u00e1n invisibilizados.<\/strong> Es fundamental acompa\u00f1ar este modo de trabajo que se instal\u00f3 luego de la pandemia de Covid, el cual ofrece grandes posibilidades para el futuro especialmente a tantos j\u00f3venes que en medio de esta falta de oportunidades han encontrado en las nuevas tecnolog\u00edas la posibilidad de crecer y realizarse\u201d.<\/em><\/p>\n<p>&nbsp;<\/p>\n<p>Cumpli\u00e9ndose un a\u00f1o de la fundaci\u00f3n de este nuevo espacio pol\u00edtico, Alan Aguirre finaliz\u00f3 al se\u00f1alar que en ese contexto<strong><em> \u201cestamos m\u00e1s decididos que nunca a ser la voz de los que no se ven representados, de los desplazados\u201d.<\/em><\/strong><\/p>\n<p>&nbsp;<\/p>\n<p><em>\u201cLo que comenz\u00f3 como un sue\u00f1o, hoy en d\u00eda es una realidad para la que trabajamos todos los d\u00edas, volver a los principios y valores, que los j\u00f3venes ya no piensen en irse de nuestra ciudad para poder desarrollarse, oxigenar la pol\u00edtica y proponer un proyecto de ciudad con oportunidades para todos, en sinton\u00eda con un modelo nacional de producci\u00f3n y trabajo que tanto necesitamos\u201d<\/em> cerr\u00f3.<\/p>\n","protected":false},"excerpt":{"rendered":"<p>En el D\u00eda del Trabajador, Alan Aguirre, dirigente de la agrupaci\u00f3n Justicialista Generaci\u00f3n Bicentenario Olavarr\u00eda destac\u00f3 la labor de los<\/p>\n","protected":false},"author":2,"featured_media":83182,"comment_status":"closed","ping_status":"closed","sticky":false,"template":"","format":"standard","meta":{"_jetpack_memberships_contains_paid_content":false,"footnotes":""},"categories":[4,1],"tags":[],"class_list":["post-83839","post","type-post","status-publish","format-standard","has-post-thumbnail","hentry","category-politica","category-portada"],"jetpack_featured_media_url":"https:\/\/i0.wp.com\/cdnoticias.com\/wp-content\/uploads\/2023\/04\/alan-aguirre-generacion-bicentenario.jpg?fit=800%2C445&ssl=1","jetpack_sharing_enabled":true,"_links":{"self":[{"href":"https:\/\/cdnoticias.com\/index.php\/wp-json\/wp\/v2\/posts\/83839","targetHints":{"allow":["GET"]}}],"collection":[{"href":"https:\/\/cdnoticias.com\/index.php\/wp-json\/wp\/v2\/posts"}],"about":[{"href":"https:\/\/cdnoticias.com\/index.php\/wp-json\/wp\/v2\/types\/post"}],"author":[{"embeddable":true,"href":"https:\/\/cdnoticias.com\/index.php\/wp-json\/wp\/v2\/users\/2"}],"replies":[{"embeddable":true,"href":"https:\/\/cdnoticias.com\/index.php\/wp-json\/wp\/v2\/comments?post=83839"}],"version-history":[{"count":0,"href":"https:\/\/cdnoticias.com\/index.php\/wp-json\/wp\/v2\/posts\/83839\/revisions"}],"wp:featuredmedia":[{"embeddable":true,"href":"https:\/\/cdnoticias.com\/index.php\/wp-json\/wp\/v2\/media\/83182"}],"wp:attachment":[{"href":"https:\/\/cdnoticias.com\/index.php\/wp-json\/wp\/v2\/media?parent=83839"}],"wp:term":[{"taxonomy":"category","embeddable":true,"href":"https:\/\/cdnoticias.com\/index.php\/wp-json\/wp\/v2\/categories?post=83839"},{"taxonomy":"post_tag","embeddable":true,"href":"https:\/\/cdnoticias.com\/index.php\/wp-json\/wp\/v2\/tags?post=83839"}],"curies":[{"name":"wp","href":"https:\/\/api.w.org\/{rel}","templated":true}]}}