{"id":83822,"date":"2023-05-01T11:34:54","date_gmt":"2023-05-01T14:34:54","guid":{"rendered":"https:\/\/www.centraldenoticias.com.ar\/?p=83822"},"modified":"2023-05-01T11:34:54","modified_gmt":"2023-05-01T14:34:54","slug":"la-ucr-ultima-los-detalles-para-la-finalizacion-de-su-comite","status":"publish","type":"post","link":"https:\/\/cdnoticias.com\/index.php\/2023\/05\/01\/la-ucr-ultima-los-detalles-para-la-finalizacion-de-su-comite\/","title":{"rendered":"La UCR ultima los detalles para la finalizaci\u00f3n de su Comit\u00e9"},"content":{"rendered":"<p>Durante la jornada de este s\u00e1bado, se coloc\u00f3 la puerta de entrada principal y se realizaron trabajos de instalaci\u00f3n el\u00e9ctrica, de lijado de paredes y de limpieza.<!--more--><\/p>\n<hr \/>\n<p>La Uni\u00f3n C\u00edvica Radical de Olavarr\u00eda ultima los detalles para la <strong>finalizaci\u00f3n de las obras en su Comit\u00e9.<\/strong><\/p>\n<p>&nbsp;<\/p>\n<p>Durante la jornada de este s\u00e1bado 29 de abril <strong>se coloc\u00f3 la puerta de entrada principal y se realizaron trabajos de instalaci\u00f3n el\u00e9ctrica, de lijado de paredes y de limpieza del espacio.<\/strong><\/p>\n<p>&nbsp;<\/p>\n<p><img data-recalc-dims=\"1\" loading=\"lazy\" decoding=\"async\" class=\"aligncenter wp-image-83823 size-large\" src=\"https:\/\/i0.wp.com\/cdnoticias.com\/wp-content\/uploads\/2023\/05\/ucr-trabajos-comite-04.jpg?resize=800%2C445&#038;ssl=1\" alt=\"\" width=\"800\" height=\"445\" srcset=\"https:\/\/i0.wp.com\/cdnoticias.com\/wp-content\/uploads\/2023\/05\/ucr-trabajos-comite-04-scaled.jpg?resize=1024%2C570&amp;ssl=1 1024w, https:\/\/i0.wp.com\/cdnoticias.com\/wp-content\/uploads\/2023\/05\/ucr-trabajos-comite-04-scaled.jpg?resize=300%2C167&amp;ssl=1 300w, https:\/\/i0.wp.com\/cdnoticias.com\/wp-content\/uploads\/2023\/05\/ucr-trabajos-comite-04-scaled.jpg?resize=768%2C427&amp;ssl=1 768w, https:\/\/i0.wp.com\/cdnoticias.com\/wp-content\/uploads\/2023\/05\/ucr-trabajos-comite-04-scaled.jpg?resize=1536%2C855&amp;ssl=1 1536w, https:\/\/i0.wp.com\/cdnoticias.com\/wp-content\/uploads\/2023\/05\/ucr-trabajos-comite-04-scaled.jpg?resize=2048%2C1139&amp;ssl=1 2048w, https:\/\/i0.wp.com\/cdnoticias.com\/wp-content\/uploads\/2023\/05\/ucr-trabajos-comite-04-scaled.jpg?resize=800%2C445&amp;ssl=1 800w, https:\/\/i0.wp.com\/cdnoticias.com\/wp-content\/uploads\/2023\/05\/ucr-trabajos-comite-04-scaled.jpg?w=1600&amp;ssl=1 1600w, https:\/\/i0.wp.com\/cdnoticias.com\/wp-content\/uploads\/2023\/05\/ucr-trabajos-comite-04-scaled.jpg?w=2400&amp;ssl=1 2400w\" sizes=\"auto, (max-width: 800px) 100vw, 800px\" \/><\/p>\n<p><img data-recalc-dims=\"1\" loading=\"lazy\" decoding=\"async\" class=\"aligncenter wp-image-83825 size-large\" src=\"https:\/\/i0.wp.com\/cdnoticias.com\/wp-content\/uploads\/2023\/05\/ucr-trabajos-comite-02.jpg?resize=800%2C445&#038;ssl=1\" alt=\"\" width=\"800\" height=\"445\" srcset=\"https:\/\/i0.wp.com\/cdnoticias.com\/wp-content\/uploads\/2023\/05\/ucr-trabajos-comite-02-scaled.jpg?resize=1024%2C570&amp;ssl=1 1024w, https:\/\/i0.wp.com\/cdnoticias.com\/wp-content\/uploads\/2023\/05\/ucr-trabajos-comite-02-scaled.jpg?resize=300%2C167&amp;ssl=1 300w, https:\/\/i0.wp.com\/cdnoticias.com\/wp-content\/uploads\/2023\/05\/ucr-trabajos-comite-02-scaled.jpg?resize=768%2C427&amp;ssl=1 768w, https:\/\/i0.wp.com\/cdnoticias.com\/wp-content\/uploads\/2023\/05\/ucr-trabajos-comite-02-scaled.jpg?resize=1536%2C854&amp;ssl=1 1536w, https:\/\/i0.wp.com\/cdnoticias.com\/wp-content\/uploads\/2023\/05\/ucr-trabajos-comite-02-scaled.jpg?resize=2048%2C1139&amp;ssl=1 2048w, https:\/\/i0.wp.com\/cdnoticias.com\/wp-content\/uploads\/2023\/05\/ucr-trabajos-comite-02-scaled.jpg?resize=800%2C445&amp;ssl=1 800w, https:\/\/i0.wp.com\/cdnoticias.com\/wp-content\/uploads\/2023\/05\/ucr-trabajos-comite-02-scaled.jpg?w=1600&amp;ssl=1 1600w, https:\/\/i0.wp.com\/cdnoticias.com\/wp-content\/uploads\/2023\/05\/ucr-trabajos-comite-02-scaled.jpg?w=2400&amp;ssl=1 2400w\" sizes=\"auto, (max-width: 800px) 100vw, 800px\" \/><\/p>\n<p>&nbsp;<\/p>\n<p>Las tareas comenzaron alrededor de las 10 de la ma\u00f1ana y se extendieron durante todo el d\u00eda.<\/p>\n<p>&nbsp;<\/p>\n<p>Se hicieron presentes para colaborar <strong>militantes, referentes y miembros de la conducci\u00f3n actual del partido<\/strong>, entre quienes se destacaron los concejales Bel\u00e9n Vergel y Sebasti\u00e1n Matrella, y el Secretario del Comit\u00e9 Provincia de la UCR, Franco Cominotto. Hicieron una pausa en la cargada agenda que tienen a diario, para comenzar la \u00faltima etapa de la reconstrucci\u00f3n.<\/p>\n<p>&nbsp;<\/p>\n<p><img data-recalc-dims=\"1\" loading=\"lazy\" decoding=\"async\" class=\"aligncenter wp-image-83824 size-large\" src=\"https:\/\/i0.wp.com\/cdnoticias.com\/wp-content\/uploads\/2023\/05\/ucr-trabajos-comite-03.jpg?resize=800%2C445&#038;ssl=1\" alt=\"\" width=\"800\" height=\"445\" srcset=\"https:\/\/i0.wp.com\/cdnoticias.com\/wp-content\/uploads\/2023\/05\/ucr-trabajos-comite-03-scaled.jpg?resize=1024%2C570&amp;ssl=1 1024w, https:\/\/i0.wp.com\/cdnoticias.com\/wp-content\/uploads\/2023\/05\/ucr-trabajos-comite-03-scaled.jpg?resize=300%2C167&amp;ssl=1 300w, https:\/\/i0.wp.com\/cdnoticias.com\/wp-content\/uploads\/2023\/05\/ucr-trabajos-comite-03-scaled.jpg?resize=768%2C427&amp;ssl=1 768w, https:\/\/i0.wp.com\/cdnoticias.com\/wp-content\/uploads\/2023\/05\/ucr-trabajos-comite-03-scaled.jpg?resize=1536%2C854&amp;ssl=1 1536w, https:\/\/i0.wp.com\/cdnoticias.com\/wp-content\/uploads\/2023\/05\/ucr-trabajos-comite-03-scaled.jpg?resize=2048%2C1139&amp;ssl=1 2048w, https:\/\/i0.wp.com\/cdnoticias.com\/wp-content\/uploads\/2023\/05\/ucr-trabajos-comite-03-scaled.jpg?resize=800%2C445&amp;ssl=1 800w, https:\/\/i0.wp.com\/cdnoticias.com\/wp-content\/uploads\/2023\/05\/ucr-trabajos-comite-03-scaled.jpg?w=1600&amp;ssl=1 1600w, https:\/\/i0.wp.com\/cdnoticias.com\/wp-content\/uploads\/2023\/05\/ucr-trabajos-comite-03-scaled.jpg?w=2400&amp;ssl=1 2400w\" sizes=\"auto, (max-width: 800px) 100vw, 800px\" \/><\/p>\n<p>&nbsp;<\/p>\n<p>Al respecto Vergel, quien adem\u00e1s es la presidenta del radicalismo local, se\u00f1al\u00f3 que &#8220;fue una extensa jornada de trabajo, donde aparecen todo tipo de emociones al ver que la finalizaci\u00f3n de la reconstrucci\u00f3n est\u00e1 muy cerca. Lo que sucedi\u00f3 hace casi 10 a\u00f1os sigue doliendo, pero esta realidad nos llena de alegr\u00eda&#8221;.<\/p>\n","protected":false},"excerpt":{"rendered":"<p>Durante la jornada de este s\u00e1bado, se coloc\u00f3 la puerta de entrada principal y se realizaron trabajos de instalaci\u00f3n el\u00e9ctrica,<\/p>\n","protected":false},"author":5,"featured_media":83826,"comment_status":"closed","ping_status":"closed","sticky":false,"template":"","format":"standard","meta":{"_jetpack_memberships_contains_paid_content":false,"footnotes":""},"categories":[4,1],"tags":[],"class_list":["post-83822","post","type-post","status-publish","format-standard","has-post-thumbnail","hentry","category-politica","category-portada"],"jetpack_featured_media_url":"https:\/\/i0.wp.com\/cdnoticias.com\/wp-content\/uploads\/2023\/05\/ucr-trabajos-comite-01-scaled.jpg?fit=2560%2C1424&ssl=1","jetpack_sharing_enabled":true,"_links":{"self":[{"href":"https:\/\/cdnoticias.com\/index.php\/wp-json\/wp\/v2\/posts\/83822","targetHints":{"allow":["GET"]}}],"collection":[{"href":"https:\/\/cdnoticias.com\/index.php\/wp-json\/wp\/v2\/posts"}],"about":[{"href":"https:\/\/cdnoticias.com\/index.php\/wp-json\/wp\/v2\/types\/post"}],"author":[{"embeddable":true,"href":"https:\/\/cdnoticias.com\/index.php\/wp-json\/wp\/v2\/users\/5"}],"replies":[{"embeddable":true,"href":"https:\/\/cdnoticias.com\/index.php\/wp-json\/wp\/v2\/comments?post=83822"}],"version-history":[{"count":0,"href":"https:\/\/cdnoticias.com\/index.php\/wp-json\/wp\/v2\/posts\/83822\/revisions"}],"wp:featuredmedia":[{"embeddable":true,"href":"https:\/\/cdnoticias.com\/index.php\/wp-json\/wp\/v2\/media\/83826"}],"wp:attachment":[{"href":"https:\/\/cdnoticias.com\/index.php\/wp-json\/wp\/v2\/media?parent=83822"}],"wp:term":[{"taxonomy":"category","embeddable":true,"href":"https:\/\/cdnoticias.com\/index.php\/wp-json\/wp\/v2\/categories?post=83822"},{"taxonomy":"post_tag","embeddable":true,"href":"https:\/\/cdnoticias.com\/index.php\/wp-json\/wp\/v2\/tags?post=83822"}],"curies":[{"name":"wp","href":"https:\/\/api.w.org\/{rel}","templated":true}]}}