{"id":8381,"date":"2020-12-07T10:23:20","date_gmt":"2020-12-07T13:23:20","guid":{"rendered":"http:\/\/www.centraldenoticias.com.ar\/?p=8381"},"modified":"2020-12-07T10:23:20","modified_gmt":"2020-12-07T13:23:20","slug":"azul-habia-400-personas-en-una-fiesta-en-una-chacra","status":"publish","type":"post","link":"https:\/\/cdnoticias.com\/index.php\/2020\/12\/07\/azul-habia-400-personas-en-una-fiesta-en-una-chacra\/","title":{"rendered":"Azul: hab\u00eda 400 personas en una fiesta en una chacra"},"content":{"rendered":"<p>El Municipio y la Polic\u00eda clausuraron la \u201cfiesta clandestina\u201d en una zona rural. Se labraron infracciones a los organizadores y a los asistentes.<!--more--><\/p>\n<hr \/>\n<p>En el distrito de Azul, personal municipal de Control Urbano en conjunto con Polic\u00eda de la Provincia clausur\u00f3 una <strong>\u201cfiesta clandestina\u201d para 400 personas<\/strong> que se desarrollaba en el <strong>Paraje La Colorada<\/strong>.<\/p>\n<p>Seg\u00fan se inform\u00f3 desde la Municipalidad, a partir de <strong>denuncias al 911<\/strong> se constat\u00f3 que en la <strong>chacra \u201cEl Clavito\u201d<\/strong> se efectuaba <strong>\u201cel evento que infring\u00eda las normativas legales y sanitarias vigentes\u201d<\/strong>.<\/p>\n<p><img data-recalc-dims=\"1\" loading=\"lazy\" decoding=\"async\" class=\"aligncenter wp-image-8383\" src=\"https:\/\/i0.wp.com\/cdnoticias.com\/wp-content\/uploads\/2020\/12\/azul-1607289286.jpeg?resize=600%2C337&#038;ssl=1\" alt=\"\" width=\"600\" height=\"337\" srcset=\"https:\/\/i0.wp.com\/cdnoticias.com\/wp-content\/uploads\/2020\/12\/azul-1607289286.jpeg?resize=300%2C169&amp;ssl=1 300w, https:\/\/i0.wp.com\/cdnoticias.com\/wp-content\/uploads\/2020\/12\/azul-1607289286.jpeg?resize=768%2C432&amp;ssl=1 768w, https:\/\/i0.wp.com\/cdnoticias.com\/wp-content\/uploads\/2020\/12\/azul-1607289286.jpeg?w=948&amp;ssl=1 948w\" sizes=\"auto, (max-width: 600px) 100vw, 600px\" \/><\/p>\n<blockquote><p>Los inspectores y agentes policiales que llegaron \u201cverificaron la realizaci\u00f3n de la fiesta sin autorizaci\u00f3n, consumo de alcohol y m\u00fasica a alto volumen\u201d.<\/p><\/blockquote>\n<p>Se labraron <strong>infracciones a los organizadores y a quienes se encontraban en el lugar<\/strong>, como as\u00ed tambi\u00e9n <strong>\u201cfueron interceptados varios concurrentes que intentaron darse a la fuga al ver el operativo de control\u201d<\/strong> se detall\u00f3.<\/p>\n<p><em>Fuente: Diario El Tiempo<\/em><\/p>\n<p><em>Fotos: Prensa Municipalidad de Azul<\/em><\/p>\n","protected":false},"excerpt":{"rendered":"<p>El Municipio y la Polic\u00eda clausuraron la \u201cfiesta clandestina\u201d en una zona rural. Se labraron infracciones a los organizadores y<\/p>\n","protected":false},"author":4,"featured_media":8382,"comment_status":"closed","ping_status":"closed","sticky":false,"template":"","format":"standard","meta":{"_jetpack_memberships_contains_paid_content":false,"footnotes":""},"categories":[6,1],"tags":[],"class_list":["post-8381","post","type-post","status-publish","format-standard","has-post-thumbnail","hentry","category-nacionales","category-portada"],"jetpack_featured_media_url":"https:\/\/i0.wp.com\/cdnoticias.com\/wp-content\/uploads\/2020\/12\/azul-1607289254.jpeg?fit=948%2C533&ssl=1","jetpack_sharing_enabled":true,"_links":{"self":[{"href":"https:\/\/cdnoticias.com\/index.php\/wp-json\/wp\/v2\/posts\/8381","targetHints":{"allow":["GET"]}}],"collection":[{"href":"https:\/\/cdnoticias.com\/index.php\/wp-json\/wp\/v2\/posts"}],"about":[{"href":"https:\/\/cdnoticias.com\/index.php\/wp-json\/wp\/v2\/types\/post"}],"author":[{"embeddable":true,"href":"https:\/\/cdnoticias.com\/index.php\/wp-json\/wp\/v2\/users\/4"}],"replies":[{"embeddable":true,"href":"https:\/\/cdnoticias.com\/index.php\/wp-json\/wp\/v2\/comments?post=8381"}],"version-history":[{"count":0,"href":"https:\/\/cdnoticias.com\/index.php\/wp-json\/wp\/v2\/posts\/8381\/revisions"}],"wp:featuredmedia":[{"embeddable":true,"href":"https:\/\/cdnoticias.com\/index.php\/wp-json\/wp\/v2\/media\/8382"}],"wp:attachment":[{"href":"https:\/\/cdnoticias.com\/index.php\/wp-json\/wp\/v2\/media?parent=8381"}],"wp:term":[{"taxonomy":"category","embeddable":true,"href":"https:\/\/cdnoticias.com\/index.php\/wp-json\/wp\/v2\/categories?post=8381"},{"taxonomy":"post_tag","embeddable":true,"href":"https:\/\/cdnoticias.com\/index.php\/wp-json\/wp\/v2\/tags?post=8381"}],"curies":[{"name":"wp","href":"https:\/\/api.w.org\/{rel}","templated":true}]}}