{"id":83777,"date":"2023-04-30T17:10:05","date_gmt":"2023-04-30T20:10:05","guid":{"rendered":"https:\/\/www.centraldenoticias.com.ar\/?p=83777"},"modified":"2023-04-30T18:50:58","modified_gmt":"2023-04-30T21:50:58","slug":"luciano-scatolini-hay-que-ampliar-derechos-para-que-la-ciudad-pueda-ser-vivible","status":"publish","type":"post","link":"https:\/\/cdnoticias.com\/index.php\/2023\/04\/30\/luciano-scatolini-hay-que-ampliar-derechos-para-que-la-ciudad-pueda-ser-vivible\/","title":{"rendered":"Luciano Scatolini: \u201cHay que ampliar derechos para que la ciudad pueda ser vivible\u201d"},"content":{"rendered":"<p>As\u00ed lo expres\u00f3 el secretario de Desarrollo Territorial de Naci\u00f3n. Particip\u00f3 de entrega de escrituras y present\u00f3 su libro. Cr\u00edticas a la falta de apoyo del gobierno municipal para la generaci\u00f3n de lotes con servicio.<!--more--><\/p>\n<hr \/>\n<p>El secretario de Desarrollo Territorial de la Naci\u00f3n Luciano Scatolini estuvo en Olavarr\u00eda para entregar la copia certificada de su<strong> escritura a alrededor de 50 familias que accedieron al PROCREAR, l\u00ednea lotes con servicios<\/strong>, y presentar su libro <strong>\u201cPlanificar la ciudad en tiempos de desigualdad\u201d.<\/strong> El evento cont\u00f3 con la moderaci\u00f3n del titular de ANSES local, Maximiliano Wesner.<\/p>\n<p>&nbsp;<\/p>\n<p>En di\u00e1logo con<em> Central de Noticias<\/em>, <strong>Maximiliano Wesner<\/strong> se\u00f1al\u00f3 que \u201ces una alegr\u00eda inmensa compartir esos momentos. No solamente es el resguardo jur\u00eddico sino que uno piensa en los sue\u00f1os que se desarrollan dentro de esas viviendas que se construy\u00f3\u201d.<\/p>\n<p>&nbsp;<\/p>\n<p><img data-recalc-dims=\"1\" loading=\"lazy\" decoding=\"async\" class=\"aligncenter size-full wp-image-83726\" src=\"https:\/\/i0.wp.com\/cdnoticias.com\/wp-content\/uploads\/2023\/04\/scato-7-scaled.jpg?resize=800%2C445&#038;ssl=1\" alt=\"\" width=\"800\" height=\"445\" srcset=\"https:\/\/i0.wp.com\/cdnoticias.com\/wp-content\/uploads\/2023\/04\/scato-7-scaled.jpg?w=2560&amp;ssl=1 2560w, https:\/\/i0.wp.com\/cdnoticias.com\/wp-content\/uploads\/2023\/04\/scato-7-scaled.jpg?resize=300%2C167&amp;ssl=1 300w, https:\/\/i0.wp.com\/cdnoticias.com\/wp-content\/uploads\/2023\/04\/scato-7-scaled.jpg?resize=1024%2C570&amp;ssl=1 1024w, https:\/\/i0.wp.com\/cdnoticias.com\/wp-content\/uploads\/2023\/04\/scato-7-scaled.jpg?resize=768%2C427&amp;ssl=1 768w, https:\/\/i0.wp.com\/cdnoticias.com\/wp-content\/uploads\/2023\/04\/scato-7-scaled.jpg?resize=1536%2C855&amp;ssl=1 1536w, https:\/\/i0.wp.com\/cdnoticias.com\/wp-content\/uploads\/2023\/04\/scato-7-scaled.jpg?resize=2048%2C1140&amp;ssl=1 2048w, https:\/\/i0.wp.com\/cdnoticias.com\/wp-content\/uploads\/2023\/04\/scato-7-scaled.jpg?resize=800%2C445&amp;ssl=1 800w, https:\/\/i0.wp.com\/cdnoticias.com\/wp-content\/uploads\/2023\/04\/scato-7-scaled.jpg?w=1600&amp;ssl=1 1600w, https:\/\/i0.wp.com\/cdnoticias.com\/wp-content\/uploads\/2023\/04\/scato-7-scaled.jpg?w=2400&amp;ssl=1 2400w\" sizes=\"auto, (max-width: 800px) 100vw, 800px\" \/><\/p>\n<p>&nbsp;<\/p>\n<p>Adem\u00e1s, resalt\u00f3 que \u201c<strong>lamentablemente no se pudo dar continuidad masivamente en Olavarr\u00eda porque no se generaron nuevos lotes con servicio<\/strong> a pesar de tener una ordenanza ya aprobada de la ampliaci\u00f3n de la planta urbana en nuestra ciudad y las herramientas con que cuenta el Intendente para poder generar suelo urbano, lotes con servicio\u201d.<\/p>\n<p>&nbsp;<\/p>\n<blockquote><p>\u201cEstamos pensando en una Olavarr\u00eda diferente en materia habitacional, una Olavarr\u00eda diferente en el acceso a la tierra\u201d, indic\u00f3 Wesner.<\/p><\/blockquote>\n<p>&nbsp;<\/p>\n<p>El acceso a la tierra para <strong>Luciano Scatolini<\/strong> \u201ces una problem\u00e1tica que buscamos abordar por primera vez con el Plan Nacional de Suelo Urbano que lo creamos en el a\u00f1o 2020 para generar nuevos loteos en toda la Argentina pero dependemos del aporte que hagan las provincias y los municipios. <strong>Lamentablemente no hemos tenido el apoyo de la ciudad de Olavarr\u00eda para generar loteos<\/strong>\u201d.<\/p>\n<p>&nbsp;<\/p>\n<p><img data-recalc-dims=\"1\" loading=\"lazy\" decoding=\"async\" class=\"aligncenter size-full wp-image-83725\" src=\"https:\/\/i0.wp.com\/cdnoticias.com\/wp-content\/uploads\/2023\/04\/scato-6-scaled.jpg?resize=800%2C445&#038;ssl=1\" alt=\"\" width=\"800\" height=\"445\" srcset=\"https:\/\/i0.wp.com\/cdnoticias.com\/wp-content\/uploads\/2023\/04\/scato-6-scaled.jpg?w=2560&amp;ssl=1 2560w, https:\/\/i0.wp.com\/cdnoticias.com\/wp-content\/uploads\/2023\/04\/scato-6-scaled.jpg?resize=300%2C167&amp;ssl=1 300w, https:\/\/i0.wp.com\/cdnoticias.com\/wp-content\/uploads\/2023\/04\/scato-6-scaled.jpg?resize=1024%2C570&amp;ssl=1 1024w, https:\/\/i0.wp.com\/cdnoticias.com\/wp-content\/uploads\/2023\/04\/scato-6-scaled.jpg?resize=768%2C427&amp;ssl=1 768w, https:\/\/i0.wp.com\/cdnoticias.com\/wp-content\/uploads\/2023\/04\/scato-6-scaled.jpg?resize=1536%2C855&amp;ssl=1 1536w, https:\/\/i0.wp.com\/cdnoticias.com\/wp-content\/uploads\/2023\/04\/scato-6-scaled.jpg?resize=2048%2C1140&amp;ssl=1 2048w, https:\/\/i0.wp.com\/cdnoticias.com\/wp-content\/uploads\/2023\/04\/scato-6-scaled.jpg?resize=800%2C445&amp;ssl=1 800w, https:\/\/i0.wp.com\/cdnoticias.com\/wp-content\/uploads\/2023\/04\/scato-6-scaled.jpg?w=1600&amp;ssl=1 1600w, https:\/\/i0.wp.com\/cdnoticias.com\/wp-content\/uploads\/2023\/04\/scato-6-scaled.jpg?w=2400&amp;ssl=1 2400w\" sizes=\"auto, (max-width: 800px) 100vw, 800px\" \/><\/p>\n<p>&nbsp;<\/p>\n<p><strong>Urbanismo y derechos<\/strong><\/p>\n<p>&nbsp;<\/p>\n<p>Sostuvo que <strong>\u201chay una visi\u00f3n elitista del urbanismo\u201d<\/strong> que se basa en que \u201cla ciudad es para quien la merece\u201d. En ese sentido, sostuvo que \u201cla ciudad es para el conjunto de su poblaci\u00f3n m\u00e1s all\u00e1 de su situaci\u00f3n socioecon\u00f3mica, cultura, educativa. <strong>Lo que hay que buscar es c\u00f3mo ampliar derechos para que la ciudad pueda ser vivible<\/strong>\u201d.<\/p>\n<p>&nbsp;<\/p>\n<p>Por su parte, Wesner se\u00f1al\u00f3 que \u201cOlavarr\u00eda tiene un <strong>d\u00e9ficit habitacional alt\u00edsimo.<\/strong> El municipio de Olavarr\u00eda tiene que ser un actor fundamental para poder garantizar el acceso a un lote con servicios, romper esos macizos de tierra privados y poder sentarse a negociar con un instrumento claro para poder generar esos lotes con servicios para esas familias que tanto lo necesitan\u201d.<\/p>\n<p>&nbsp;<\/p>\n<p>Adem\u00e1s este acceso es necesario \u201cpara poder fomentar el arraigo local, hay muchas familias en nuestras localidades donde ni siquiera hay viviendas para alquila\u201d, concluy\u00f3 Wesner.<\/p>\n","protected":false},"excerpt":{"rendered":"<p>As\u00ed lo expres\u00f3 el secretario de Desarrollo Territorial de Naci\u00f3n. Particip\u00f3 de entrega de escrituras y present\u00f3 su libro. Cr\u00edticas<\/p>\n","protected":false},"author":5,"featured_media":83721,"comment_status":"closed","ping_status":"closed","sticky":false,"template":"","format":"standard","meta":{"_jetpack_memberships_contains_paid_content":false,"footnotes":""},"categories":[4,1],"tags":[],"class_list":["post-83777","post","type-post","status-publish","format-standard","has-post-thumbnail","hentry","category-politica","category-portada"],"jetpack_featured_media_url":"https:\/\/i0.wp.com\/cdnoticias.com\/wp-content\/uploads\/2023\/04\/scato-2-scaled.jpg?fit=2560%2C1424&ssl=1","jetpack_sharing_enabled":true,"_links":{"self":[{"href":"https:\/\/cdnoticias.com\/index.php\/wp-json\/wp\/v2\/posts\/83777","targetHints":{"allow":["GET"]}}],"collection":[{"href":"https:\/\/cdnoticias.com\/index.php\/wp-json\/wp\/v2\/posts"}],"about":[{"href":"https:\/\/cdnoticias.com\/index.php\/wp-json\/wp\/v2\/types\/post"}],"author":[{"embeddable":true,"href":"https:\/\/cdnoticias.com\/index.php\/wp-json\/wp\/v2\/users\/5"}],"replies":[{"embeddable":true,"href":"https:\/\/cdnoticias.com\/index.php\/wp-json\/wp\/v2\/comments?post=83777"}],"version-history":[{"count":0,"href":"https:\/\/cdnoticias.com\/index.php\/wp-json\/wp\/v2\/posts\/83777\/revisions"}],"wp:featuredmedia":[{"embeddable":true,"href":"https:\/\/cdnoticias.com\/index.php\/wp-json\/wp\/v2\/media\/83721"}],"wp:attachment":[{"href":"https:\/\/cdnoticias.com\/index.php\/wp-json\/wp\/v2\/media?parent=83777"}],"wp:term":[{"taxonomy":"category","embeddable":true,"href":"https:\/\/cdnoticias.com\/index.php\/wp-json\/wp\/v2\/categories?post=83777"},{"taxonomy":"post_tag","embeddable":true,"href":"https:\/\/cdnoticias.com\/index.php\/wp-json\/wp\/v2\/tags?post=83777"}],"curies":[{"name":"wp","href":"https:\/\/api.w.org\/{rel}","templated":true}]}}