{"id":8375,"date":"2020-12-07T09:33:31","date_gmt":"2020-12-07T12:33:31","guid":{"rendered":"http:\/\/www.centraldenoticias.com.ar\/?p=8375"},"modified":"2020-12-07T09:33:31","modified_gmt":"2020-12-07T12:33:31","slug":"jose-luis-altare-q-e-p-d","status":"publish","type":"post","link":"https:\/\/cdnoticias.com\/index.php\/2020\/12\/07\/jose-luis-altare-q-e-p-d\/","title":{"rendered":"Jos\u00e9 Luis Altare (Q.E.P.D.)"},"content":{"rendered":"<p>Falleci\u00f3 en Olavarr\u00eda el d\u00eda 6 de diciembre de 2020 a los 72 a\u00f1os de edad. Su esposa Raquel Haydee Laborde; sus hijos: Mar\u00eda del Carmen y Claudia Leonor; sus hijos pol\u00edticos: Dar\u00edo y Oscar; sus nietos: Jonny, Sof\u00eda, Agust\u00edn y Candela; su hermano; sus sobrinos y dem\u00e1s deudos participan su fallecimiento.<\/p>\n<p>Velatorio: sala de Espa\u00f1a 2942 Dto B de 6:30 a 8:30 hs. Responso: Capilla Ardiente. Inhumaci\u00f3n: Cementerio Loma de Paz lunes 7 de diciembre a las 8:30. Servicio adherido a Coopelectric.<\/p>\n<p>Barrio en el que viv\u00eda: Microcentro<\/p>\n<p>Lugar de nacimiento: 9 de Julio<\/p>\n<p>Actividad que desarrollaba: Jubilado Rural de la Estancia &#8220;El Mirador&#8221;<\/p>\n","protected":false},"excerpt":{"rendered":"<p>Falleci\u00f3 en Olavarr\u00eda el d\u00eda 6 de diciembre de 2020 a los 72 a\u00f1os de edad. Su esposa Raquel Haydee<\/p>\n","protected":false},"author":4,"featured_media":0,"comment_status":"closed","ping_status":"closed","sticky":false,"template":"","format":"standard","meta":{"_jetpack_memberships_contains_paid_content":false,"footnotes":""},"categories":[10],"tags":[],"class_list":["post-8375","post","type-post","status-publish","format-standard","hentry","category-necrologicas"],"jetpack_featured_media_url":"","jetpack_sharing_enabled":true,"_links":{"self":[{"href":"https:\/\/cdnoticias.com\/index.php\/wp-json\/wp\/v2\/posts\/8375","targetHints":{"allow":["GET"]}}],"collection":[{"href":"https:\/\/cdnoticias.com\/index.php\/wp-json\/wp\/v2\/posts"}],"about":[{"href":"https:\/\/cdnoticias.com\/index.php\/wp-json\/wp\/v2\/types\/post"}],"author":[{"embeddable":true,"href":"https:\/\/cdnoticias.com\/index.php\/wp-json\/wp\/v2\/users\/4"}],"replies":[{"embeddable":true,"href":"https:\/\/cdnoticias.com\/index.php\/wp-json\/wp\/v2\/comments?post=8375"}],"version-history":[{"count":0,"href":"https:\/\/cdnoticias.com\/index.php\/wp-json\/wp\/v2\/posts\/8375\/revisions"}],"wp:attachment":[{"href":"https:\/\/cdnoticias.com\/index.php\/wp-json\/wp\/v2\/media?parent=8375"}],"wp:term":[{"taxonomy":"category","embeddable":true,"href":"https:\/\/cdnoticias.com\/index.php\/wp-json\/wp\/v2\/categories?post=8375"},{"taxonomy":"post_tag","embeddable":true,"href":"https:\/\/cdnoticias.com\/index.php\/wp-json\/wp\/v2\/tags?post=8375"}],"curies":[{"name":"wp","href":"https:\/\/api.w.org\/{rel}","templated":true}]}}