{"id":83748,"date":"2023-04-29T11:30:18","date_gmt":"2023-04-29T14:30:18","guid":{"rendered":"https:\/\/www.centraldenoticias.com.ar\/?p=83748"},"modified":"2023-05-25T17:06:17","modified_gmt":"2023-05-25T20:06:17","slug":"el-hombre-electrocutado-en-una-obra-se-encuentra-internado-en-grave-estado","status":"publish","type":"post","link":"https:\/\/cdnoticias.com\/index.php\/2023\/04\/29\/el-hombre-electrocutado-en-una-obra-se-encuentra-internado-en-grave-estado\/","title":{"rendered":"El hombre electrocutado en una obra se encuentra internado \u201cen grave estado\u201d"},"content":{"rendered":"<p>Se encuentra en el \u00e1rea de Terapia Intensiva del Hospital Municipal. Se inform\u00f3 que sufri\u00f3 una descarga \u201cde m\u00e1s de 13 mil voltios\u201d en un accidente laboral.<!--more--><\/p>\n<hr \/>\n<p><strong>Autoridades del Hospital Municipal informaron en las \u00faltimas horas que el hombre de 58 a\u00f1os que sufri\u00f3 una descarga el\u00e9ctrica en un accidente laboral se encuentra en \u201cgrave estado\u201d<\/strong> internado en el \u00e1rea de Terapia Intensiva del Hospital Municipal local.<\/p>\n<p>&nbsp;<\/p>\n<p>Seg\u00fan se inform\u00f3,<strong> personal de salud asisti\u00f3 al hombre de 58 a\u00f1os identificado como Luis Alberto Alba<\/strong> durante varias horas y tras lograr estabilizarlo, permanece en el \u00e1rea de mayor complejidad del centro de salud local.<\/p>\n<p>&nbsp;<\/p>\n<p>El hecho se produjo en la tarde del \u00faltimo viernes, cuando<strong> el hombre fue electrocutado luego de que el andamio donde realizaba su tarea laboral tocara un cable de alta tensi\u00f3n que pasa por fuera de un local comercial pronto a abrir, en el kil\u00f3metro 290 de la ruta 226.<\/strong><\/p>\n<p>&nbsp;<\/p>\n<p>Cabe destacar que<strong> dichos cables de alta tensi\u00f3n trasladan m\u00e1s de 13 mil voltios, por lo que la descarga el\u00e9ctrica le gener\u00f3 a Alba grav\u00edsimas heridas.<\/strong><\/p>\n","protected":false},"excerpt":{"rendered":"<p>Se encuentra en el \u00e1rea de Terapia Intensiva del Hospital Municipal. Se inform\u00f3 que sufri\u00f3 una descarga \u201cde m\u00e1s de<\/p>\n","protected":false},"author":2,"featured_media":83678,"comment_status":"closed","ping_status":"closed","sticky":false,"template":"","format":"standard","meta":{"_jetpack_memberships_contains_paid_content":false,"footnotes":""},"categories":[14,1],"tags":[],"class_list":["post-83748","post","type-post","status-publish","format-standard","has-post-thumbnail","hentry","category-policiales","category-portada"],"jetpack_featured_media_url":"https:\/\/i0.wp.com\/cdnoticias.com\/wp-content\/uploads\/2023\/04\/accidente-eln.jpg?fit=685%2C316&ssl=1","jetpack_sharing_enabled":true,"_links":{"self":[{"href":"https:\/\/cdnoticias.com\/index.php\/wp-json\/wp\/v2\/posts\/83748","targetHints":{"allow":["GET"]}}],"collection":[{"href":"https:\/\/cdnoticias.com\/index.php\/wp-json\/wp\/v2\/posts"}],"about":[{"href":"https:\/\/cdnoticias.com\/index.php\/wp-json\/wp\/v2\/types\/post"}],"author":[{"embeddable":true,"href":"https:\/\/cdnoticias.com\/index.php\/wp-json\/wp\/v2\/users\/2"}],"replies":[{"embeddable":true,"href":"https:\/\/cdnoticias.com\/index.php\/wp-json\/wp\/v2\/comments?post=83748"}],"version-history":[{"count":0,"href":"https:\/\/cdnoticias.com\/index.php\/wp-json\/wp\/v2\/posts\/83748\/revisions"}],"wp:featuredmedia":[{"embeddable":true,"href":"https:\/\/cdnoticias.com\/index.php\/wp-json\/wp\/v2\/media\/83678"}],"wp:attachment":[{"href":"https:\/\/cdnoticias.com\/index.php\/wp-json\/wp\/v2\/media?parent=83748"}],"wp:term":[{"taxonomy":"category","embeddable":true,"href":"https:\/\/cdnoticias.com\/index.php\/wp-json\/wp\/v2\/categories?post=83748"},{"taxonomy":"post_tag","embeddable":true,"href":"https:\/\/cdnoticias.com\/index.php\/wp-json\/wp\/v2\/tags?post=83748"}],"curies":[{"name":"wp","href":"https:\/\/api.w.org\/{rel}","templated":true}]}}