{"id":83736,"date":"2023-04-29T12:35:43","date_gmt":"2023-04-29T15:35:43","guid":{"rendered":"https:\/\/www.centraldenoticias.com.ar\/?p=83736"},"modified":"2023-04-29T12:35:43","modified_gmt":"2023-04-29T15:35:43","slug":"restituyeron-elementos-robados-tras-allanamientos-en-olavarria","status":"publish","type":"post","link":"https:\/\/cdnoticias.com\/index.php\/2023\/04\/29\/restituyeron-elementos-robados-tras-allanamientos-en-olavarria\/","title":{"rendered":"Restituyeron elementos robados tras allanamientos en Olavarr\u00eda"},"content":{"rendered":"<p>Tras investigar, confirmaron que uno de los robos sucedi\u00f3 en un taller mec\u00e1nico en nuestra ciudad en diciembre de 2022 y otro en la f\u00e1brica Cerro Negro.<!--more--><\/p>\n<hr \/>\n<p>Este viernes,<strong> personal de subcomisar\u00eda de Sierras Bayas inform\u00f3 de la devoluci\u00f3n de varios elementos encontrados en allanamientos<\/strong> que hab\u00edan sido realizados por robos en diversos hechos meses atr\u00e1s.<\/p>\n<p>&nbsp;<\/p>\n<p>Cabe recordar que<strong> los procedimientos se realizaron d\u00edas atr\u00e1s en tres objetivos: uno en Calle 114 al 3100 y al 3200, y el restante en Yrigoyen al 4700<\/strong>, en el marco de un<strong> robo ocurrido en Ruta 226 y Ruta 51<\/strong>, con injerencia con injerencia de la Ayudant\u00eda de Autores Ignorados a cargo de la Dra Mirta Deroni, donde se logr\u00f3 recuperar los elementos que hab\u00edan sido sustra\u00eddos.<strong> Tras las actuaciones correspondientes, todo fue devuelto a la v\u00edctima.<\/strong><\/p>\n<p>&nbsp;<\/p>\n<p>Pero adem\u00e1s<strong>, en los procedimientos encontraron m\u00e1s elementos que no pudieron ser probados como propios y fueron secuestrados.<\/strong> En la continuaci\u00f3n de la investigaci\u00f3n, personal de la Subcomisar\u00eda de Sierras Bayas y el Gabinete de Prevenci\u00f3n de la Comisar\u00eda Segunda <strong>establecieron que algunos de estos elementos fueron robados de un taller mec\u00e1nico ubicado en Islas Malvinas al 2100 de diciembre de 2022.<\/strong><\/p>\n<p>&nbsp;<\/p>\n<p><img data-recalc-dims=\"1\" loading=\"lazy\" decoding=\"async\" class=\"alignnone size-large wp-image-83738\" src=\"https:\/\/i0.wp.com\/cdnoticias.com\/wp-content\/uploads\/2023\/04\/WhatsApp-Image-2023-04-28-at-16.48.49.jpeg?resize=800%2C598&#038;ssl=1\" alt=\"\" width=\"800\" height=\"598\" srcset=\"https:\/\/i0.wp.com\/cdnoticias.com\/wp-content\/uploads\/2023\/04\/WhatsApp-Image-2023-04-28-at-16.48.49.jpeg?resize=1024%2C766&amp;ssl=1 1024w, https:\/\/i0.wp.com\/cdnoticias.com\/wp-content\/uploads\/2023\/04\/WhatsApp-Image-2023-04-28-at-16.48.49.jpeg?resize=300%2C224&amp;ssl=1 300w, https:\/\/i0.wp.com\/cdnoticias.com\/wp-content\/uploads\/2023\/04\/WhatsApp-Image-2023-04-28-at-16.48.49.jpeg?resize=768%2C575&amp;ssl=1 768w, https:\/\/i0.wp.com\/cdnoticias.com\/wp-content\/uploads\/2023\/04\/WhatsApp-Image-2023-04-28-at-16.48.49.jpeg?w=1160&amp;ssl=1 1160w\" sizes=\"auto, (max-width: 800px) 100vw, 800px\" \/><\/p>\n<p>&nbsp;<\/p>\n<blockquote><p>Otros de ellos, como 28 planchas de porcelanato, logr\u00f3 determinarse que fueron robados de la f\u00e1brica de Cerro Negro. Todo fue devuelto a sus respectivos due\u00f1os.<\/p><\/blockquote>\n<p>&nbsp;<\/p>\n<p>Adem\u00e1s de la doctora Deroni, interviene en las causas por robo la UFI N\u00b010 a cargo del doctor Pi\u00f1eiro.<\/p>\n","protected":false},"excerpt":{"rendered":"<p>Tras investigar, confirmaron que uno de los robos sucedi\u00f3 en un taller mec\u00e1nico en nuestra ciudad en diciembre de 2022<\/p>\n","protected":false},"author":2,"featured_media":83737,"comment_status":"closed","ping_status":"closed","sticky":false,"template":"","format":"standard","meta":{"_jetpack_memberships_contains_paid_content":false,"footnotes":""},"categories":[14,1],"tags":[],"class_list":["post-83736","post","type-post","status-publish","format-standard","has-post-thumbnail","hentry","category-policiales","category-portada"],"jetpack_featured_media_url":"https:\/\/i0.wp.com\/cdnoticias.com\/wp-content\/uploads\/2023\/04\/WhatsApp-Image-2023-04-28-at-16.48.50.jpeg?fit=1156%2C868&ssl=1","jetpack_sharing_enabled":true,"_links":{"self":[{"href":"https:\/\/cdnoticias.com\/index.php\/wp-json\/wp\/v2\/posts\/83736","targetHints":{"allow":["GET"]}}],"collection":[{"href":"https:\/\/cdnoticias.com\/index.php\/wp-json\/wp\/v2\/posts"}],"about":[{"href":"https:\/\/cdnoticias.com\/index.php\/wp-json\/wp\/v2\/types\/post"}],"author":[{"embeddable":true,"href":"https:\/\/cdnoticias.com\/index.php\/wp-json\/wp\/v2\/users\/2"}],"replies":[{"embeddable":true,"href":"https:\/\/cdnoticias.com\/index.php\/wp-json\/wp\/v2\/comments?post=83736"}],"version-history":[{"count":0,"href":"https:\/\/cdnoticias.com\/index.php\/wp-json\/wp\/v2\/posts\/83736\/revisions"}],"wp:featuredmedia":[{"embeddable":true,"href":"https:\/\/cdnoticias.com\/index.php\/wp-json\/wp\/v2\/media\/83737"}],"wp:attachment":[{"href":"https:\/\/cdnoticias.com\/index.php\/wp-json\/wp\/v2\/media?parent=83736"}],"wp:term":[{"taxonomy":"category","embeddable":true,"href":"https:\/\/cdnoticias.com\/index.php\/wp-json\/wp\/v2\/categories?post=83736"},{"taxonomy":"post_tag","embeddable":true,"href":"https:\/\/cdnoticias.com\/index.php\/wp-json\/wp\/v2\/tags?post=83736"}],"curies":[{"name":"wp","href":"https:\/\/api.w.org\/{rel}","templated":true}]}}