{"id":83690,"date":"2023-04-28T19:58:11","date_gmt":"2023-04-28T22:58:11","guid":{"rendered":"https:\/\/www.centraldenoticias.com.ar\/?p=83690"},"modified":"2023-04-28T19:58:11","modified_gmt":"2023-04-28T22:58:11","slug":"se-lanzo-el-nuevo-911-federal-para-mejorar-la-seguridad","status":"publish","type":"post","link":"https:\/\/cdnoticias.com\/index.php\/2023\/04\/28\/se-lanzo-el-nuevo-911-federal-para-mejorar-la-seguridad\/","title":{"rendered":"Se lanz\u00f3 el nuevo 911 federal para &#8220;mejorar la seguridad&#8221;"},"content":{"rendered":"<p>Fue lanzado por el Gobierno y buscan minimizar &#8220;los tiempos de respuesta ante un hecho delictivo&#8221;. <!--more--><\/p>\n<hr \/>\n<p>El nuevo <strong>911 federal lanzado por el Gobierno<\/strong>, una iniciativa para &#8220;<strong>mejorar la seguridad&#8221; en todo el pa\u00eds<\/strong> a trav\u00e9s de la actualizaci\u00f3n tecnol\u00f3gica del Sistema Federal de Atenci\u00f3n de Emergencias, busca <strong>minimizar los tiempos de respuesta<\/strong> y optimizar el despliegue de la polic\u00eda <strong>ante un hecho delictivo.<\/strong><\/p>\n<p>&nbsp;<\/p>\n<p>\u201cPresentamos el nuevo #911Federal<strong>,<\/strong> que brinda una mejor atenci\u00f3n a las argentinas y argentinos ante <strong>situaciones de emergencia<\/strong> a trav\u00e9s de nuevas tecnolog\u00edas. <strong>Estamos trabajando para garantizar la seguridad de todo el pueblo argentino\u201d<\/strong>, afirm\u00f3 <strong>Alberto Fern\u00e1ndez<\/strong> en una publicaci\u00f3n que realiz\u00f3 en su cuenta de Twitter.<\/p>\n<p>&nbsp;<\/p>\n<p>Seg\u00fan se inform\u00f3 oficialmente, el llamado <strong>Proyecto 911 Federal GIS<\/strong> permite centralizar la gesti\u00f3n de los delitos federales de forma precisa y confiable, generar mapas geolocalizados en tiempo real, minimizar los tiempos de respuesta y optimizar el despliegue de las polic\u00edas, bomberos, defensa civil, servicios m\u00e9dicos provinciales y federales, <strong>mejorando el seguimiento de los casos en todo el pa\u00eds.<\/strong><\/p>\n<p>&nbsp;<\/p>\n<p>En ese plano, se explic\u00f3 que el 911 Federal toma como punto de partida <strong>experiencias internacionales<\/strong> y tecnolog\u00edas inteligentes e integradas en la lucha contra el crimen organizado y su implementaci\u00f3n est\u00e1 planificada en dos ejes y de manera gradual.<\/p>\n<p>&nbsp;<\/p>\n<p>El primer eje consiste en la implementaci\u00f3n de un sistema de geoposicionamiento con tecnolog\u00eda ELS de Google solo para<strong> llamadas de emergencia al 911<\/strong> desde dispositivos m\u00f3viles Android en todo el territorio nacional.<\/p>\n<p>&nbsp;<\/p>\n<p>Se trata -seg\u00fan se precis\u00f3- de una nueva herramienta que se les brindar\u00e1 a los centros de atenci\u00f3n de emergencias 911 de cada una de las provincias, mediante la cual cada operador 911 podr\u00e1 disponer de forma inmediata y en pantalla, informaci\u00f3n relacionada con la ubicaci\u00f3n geogr\u00e1fica.<\/p>\n<p>&nbsp;<\/p>\n<p>En la actualidad el sistema se encuentra operativo en la <strong>provincia de San Juan<\/strong>, donde se desarroll\u00f3 la <strong>experiencia piloto,<\/strong> y <strong>extendi\u00e9ndose a la totalidad del territorio nacional.<\/strong><\/p>\n<p>&nbsp;<\/p>\n<p>El segundo eje supone la ampliaci\u00f3n y reingenier\u00eda del 911 Federal para que, junto con el Ministerio de Seguridad de la Naci\u00f3n, recepcionen en forma inmediata y geolocalizada, todos los delitos iniciados en cada central provincial de atenci\u00f3n de emergencias 911 que fueran tipificados como delitos federales, tales como<strong> narcotr\u00e1fico, trata de personas, contrabando, secuestros extorsivos, lavados de activos de origen il\u00edcito, delitos de lesa humanidad, contaminaci\u00f3n ambiental,<\/strong> entre otros.<\/p>\n<p>&nbsp;<\/p>\n<p>De acuerdo a lo consignado, trabajar\u00e1n de manera conjunta representantes de las centrales 911 provinciales y de las cuatro fuerzas federales, para dar cobertura las 24 horas, los 365 d\u00edas del a\u00f1o.<\/p>\n<p>&nbsp;<\/p>\n<p><em>Fuente: DIB\u00a0<\/em><\/p>\n","protected":false},"excerpt":{"rendered":"<p>Fue lanzado por el Gobierno y buscan minimizar &#8220;los tiempos de respuesta ante un hecho delictivo&#8221;.<\/p>\n","protected":false},"author":6,"featured_media":83693,"comment_status":"closed","ping_status":"closed","sticky":false,"template":"","format":"standard","meta":{"_jetpack_memberships_contains_paid_content":false,"footnotes":""},"categories":[6,1],"tags":[],"class_list":["post-83690","post","type-post","status-publish","format-standard","has-post-thumbnail","hentry","category-nacionales","category-portada"],"jetpack_featured_media_url":"https:\/\/i0.wp.com\/cdnoticias.com\/wp-content\/uploads\/2023\/04\/Policia-Federal-2-696x464-1.jpg?fit=696%2C464&ssl=1","jetpack_sharing_enabled":true,"_links":{"self":[{"href":"https:\/\/cdnoticias.com\/index.php\/wp-json\/wp\/v2\/posts\/83690","targetHints":{"allow":["GET"]}}],"collection":[{"href":"https:\/\/cdnoticias.com\/index.php\/wp-json\/wp\/v2\/posts"}],"about":[{"href":"https:\/\/cdnoticias.com\/index.php\/wp-json\/wp\/v2\/types\/post"}],"author":[{"embeddable":true,"href":"https:\/\/cdnoticias.com\/index.php\/wp-json\/wp\/v2\/users\/6"}],"replies":[{"embeddable":true,"href":"https:\/\/cdnoticias.com\/index.php\/wp-json\/wp\/v2\/comments?post=83690"}],"version-history":[{"count":0,"href":"https:\/\/cdnoticias.com\/index.php\/wp-json\/wp\/v2\/posts\/83690\/revisions"}],"wp:featuredmedia":[{"embeddable":true,"href":"https:\/\/cdnoticias.com\/index.php\/wp-json\/wp\/v2\/media\/83693"}],"wp:attachment":[{"href":"https:\/\/cdnoticias.com\/index.php\/wp-json\/wp\/v2\/media?parent=83690"}],"wp:term":[{"taxonomy":"category","embeddable":true,"href":"https:\/\/cdnoticias.com\/index.php\/wp-json\/wp\/v2\/categories?post=83690"},{"taxonomy":"post_tag","embeddable":true,"href":"https:\/\/cdnoticias.com\/index.php\/wp-json\/wp\/v2\/tags?post=83690"}],"curies":[{"name":"wp","href":"https:\/\/api.w.org\/{rel}","templated":true}]}}