{"id":83685,"date":"2023-04-30T10:16:09","date_gmt":"2023-04-30T13:16:09","guid":{"rendered":"https:\/\/www.centraldenoticias.com.ar\/?p=83685"},"modified":"2023-04-30T11:29:02","modified_gmt":"2023-04-30T14:29:02","slug":"en-mayo-vuelve-a-aumentar-el-pan-sera-de-un-10-mas","status":"publish","type":"post","link":"https:\/\/cdnoticias.com\/index.php\/2023\/04\/30\/en-mayo-vuelve-a-aumentar-el-pan-sera-de-un-10-mas\/","title":{"rendered":"En mayo, vuelve a aumentar el pan: ser\u00e1 de un 10% m\u00e1s"},"content":{"rendered":"<p>As\u00ed se dio a conocer desde el Centro de Industriales Panaderos de Olavarr\u00eda. El \u00faltimo aumento fue en abril y el kilo de pan hab\u00eda llegado hasta $550. <!--more--><\/p>\n<hr \/>\n<p>Desde el <strong>Centro de Industriales Panaderos de Olavarr\u00eda<\/strong> (CIPO) se dio a conocer un <strong>nuevo aumento a partir de este lunes 1 de mayo en panader\u00edas de la ciudad.\u00a0<\/strong><\/p>\n<p>&nbsp;<\/p>\n<p><em><strong>Central de Noticias<\/strong><\/em> pudo saber que el aumento se debe a<em> &#8220;la quita\u00a0del subsidio en algunas harinas y el recorte de entrega de la que sigue en dicho r\u00e9gimen&#8221;<\/em>. Adem\u00e1s el aumento se dar\u00e1 en lo que se denomina &#8220;materia grasa&#8221;, como <strong>margarina, aceite y grasa.\u00a0<\/strong><\/p>\n<p>&nbsp;<\/p>\n<p>Otra de las razones del nuevo aumento es &#8220;<em><strong>la inflaci\u00f3n general en todo lo dem\u00e1s como ya es de p\u00fablico conocimiento<\/strong><\/em>&#8221; expresaron. El<strong> aumento ser\u00e1 entre un 8% y un 10%<\/strong> &#8220;dependiendo del producto y los insumos que este demande&#8221; sostuvieron.<\/p>\n<p>&nbsp;<\/p>\n<p><img data-recalc-dims=\"1\" loading=\"lazy\" decoding=\"async\" class=\"aligncenter size-full wp-image-64136\" src=\"https:\/\/i0.wp.com\/cdnoticias.com\/wp-content\/uploads\/2022\/09\/pan-precio-harina-0.jpg?resize=800%2C445&#038;ssl=1\" alt=\"\" width=\"800\" height=\"445\" srcset=\"https:\/\/i0.wp.com\/cdnoticias.com\/wp-content\/uploads\/2022\/09\/pan-precio-harina-0.jpg?w=800&amp;ssl=1 800w, https:\/\/i0.wp.com\/cdnoticias.com\/wp-content\/uploads\/2022\/09\/pan-precio-harina-0.jpg?resize=300%2C167&amp;ssl=1 300w, https:\/\/i0.wp.com\/cdnoticias.com\/wp-content\/uploads\/2022\/09\/pan-precio-harina-0.jpg?resize=768%2C427&amp;ssl=1 768w\" sizes=\"auto, (max-width: 800px) 100vw, 800px\" \/><\/p>\n<p>&nbsp;<\/p>\n<p><strong>Nuevos aumentos<\/strong><\/p>\n<p>&nbsp;<\/p>\n<p>Espec\u00edficamente,<strong> el fiambre<\/strong> sufri\u00f3 un fuerte aumento <em><strong>&#8220;hasta dos veces en la misma semana llego a variar el precio<\/strong><\/em>&#8221; se\u00f1alaron desde CIPO.\u00a0En este sentido, la <strong>docena de s\u00e1ndwiches de miga saldr\u00e1 $2500.<\/strong><\/p>\n<p>&nbsp;<\/p>\n<p>Por \u00faltimo el<strong> kilo de pan estar\u00e1 en el orden de los $600<\/strong> mientras que las <strong>facturas estar\u00e1n entre $1100 y $1200.\u00a0<\/strong><\/p>\n<p>&nbsp;<\/p>\n<p>Recordemos que el <strong>\u00faltimo aumento fue en abril<\/strong> y desde CIPO hab\u00edan adelantado que &#8220;<a href=\"https:\/\/cdnoticias.com\/index.php\/2023\/04\/06\/abril-llega-con-aumento-del-pan-cuanto-cuesta-el-kilo\/\" target=\"_blank\" rel=\"noopener\"><em>seguramente en breve se vuelva a aumentar<\/em><\/a>&#8220;, hecho que se concreta a partir de mayo.<\/p>\n<p>&nbsp;<\/p>\n","protected":false},"excerpt":{"rendered":"<p>As\u00ed se dio a conocer desde el Centro de Industriales Panaderos de Olavarr\u00eda. El \u00faltimo aumento fue en abril y<\/p>\n","protected":false},"author":6,"featured_media":64137,"comment_status":"closed","ping_status":"closed","sticky":false,"template":"","format":"standard","meta":{"_jetpack_memberships_contains_paid_content":false,"footnotes":""},"categories":[5,1],"tags":[],"class_list":["post-83685","post","type-post","status-publish","format-standard","has-post-thumbnail","hentry","category-informacion-general","category-portada"],"jetpack_featured_media_url":"https:\/\/i0.wp.com\/cdnoticias.com\/wp-content\/uploads\/2022\/09\/pan-precio-harina.jpg?fit=800%2C446&ssl=1","jetpack_sharing_enabled":true,"_links":{"self":[{"href":"https:\/\/cdnoticias.com\/index.php\/wp-json\/wp\/v2\/posts\/83685","targetHints":{"allow":["GET"]}}],"collection":[{"href":"https:\/\/cdnoticias.com\/index.php\/wp-json\/wp\/v2\/posts"}],"about":[{"href":"https:\/\/cdnoticias.com\/index.php\/wp-json\/wp\/v2\/types\/post"}],"author":[{"embeddable":true,"href":"https:\/\/cdnoticias.com\/index.php\/wp-json\/wp\/v2\/users\/6"}],"replies":[{"embeddable":true,"href":"https:\/\/cdnoticias.com\/index.php\/wp-json\/wp\/v2\/comments?post=83685"}],"version-history":[{"count":0,"href":"https:\/\/cdnoticias.com\/index.php\/wp-json\/wp\/v2\/posts\/83685\/revisions"}],"wp:featuredmedia":[{"embeddable":true,"href":"https:\/\/cdnoticias.com\/index.php\/wp-json\/wp\/v2\/media\/64137"}],"wp:attachment":[{"href":"https:\/\/cdnoticias.com\/index.php\/wp-json\/wp\/v2\/media?parent=83685"}],"wp:term":[{"taxonomy":"category","embeddable":true,"href":"https:\/\/cdnoticias.com\/index.php\/wp-json\/wp\/v2\/categories?post=83685"},{"taxonomy":"post_tag","embeddable":true,"href":"https:\/\/cdnoticias.com\/index.php\/wp-json\/wp\/v2\/tags?post=83685"}],"curies":[{"name":"wp","href":"https:\/\/api.w.org\/{rel}","templated":true}]}}