{"id":8367,"date":"2020-12-06T17:35:05","date_gmt":"2020-12-06T20:35:05","guid":{"rendered":"http:\/\/www.centraldenoticias.com.ar\/?p=8367"},"modified":"2020-12-06T17:35:05","modified_gmt":"2020-12-06T20:35:05","slug":"un-varon-trans-embarazado-de-cinco-meses-tendra-un-bebe-de-su-pareja-una-mujer-trans","status":"publish","type":"post","link":"https:\/\/cdnoticias.com\/index.php\/2020\/12\/06\/un-varon-trans-embarazado-de-cinco-meses-tendra-un-bebe-de-su-pareja-una-mujer-trans\/","title":{"rendered":"Un var\u00f3n trans embarazado de cinco meses tendr\u00e1 un beb\u00e9 de su pareja, una mujer trans"},"content":{"rendered":"<p>&#8220;Nuestro hijo fue gestado de forma natural, como lo hace cualquier otra pareja cisg\u00e9nero que est\u00e1 buscando tener un hijo sin necesidad de recurrir a la fertilizaci\u00f3n asistida&#8221;, cont\u00f3 Franco Di Pietro, de 28 a\u00f1os, en di\u00e1logo con T\u00e9lam.<\/p>\n<p><!--more--><\/p>\n<hr \/>\n<p>Con un primer hijo creciendo en su vientre, Franco Di Pietro, de 28 a\u00f1os, es una de las personas gestantes de la que habla el proyecto de legalizaci\u00f3n del aborto que comenz\u00f3 a debatirse en el Congreso, ya que tambi\u00e9n l<strong>os varones trans, las personas intersexuales y de g\u00e9nero fluido pueden tanto embarazarse y parir como querer interrumpir ese proceso.<\/strong><\/p>\n<p>&nbsp;<\/p>\n<p><strong>La madre del ni\u00f1o que nacer\u00e1 a fines de abril es otra persona trans, Hannah Palacios (44), con quien Franco est\u00e1 en pareja hace un a\u00f1o y tres meses<\/strong>. &#8220;Nuestro hijo fue gestado de forma natural, como lo hace cualquier otra pareja cisg\u00e9nero que est\u00e1 buscando tener un hijo sin necesidad de recurrir a la fertilizaci\u00f3n asistida&#8221;, cont\u00f3 Franco en la charla que mantuvo con T\u00e9lam en el patio de la Casa Trans donde Hannah trabaja como promotora de salud.<\/p>\n<p>&nbsp;<\/p>\n<p><img data-recalc-dims=\"1\" loading=\"lazy\" decoding=\"async\" class=\"alignnone size-full wp-image-8368\" src=\"https:\/\/i0.wp.com\/cdnoticias.com\/wp-content\/uploads\/2020\/12\/5fcbf16154d32_1004x565.jpg?resize=800%2C450&#038;ssl=1\" alt=\"\" width=\"800\" height=\"450\" srcset=\"https:\/\/i0.wp.com\/cdnoticias.com\/wp-content\/uploads\/2020\/12\/5fcbf16154d32_1004x565.jpg?w=1004&amp;ssl=1 1004w, https:\/\/i0.wp.com\/cdnoticias.com\/wp-content\/uploads\/2020\/12\/5fcbf16154d32_1004x565.jpg?resize=300%2C169&amp;ssl=1 300w, https:\/\/i0.wp.com\/cdnoticias.com\/wp-content\/uploads\/2020\/12\/5fcbf16154d32_1004x565.jpg?resize=768%2C432&amp;ssl=1 768w\" sizes=\"auto, (max-width: 800px) 100vw, 800px\" \/><\/p>\n<p>&nbsp;<\/p>\n<p>&#8220;Fue cuesti\u00f3n de hacer todos los pasos, mantener el estr\u00e9s bajo y buscar la fecha de mayor fertilidad&#8221;, agreg\u00f3 detr\u00e1s de un barbijo del que sobresal\u00eda su barba. La \u00fanica diferencia respecto a una pareja heterosexual convencional, fue que <strong>Franco tuvo que &#8220;suspender el tratamiento hormonal&#8221; que ven\u00eda haciendo hace unos cinco a\u00f1os &#8220;y esperar unos cuantos meses hasta volver a producir \u00f3vulos y menstruar&#8221;, seg\u00fan explic\u00f3.<\/strong><\/p>\n<p>&nbsp;<\/p>\n<p>&#8220;Reci\u00e9n ah\u00ed mi cuerpo estuvo preparado, porque si no hubiese sido imposible&#8221;, dijo mientras acariciaba su panza que a\u00fan pasa desapercibida. Y si bien individualmente siempre hab\u00edan tenido el deseo de tener hijos; <strong>Franco y Hannah nunca hab\u00edan imaginado formar una familia con otra persona trans, hasta que se conocieron y enamoraron.<\/strong><\/p>\n<p>&nbsp;<\/p>\n<blockquote><p>&#8220;Si hubiera sido con una mujer cisg\u00e9nero estaba la posibilidad de la inseminaci\u00f3n y que gestara ella. Pero bueno, me enamor\u00e9 de Hannah, surgi\u00f3, vimos que era posible y le dimos para adelante&#8221;<\/p><\/blockquote>\n<p>&nbsp;<\/p>\n<p>&nbsp;<\/p>\n<p>&#8220;Tampoco pens\u00e9 que iba a tener que ser yo el cuerpo gestante, porque si hubiera sido con una mujer cisg\u00e9nero estaba la posibilidad de la inseminaci\u00f3n y que gestara ella. Pero bueno, <strong>me enamor\u00e9 de Hannah, surgi\u00f3, vimos que era posible y le dimos para adelante<\/strong>&#8220;, asegur\u00f3 Franco.<\/p>\n<p>&nbsp;<\/p>\n<p>Conscientes de la gran cantidad de prejuicios que siguen activos en la sociedad y de la escasa receptividad del sistema de salud a las corporalidades disidentes, Hannah y Franco tambi\u00e9n resolvieron que estaban dispuestos a enfrentar todas las miradas y las preguntas inc\u00f3modas que vinieran.\u00a0<strong>&#8220;Yo a veces digo que &#8216;voy a ser mam\u00e1&#8217; y alguna gente me responde &#8216;no, vas a ser pap\u00e1&#8217;. Incluso dentro del mismo ambiente, cuando digo &#8216;es mi marido y est\u00e1 embarazado&#8217; me dicen &#8216;\u00bfpero vos no te hiciste trans porque te gustan los hombres cisg\u00e9nero?&#8217;. Y ah\u00ed yo les explico que no pasa por los genitales, pero la gente todav\u00eda est\u00e1 muy cerrada&#8221;,<\/strong> dijo Hannah.<\/p>\n<p>&nbsp;<\/p>\n<p><em><strong>Otro tanto pasa en los centros de salud.<\/strong><\/em><\/p>\n<p>&nbsp;<\/p>\n<p>&#8220;<strong>Cuando \u00edbamos juntos al hospital para que \u00e9l se haga los an\u00e1lisis me preguntaban a m\u00ed si estaba embarazada, y yo les dec\u00eda &#8216;yo no, \u00e9l&#8217; y me quedaban mirando<\/strong>. Tambi\u00e9n despu\u00e9s de hacerle una de las primeras ecograf\u00edas, el m\u00e9dico sali\u00f3 y me hablaba solamente a m\u00ed y cada tanto dec\u00eda &#8216;\u00bfo no, Franco?'&#8221;, cont\u00f3 Hannah.<\/p>\n<p>&nbsp;<\/p>\n<p>Franco cuenta que &#8220;en las salas de espera siempre son todas mujeres y yo&#8221; y su condici\u00f3n de embarazado se hace m\u00e1s evidente en cuarentena, cuando las consultas son individuales.\u00a0&#8220;Cuando dicen &#8216;la siguiente&#8217; y voy yo solo, ya sent\u00eds las miradas. Algunos se r\u00eden y tiran alg\u00fan que otro comentario, pero yo trato de ignorarlo y no tomarlo personal. <strong>Una sola vez, un hombre y una mujer cisg\u00e9nero me empezaron a dar charla, me felicitaron y me qued\u00e9 explic\u00e1ndoles. Pero la mayor\u00eda prefiere quedarse en el murmullo, en juzgarte con una sola mirada, sin hablar<\/strong>&#8220;, cont\u00f3 Franco.<\/p>\n<p>&nbsp;<\/p>\n<blockquote><p>&#8220;Para mi obstetra yo soy Franco, a quien atiende el embarazo como si fuera una mujer pero se refiere a m\u00ed como hombre, as\u00ed que estoy c\u00f3modo y me quedo con ella nom\u00e1s&#8221;<\/p>\n<p>&nbsp;<\/p><\/blockquote>\n<p>Una de las cosas que m\u00e1s le chocan a Hannah es el nombre de &#8220;maternidad&#8221; para el servicio donde se atienden los partos y la recuperaci\u00f3n posterior, porque refuerza la idea de que es un espacio exclusivo para mujeres.\u00a0<strong>&#8220;Por ah\u00ed m\u00e1s adelante estar\u00eda bueno que le cambien el nombre, adem\u00e1s de capacitar al personal de los centros de salud&#8221;<\/strong>, agreg\u00f3.<\/p>\n<p>&nbsp;<\/p>\n<p>Pero no todo fue reactividad en el sistema de salud p\u00fablico, porque tambi\u00e9n se encontraron con una obstetra dispuesta a aprender de su mano.\u00a0 <strong>&#8220;Ella de entrada me dijo &#8216;me cuesta, porque es el primer caso pero compr\u00e9ndeme y de a poco vamos a ir aprendiendo los dos&#8217;. Yo le dije &#8216;buen\u00edsimo&#8217;. Al principio me trataba de mujer y era chocante, pero ahora estamos re bien: para ella yo soy Franco a quien atiende el embarazo como si fuera una mujer pero se refiere a m\u00ed como hombre, as\u00ed que estoy c\u00f3modo y me quedo con ella nom\u00e1s&#8221;<\/strong>, describi\u00f3 en el di\u00e1logo con T\u00e9lam.<\/p>\n<p>&nbsp;<\/p>\n<p>Otra cosa que tienen en claro Hannah y Franco es que <strong>su hijo sabr\u00e1 c\u00f3mo fue gestado cuando tenga edad suficiente y que su identidad de g\u00e9nero es provisoria, hasta que pueda expresar su vivencia interna<\/strong>.<\/p>\n<p>&nbsp;<\/p>\n<p><strong>&#8220;Sali\u00f3 biol\u00f3gicamente var\u00f3n y le pensamos un nombre masculino, Facundo Gabriel; pero si en el futuro se quiere llamar Macarena o Brenda y ponerse un vestido, le vamos a apoyar&#8221;<\/strong>, dijo Franco, quien cont\u00f3 que a partir de su embarazo le llegan las consultas de &#8220;un mont\u00f3n de chicos trans de otros pa\u00edses que est\u00e1n con la idea de gestar&#8221;.<\/p>\n<p>&nbsp;<\/p>\n<p><em><strong>Aborto legal, seguro y gratuito<\/strong><\/em><\/p>\n<p>&nbsp;<\/p>\n<p>Por otro lado, ambos apoyan la sanci\u00f3n de una ley de aborto legal, seguro y gratuito. &#8220;<strong>Muchas personas me dicen &#8216;\u00bfC\u00f3mo es que est\u00e1s a favor del aborto si est\u00e1s embarazado?&#8217; No tiene nada que ver, porque este embarazo fue deseado y programado, pero hay casos muy dif\u00edciles y no por tener un \u00fatero, si te llega a pasar ten\u00e9s que tenerlo s\u00ed o s\u00ed. Se debe poder decidir sobre tu propio cuerpo<\/strong>&#8220;, dijo.<\/p>\n<p>&nbsp;<\/p>\n<p><img data-recalc-dims=\"1\" loading=\"lazy\" decoding=\"async\" class=\"alignnone size-full wp-image-8369\" src=\"https:\/\/i0.wp.com\/cdnoticias.com\/wp-content\/uploads\/2020\/12\/5fcbf16167c27_1004x565.jpg?resize=800%2C450&#038;ssl=1\" alt=\"\" width=\"800\" height=\"450\" srcset=\"https:\/\/i0.wp.com\/cdnoticias.com\/wp-content\/uploads\/2020\/12\/5fcbf16167c27_1004x565.jpg?w=1004&amp;ssl=1 1004w, https:\/\/i0.wp.com\/cdnoticias.com\/wp-content\/uploads\/2020\/12\/5fcbf16167c27_1004x565.jpg?resize=300%2C169&amp;ssl=1 300w, https:\/\/i0.wp.com\/cdnoticias.com\/wp-content\/uploads\/2020\/12\/5fcbf16167c27_1004x565.jpg?resize=768%2C432&amp;ssl=1 768w\" sizes=\"auto, (max-width: 800px) 100vw, 800px\" \/><\/p>\n<p>&nbsp;<\/p>\n<p>Adem\u00e1s, Franco celebr\u00f3 que el proyecto de ley hable de &#8220;personas con capacidad de gestar&#8221; porque<strong> &#8220;no veo la diferencia entre nosotros y una mujer cisg\u00e9nero que qued\u00f3 embarazada y quiere practicarse un aborto por el motivo que sea&#8221;<\/strong> y consider\u00f3 que ser\u00eda injusto que alguien no pudiera acceder a ese derecho &#8220;por ser un hombre trans&#8221;.<\/p>\n<p>&nbsp;<\/p>\n<p><strong>\u00c9l pr\u00e1cticamente no tiene contacto con su familia, pero la de ella est\u00e1 &#8220;content\u00edsima&#8221; con el embarazo, sobre todo sus 21 sobrinos<\/strong>.\u00a0&#8220;Tengo mi ahijada de 5 a\u00f1os que ya sabe que \u00e9l est\u00e1 embarazado&#8221;, cont\u00f3 Hannah<\/p>\n<p>&nbsp;<\/p>\n<p><strong>&#8220;Nos pregunt\u00e1bamos c\u00f3mo \u00edbamos a explicarle a los chicos cuando me vieran la panza, pero ellos ya saben todo: vienen, me abrazan, me acarician, hablan todo el tiempo del beb\u00e9, y de que ya lo quieren ver y jugar con \u00e9l<\/strong>&#8220;, dijo Franco.\u00a0<strong>&#8220;Estamos felices y (este beb\u00e9) fue lo mejor que hicimos porque nos trajo mucha luz, mucho amor<\/strong>. Todav\u00eda no est\u00e1 con nosotros pero ya lo estamos amando y ya nos cambi\u00f3 la vida&#8221;, concluy\u00f3.<\/p>\n<p>&nbsp;<\/p>\n<p><a href=\"https:\/\/www.telam.com.ar\/notas\/202012\/537590-personas-gestantes-historia-franco-di-pietro-y-hannah-palacios.html\" target=\"_blank\" rel=\"noopener\">Fuente T\u00e9lam<\/a><\/p>\n<p>&nbsp;<\/p>\n","protected":false},"excerpt":{"rendered":"<p>&#8220;Nuestro hijo fue gestado de forma natural, como lo hace cualquier otra pareja cisg\u00e9nero que est\u00e1 buscando tener un hijo<\/p>\n","protected":false},"author":3,"featured_media":8370,"comment_status":"closed","ping_status":"closed","sticky":false,"template":"","format":"standard","meta":{"_jetpack_memberships_contains_paid_content":false,"footnotes":""},"categories":[3],"tags":[],"class_list":["post-8367","post","type-post","status-publish","format-standard","has-post-thumbnail","hentry","category-genero"],"jetpack_featured_media_url":"https:\/\/i0.wp.com\/cdnoticias.com\/wp-content\/uploads\/2020\/12\/5fcbf1614076b_1004x565.jpg?fit=1004%2C565&ssl=1","jetpack_sharing_enabled":true,"_links":{"self":[{"href":"https:\/\/cdnoticias.com\/index.php\/wp-json\/wp\/v2\/posts\/8367","targetHints":{"allow":["GET"]}}],"collection":[{"href":"https:\/\/cdnoticias.com\/index.php\/wp-json\/wp\/v2\/posts"}],"about":[{"href":"https:\/\/cdnoticias.com\/index.php\/wp-json\/wp\/v2\/types\/post"}],"author":[{"embeddable":true,"href":"https:\/\/cdnoticias.com\/index.php\/wp-json\/wp\/v2\/users\/3"}],"replies":[{"embeddable":true,"href":"https:\/\/cdnoticias.com\/index.php\/wp-json\/wp\/v2\/comments?post=8367"}],"version-history":[{"count":0,"href":"https:\/\/cdnoticias.com\/index.php\/wp-json\/wp\/v2\/posts\/8367\/revisions"}],"wp:featuredmedia":[{"embeddable":true,"href":"https:\/\/cdnoticias.com\/index.php\/wp-json\/wp\/v2\/media\/8370"}],"wp:attachment":[{"href":"https:\/\/cdnoticias.com\/index.php\/wp-json\/wp\/v2\/media?parent=8367"}],"wp:term":[{"taxonomy":"category","embeddable":true,"href":"https:\/\/cdnoticias.com\/index.php\/wp-json\/wp\/v2\/categories?post=8367"},{"taxonomy":"post_tag","embeddable":true,"href":"https:\/\/cdnoticias.com\/index.php\/wp-json\/wp\/v2\/tags?post=8367"}],"curies":[{"name":"wp","href":"https:\/\/api.w.org\/{rel}","templated":true}]}}