{"id":83665,"date":"2023-04-30T09:15:25","date_gmt":"2023-04-30T12:15:25","guid":{"rendered":"https:\/\/www.centraldenoticias.com.ar\/?p=83665"},"modified":"2023-04-30T09:17:34","modified_gmt":"2023-04-30T12:17:34","slug":"arouxet-critico-el-discurso-de-hilario-galli-y-el-aumento-del-agua","status":"publish","type":"post","link":"https:\/\/cdnoticias.com\/index.php\/2023\/04\/30\/arouxet-critico-el-discurso-de-hilario-galli-y-el-aumento-del-agua\/","title":{"rendered":"Arouxet critic\u00f3 el discurso de Hilario Galli y el aumento del agua"},"content":{"rendered":"<p>La concejal habl\u00f3 tras la sesi\u00f3n en el HCD en la que el secretario de Gobierno present\u00f3 su informe de gesti\u00f3n con cuestionamientos a la oposici\u00f3n. Adem\u00e1s, expuso su posicionamiento ante el aumento de 246% de la tarifa del agua.<!--more--><\/p>\n<hr \/>\n<p>La concejal calific\u00f3 de \u201cbochornosa\u201d las dos situaciones vividas durante la jornada del jueves en el Concejo Deliberante. Hizo referencia al <a href=\"https:\/\/cdnoticias.com\/index.php\/2023\/04\/27\/el-cierre-de-hilario-galli-en-el-hcd-hay-espacios-que-eligen-la-mentira\/\" target=\"_blank\" rel=\"noopener\">informe de gesti\u00f3n realizado por el secretario de Gobierno Hilario Galli<\/a> y a la aprobaci\u00f3n del <a href=\"https:\/\/cdnoticias.com\/index.php\/2023\/04\/27\/hcd-por-mayoria-se-aprobo-la-suba-del-agua-de-24665-en-tres-veces\/\" target=\"_blank\" rel=\"noopener\">aumento de la tarifa del agua.<\/a><\/p>\n<p>&nbsp;<\/p>\n<p>En di\u00e1logo con el programa radial <em>Levantate (Radio Sapiens)<\/em>, afirm\u00f3 que ante la imposibilidad de hacer repreguntas al funcionario que expone, <strong>\u201cnosotros decidimos no hacer preguntas porque responden lo que quieren y c\u00f3mo quiere\u201d<\/strong>. Adem\u00e1s, sostuvo que \u201ctuvimos que escuchar las 80 preguntas de los radicales que iban desde el mu\u00f1equito Lupi hasta el plan estrat\u00e9gico de bicisendas, todav\u00eda no s\u00e9 a qu\u00e9 se refieren con un plan estrat\u00e9gico\u201d.<\/p>\n<p>&nbsp;<\/p>\n<p>\u201cA eso le sumaron <strong>un discurso totalmente pol\u00edtico con ataques a la oposici\u00f3n,<\/strong> con ataques a los concejales de la oposici\u00f3n. Le ped\u00ed a la presidencia que corte el secretario de Gobierno con ese discurso porque estaba por fuera de la ordenanza, pero <strong>se ve que el secretario de Gobierno puede incumplir una ordenanza y los concejales ni siquiera podemos participar<\/strong>\u201d, agreg\u00f3 Arouxet.<\/p>\n<p>&nbsp;<\/p>\n<blockquote><p>\u201cFueron tres horas de escuchar al secretario hablando de lo que quer\u00eda con funcionarios atr\u00e1s que lo estaban aplaudiendo. Se ve que ayer en la Municipalidad muchas secretar\u00edas estaban ac\u00e9falas\u201d.<\/p><\/blockquote>\n<p>&nbsp;<\/p>\n<p>La concejal <strong>fue cr\u00edtica de las 80 preguntas presentadas por el bloque UCR-Juntos<\/strong> y record\u00f3 que \u201cel radicalismo es un espacio pol\u00edtico que fue en una misma lista con Juntos por el Cambio. Por qu\u00e9 no se juntan a charlar que son del mismo espacio pol\u00edtico y no tenemos que escuchar nosotros las dudas que tienen como grupo pol\u00edtico. \u00a0Se ve que fueron una lista para las elecciones y el trabajo en equipo ah\u00ed se termin\u00f3\u201d.<\/p>\n<p>&nbsp;<\/p>\n<p><img data-recalc-dims=\"1\" loading=\"lazy\" decoding=\"async\" class=\"aligncenter size-full wp-image-83580\" src=\"https:\/\/i0.wp.com\/cdnoticias.com\/wp-content\/uploads\/2023\/04\/HCD-sesion-01.jpg?resize=800%2C445&#038;ssl=1\" alt=\"\" width=\"800\" height=\"445\" srcset=\"https:\/\/i0.wp.com\/cdnoticias.com\/wp-content\/uploads\/2023\/04\/HCD-sesion-01.jpg?w=800&amp;ssl=1 800w, https:\/\/i0.wp.com\/cdnoticias.com\/wp-content\/uploads\/2023\/04\/HCD-sesion-01.jpg?resize=300%2C167&amp;ssl=1 300w, https:\/\/i0.wp.com\/cdnoticias.com\/wp-content\/uploads\/2023\/04\/HCD-sesion-01.jpg?resize=768%2C427&amp;ssl=1 768w\" sizes=\"auto, (max-width: 800px) 100vw, 800px\" \/><\/p>\n<p>&nbsp;<\/p>\n<p><strong>El aumento del agua de 246% en tres veces<\/strong><\/p>\n<p>&nbsp;<\/p>\n<p>Durante la cuarta sesi\u00f3n ordinaria del HCD se aprob\u00f3 por mayor\u00eda (con el voto de Juntos y la UCR) una <a href=\"https:\/\/cdnoticias.com\/index.php\/2023\/04\/27\/hcd-por-mayoria-se-aprobo-la-suba-del-agua-de-24665-en-tres-veces\/\" target=\"_blank\" rel=\"noopener\">suba de la tarifa del agua de 246,65 % en tres tramos<\/a> que impactar\u00e1n en las facturas de julio, septiembre y noviembre.<\/p>\n<p>&nbsp;<\/p>\n<p>La propuesta de dividir la suba fue impulsada por Sebasti\u00e1n Matrella, de UCR, aunque no se detall\u00f3 en cu\u00e1les porcentajes se dividi\u00f3 este aumento ni c\u00f3mo se modificar\u00e1n las facturas en cada ocasi\u00f3n.<\/p>\n<p>&nbsp;<\/p>\n<p>Celeste Arouxet explic\u00f3 que \u201cla Cooperativa en septiembre presenta un expediente con una estructura de costo determinada, este a\u00f1o volvieron a reflotar el tema y presentan el 21 de abril una estructura de costos totalmente cambiada\u201d.<\/p>\n<p>&nbsp;<\/p>\n<p>Es a trav\u00e9s de esa estructura de costos que \u201ccalculan un punto de equilibrio que es el valor que seg\u00fan ellos deber\u00eda tener el agua, el Departamento Ejecutivo dice hacer una auditor\u00eda sobre esa estructura de costo que lleva el 246%\u201d. Sin embargo, Arouxet acot\u00f3 que<strong> \u201ccuando vemos la respuesta que da Coopelectric ten\u00eda errores muy graves. Sueldos m\u00e1s que abultados, uno de 4 millones de pesos, otro de 3.670.000\u201d.<\/strong><\/p>\n<p>&nbsp;<\/p>\n<p>Ante esta situaci\u00f3n, indic\u00f3 que <strong>pidieron la citaci\u00f3n de Coopelectric a la comisi\u00f3n de Hacienda<\/strong> para recibir una explicaci\u00f3n y <strong>\u201cnos dijeron que no, Juntos por el Cambio por mayor\u00eda lo pas\u00f3 a Legislaci\u00f3n y vos no pod\u00e9s calcular un punto de equilibrio con una base mal hecha\u201d.<\/strong><\/p>\n<p>&nbsp;<\/p>\n<p>Por \u00faltimo, indic\u00f3 que \u201c<strong>obviamente que el agua tendr\u00eda que tener un aumento.<\/strong> En su momento, con Guillermo (Lascano) hab\u00edamos calculado algo entre el 90% y el 100% de lo que es la base del agua, respetando la estructura de costos de Coopelectric que tiene mucha deficiencia\u201d.<\/p>\n<p>&nbsp;<\/p>\n<p>\u201cNunca ten\u00e9s la documentaci\u00f3n, nos pas\u00f3 lo mismo en 2019 que todav\u00eda no nos dieron la documentaci\u00f3n, <strong>te responden lo que quieren y cuando quer\u00e9s analizar las cosas te dicen que pasa sesi\u00f3n<\/strong>\u201d, concluy\u00f3 la referente de Ahora Olavarr\u00eda.<\/p>\n","protected":false},"excerpt":{"rendered":"<p>La concejal habl\u00f3 tras la sesi\u00f3n en el HCD en la que el secretario de Gobierno present\u00f3 su informe de<\/p>\n","protected":false},"author":5,"featured_media":83578,"comment_status":"closed","ping_status":"closed","sticky":false,"template":"","format":"standard","meta":{"_jetpack_memberships_contains_paid_content":false,"footnotes":""},"categories":[4,1],"tags":[],"class_list":["post-83665","post","type-post","status-publish","format-standard","has-post-thumbnail","hentry","category-politica","category-portada"],"jetpack_featured_media_url":"https:\/\/i0.wp.com\/cdnoticias.com\/wp-content\/uploads\/2023\/04\/HCD-celeste-arouxet-1.jpg?fit=800%2C445&ssl=1","jetpack_sharing_enabled":true,"_links":{"self":[{"href":"https:\/\/cdnoticias.com\/index.php\/wp-json\/wp\/v2\/posts\/83665","targetHints":{"allow":["GET"]}}],"collection":[{"href":"https:\/\/cdnoticias.com\/index.php\/wp-json\/wp\/v2\/posts"}],"about":[{"href":"https:\/\/cdnoticias.com\/index.php\/wp-json\/wp\/v2\/types\/post"}],"author":[{"embeddable":true,"href":"https:\/\/cdnoticias.com\/index.php\/wp-json\/wp\/v2\/users\/5"}],"replies":[{"embeddable":true,"href":"https:\/\/cdnoticias.com\/index.php\/wp-json\/wp\/v2\/comments?post=83665"}],"version-history":[{"count":0,"href":"https:\/\/cdnoticias.com\/index.php\/wp-json\/wp\/v2\/posts\/83665\/revisions"}],"wp:featuredmedia":[{"embeddable":true,"href":"https:\/\/cdnoticias.com\/index.php\/wp-json\/wp\/v2\/media\/83578"}],"wp:attachment":[{"href":"https:\/\/cdnoticias.com\/index.php\/wp-json\/wp\/v2\/media?parent=83665"}],"wp:term":[{"taxonomy":"category","embeddable":true,"href":"https:\/\/cdnoticias.com\/index.php\/wp-json\/wp\/v2\/categories?post=83665"},{"taxonomy":"post_tag","embeddable":true,"href":"https:\/\/cdnoticias.com\/index.php\/wp-json\/wp\/v2\/tags?post=83665"}],"curies":[{"name":"wp","href":"https:\/\/api.w.org\/{rel}","templated":true}]}}