{"id":8360,"date":"2020-12-06T17:54:30","date_gmt":"2020-12-06T20:54:30","guid":{"rendered":"http:\/\/www.centraldenoticias.com.ar\/?p=8360"},"modified":"2020-12-06T17:54:30","modified_gmt":"2020-12-06T20:54:30","slug":"cada-cosa-en-su-lugar","status":"publish","type":"post","link":"https:\/\/cdnoticias.com\/index.php\/2020\/12\/06\/cada-cosa-en-su-lugar\/","title":{"rendered":"Cada cosa en su lugar"},"content":{"rendered":"<p>Por Lucrecia Manso \/ <a href=\"https:\/\/www.instagram.com\/laranadespierta\/\" target=\"_blank\" rel=\"noopener\">@laranadespierta<\/a><\/p>\n<p>&nbsp;<\/p>\n<p>En mi ecosistema todo est\u00e1 organizado bajo estrictos criterios. Cada cosa en su lugar. Desde all\u00ed todo clasificado. Jerarquizado. Lineal. Con instrucciones de c\u00f3mo proceder. Nada de mezclas, fusiones, alteraciones. Mi movimiento altera, as\u00ed que m\u00e1s vale que sea preciso y claro para todos. El movimiento de los dem\u00e1s altera mi organizaci\u00f3n.<\/p>\n<p>&nbsp;<\/p>\n<p>Para cada cosa su etiqueta. Lo nuevo es negado si no se acomoda r\u00e1pidamente. Solo sobrevive si presiona. As\u00ed podr\u00e1 obtener su oblea, su permiso. Su certificaci\u00f3n es un largo y costoso proceso. Hay quienes renuncian y se ubican en viejos casilleros.<\/p>\n<p>&nbsp;<\/p>\n<p>Est\u00e1n quienes crean las casillas y quienes las habitan. Los hay que inventan los r\u00f3tulos y quienes los compran.<\/p>\n<p>&nbsp;<\/p>\n<p>Para cada situaci\u00f3n se debe tomar una etiqueta y mostrarla al resto. As\u00ed dejamos a nuestro entorno tranquilo de que estamos en un lugar fijo. Aunque puede ser opuesto es al menos preciso y calma las ansiedades de quienes necesitan ubicar todo, cada cosa en su lugar.<\/p>\n<p>&nbsp;<\/p>\n<p>La Rana me muestra su mundo de ondulaciones y movimiento constante. Flexible. Fr\u00edo. Caluroso. Seco. H\u00famedo. Integrado. El sol y la luna lo organizan. El movimiento repetido de cada ciclo sin principio ni fin.<\/p>\n<p>&nbsp;<\/p>\n<p>Sin casilleros se anda en todas las direcciones posibles. En una red. Red como tejen las ara\u00f1as. Con laberintos y huequitos, con piedras que cubren otros mundos. Con tierra y agua. Con viento. Imposible perdurar sin que cambie todo. Las l\u00edneas no son r\u00edgidas y los refugios duran solo un tiempo. No se sale al mundo. Se est\u00e1 en el mundo.<\/p>\n<p>&nbsp;<\/p>\n<p>La Rana me muestra su respiraci\u00f3n que lo mueve todo. All\u00ed se trata de observar, escuchar, sentir, respirar, moverse solo cuando es necesario. Crear el movimiento. Nadie juzga porque ese movimiento est\u00e1 contenido en la vida. No hay casilleros propios ni sobre habitados. No hay pedido de certificaciones porque no hay propietarios que deban reclamar que esto o aquello les pertenece.<\/p>\n<p>&nbsp;<\/p>\n<p>El mundo de la rana es invisible a quien viaja con prisa. Pero si permaneces, si ajustas tu mirada puedes verlo todo. No es un secreto oculto. No es privilegio de pocos. Es simplemente este mundo creativo que vivimos. No le pertenece a nadie.<\/p>\n<p>&nbsp;<\/p>\n<p>Est\u00e1s en este mundo sostenido por una red maravillosa en la que no es necesario cortar, cercar, tensar, romper, apropiar y etiquetar. Confiar en el andar. Aunque seamos distintos al fin y al cabo cuando estamos por caer nos sostiene la misma red.<\/p>\n<p>&nbsp;<\/p>\n<p>Las etiquetas se estropean, se pierden, se rompen. Pasan de moda. Dejan de valer. Nos separan y alejan. Nos tensan y violentan.<\/p>\n<p>&nbsp;<\/p>\n<p>La Rana me regala ese instante donde no soy m\u00e1s que mi cuerpo respirando. Levanto una piedra y all\u00ed est\u00e1. Un nuevo universo por observar. No tengo que intervenirlo siempre. Tal vez aprender a observar. A disfrutar de la vista sin tener que proclamar m\u00ed parcela.<\/p>\n<p>&nbsp;<\/p>\n<p>&nbsp;<\/p>\n","protected":false},"excerpt":{"rendered":"<p>Por Lucrecia Manso \/ @laranadespierta &nbsp; En mi ecosistema todo est\u00e1 organizado bajo estrictos criterios. Cada cosa en su lugar.<\/p>\n","protected":false},"author":3,"featured_media":0,"comment_status":"closed","ping_status":"closed","sticky":false,"template":"","format":"standard","meta":{"_jetpack_memberships_contains_paid_content":false,"footnotes":""},"categories":[9,1],"tags":[],"class_list":["post-8360","post","type-post","status-publish","format-standard","hentry","category-cultura","category-portada"],"jetpack_featured_media_url":"","jetpack_sharing_enabled":true,"_links":{"self":[{"href":"https:\/\/cdnoticias.com\/index.php\/wp-json\/wp\/v2\/posts\/8360","targetHints":{"allow":["GET"]}}],"collection":[{"href":"https:\/\/cdnoticias.com\/index.php\/wp-json\/wp\/v2\/posts"}],"about":[{"href":"https:\/\/cdnoticias.com\/index.php\/wp-json\/wp\/v2\/types\/post"}],"author":[{"embeddable":true,"href":"https:\/\/cdnoticias.com\/index.php\/wp-json\/wp\/v2\/users\/3"}],"replies":[{"embeddable":true,"href":"https:\/\/cdnoticias.com\/index.php\/wp-json\/wp\/v2\/comments?post=8360"}],"version-history":[{"count":0,"href":"https:\/\/cdnoticias.com\/index.php\/wp-json\/wp\/v2\/posts\/8360\/revisions"}],"wp:attachment":[{"href":"https:\/\/cdnoticias.com\/index.php\/wp-json\/wp\/v2\/media?parent=8360"}],"wp:term":[{"taxonomy":"category","embeddable":true,"href":"https:\/\/cdnoticias.com\/index.php\/wp-json\/wp\/v2\/categories?post=8360"},{"taxonomy":"post_tag","embeddable":true,"href":"https:\/\/cdnoticias.com\/index.php\/wp-json\/wp\/v2\/tags?post=8360"}],"curies":[{"name":"wp","href":"https:\/\/api.w.org\/{rel}","templated":true}]}}