{"id":83575,"date":"2023-04-28T08:23:34","date_gmt":"2023-04-28T11:23:34","guid":{"rendered":"https:\/\/www.centraldenoticias.com.ar\/?p=83575"},"modified":"2023-04-28T09:56:34","modified_gmt":"2023-04-28T12:56:34","slug":"nueva-empresa-interesada-en-la-instalacion-de-una-planta-frigorifica-en-olavarria","status":"publish","type":"post","link":"https:\/\/cdnoticias.com\/index.php\/2023\/04\/28\/nueva-empresa-interesada-en-la-instalacion-de-una-planta-frigorifica-en-olavarria\/","title":{"rendered":"Nueva empresa interesada en la instalaci\u00f3n de una Planta Frigor\u00edfica en Olavarr\u00eda"},"content":{"rendered":"<p>Se trata de la firma Trembril S.A quienes presentar\u00e1n un proyecto para ser evaluado por el municipio. En 2021, la firma Argus Meats del grupo Surmax hab\u00eda sido presentada como la que realizar\u00eda la inversi\u00f3n.<!--more--><\/p>\n<hr \/>\n<p>Durante la presentaci\u00f3n del <a href=\"https:\/\/cdnoticias.com\/index.php\/2023\/04\/27\/el-cierre-de-hilario-galli-en-el-hcd-hay-espacios-que-eligen-la-mentira\/\" target=\"_blank\" rel=\"noopener\">informe de gesti\u00f3n en el HCD por parte del secretario de Gobierno Hilario Galli<\/a>, se conocieron avances en la posibilidad de <strong>instalaci\u00f3n de un frigor\u00edfico municipal.<\/strong><\/p>\n<p>&nbsp;<\/p>\n<p>Una de las consultar realizadas por el Frente de Todos fue sobre el estado de construcci\u00f3n de la obra anunciada \u201cen reiteradas ocasiones\u201d. Al respecto, Hilario Galli sostuvo que \u201c<strong>vale aclarar que en ning\u00fan momento se anunci\u00f3 la construcci\u00f3n de un frigor\u00edfico Municipal\u201d.<\/strong><\/p>\n<p>&nbsp;<\/p>\n<p>Detall\u00f3 que \u201cdesde la Secretaria de Desarrollo Econ\u00f3mico se procedi\u00f3 a la <strong>b\u00fasqueda de predios que reunieran las condiciones para garantizar el funcionamiento de un frigor\u00edfico privado<\/strong>, y ante la falta de terrenos municipales que cumplieran con los requisitos, se ubicaron posibles espacios pertenecientes a privados\u201d.<\/p>\n<p>&nbsp;<\/p>\n<p>\u201cEstos terrenos fueron evaluados con<strong> los inversores interesados en el proyecto (Argus Meats SA)<\/strong> y se seleccion\u00f3 uno de ellos, procedi\u00e9ndose entonces a establecer el v\u00ednculo entre el propietario y los posibles compradores, a fin de que llegaran a un acuerdo entre privados\u201d, agreg\u00f3.<\/p>\n<p>&nbsp;<\/p>\n<blockquote><p>Asimismo, se\u00f1al\u00f3 que \u201cestando la gesti\u00f3n avanzada <strong>se produjo el cambio del interlocutor<\/strong>, present\u00e1ndose como nuevo interesado la firma Trembril SA, quienes se comprometieron a la presentaci\u00f3n de un proyecto de una Planta Frigor\u00edfica en breve para ser evaluada por el municipio, quedando a la espera de la documentaci\u00f3n por parte del inversor\u201d.<\/p><\/blockquote>\n<p>&nbsp;<\/p>\n<p><img data-recalc-dims=\"1\" loading=\"lazy\" decoding=\"async\" class=\"aligncenter size-full wp-image-37377\" src=\"https:\/\/i0.wp.com\/cdnoticias.com\/wp-content\/uploads\/2021\/11\/frigorifico5.jpg?resize=800%2C445&#038;ssl=1\" alt=\"\" width=\"800\" height=\"445\" srcset=\"https:\/\/i0.wp.com\/cdnoticias.com\/wp-content\/uploads\/2021\/11\/frigorifico5.jpg?w=4608&amp;ssl=1 4608w, https:\/\/i0.wp.com\/cdnoticias.com\/wp-content\/uploads\/2021\/11\/frigorifico5.jpg?resize=300%2C167&amp;ssl=1 300w, https:\/\/i0.wp.com\/cdnoticias.com\/wp-content\/uploads\/2021\/11\/frigorifico5.jpg?resize=768%2C427&amp;ssl=1 768w, https:\/\/i0.wp.com\/cdnoticias.com\/wp-content\/uploads\/2021\/11\/frigorifico5.jpg?resize=1024%2C570&amp;ssl=1 1024w, https:\/\/i0.wp.com\/cdnoticias.com\/wp-content\/uploads\/2021\/11\/frigorifico5.jpg?resize=800%2C445&amp;ssl=1 800w, https:\/\/i0.wp.com\/cdnoticias.com\/wp-content\/uploads\/2021\/11\/frigorifico5.jpg?w=1600&amp;ssl=1 1600w, https:\/\/i0.wp.com\/cdnoticias.com\/wp-content\/uploads\/2021\/11\/frigorifico5.jpg?w=2400&amp;ssl=1 2400w\" sizes=\"auto, (max-width: 800px) 100vw, 800px\" \/><\/p>\n<p>&nbsp;<\/p>\n<p><strong>El anuncio del frigor\u00edfico en 2021<\/strong><\/p>\n<p>&nbsp;<\/p>\n<p>El 2 de noviembre de 2021, en plena campa\u00f1a legislativa, Galli encabez\u00f3 el <a href=\"https:\/\/cdnoticias.com\/index.php\/2021\/11\/02\/el-intendente-anuncio-una-inversion-privada-para-un-frigorifico-en-olavarria\/\" target=\"_blank\" rel=\"noopener\">anuncio de una futura inversi\u00f3n por 450 millones de pesos<\/a> a cargo de la<strong> empresa Argus Meats del grupo Surmax\u00a0<\/strong>para instalar, en dos etapas, un matadero y un frigor\u00edfico. En esa ocasi\u00f3n, la estimaci\u00f3n fue que para octubre de 2022 iba a estar finalizada la primera etapa.<\/p>\n<p>&nbsp;<\/p>\n<p>Un a\u00f1o despu\u00e9s, en<strong> noviembre de 2022<\/strong>, el intendente Galli se refiri\u00f3 a ese anuncio e indic\u00f3 que <a href=\"https:\/\/cdnoticias.com\/index.php\/2022\/11\/02\/a-un-ano-del-anuncio-galli-informo-que-el-frigorifico-ya-tiene-lugar-de-emplazamiento\/\" target=\"_blank\" rel=\"noopener\">\u201cestamos trabajando todav\u00eda en eso, estamos firmando hoy un acuerdo compromiso\u201d.<\/a><\/p>\n<p>&nbsp;<\/p>\n<p>Agreg\u00f3 que \u201cya se consigui\u00f3 la tierra, estaban comprando la tierra\u201d y que <strong>\u201cse atras\u00f3 mucho por cuestiones del privado y por cuestiones de la locaci\u00f3n del frigor\u00edfico\u201d<\/strong>. Cabe recordar que en ese entonces se trataba de la firma Argus Meats del grupo Surmax, de capitales nacionales.<\/p>\n<p>&nbsp;<\/p>\n<p>En esa oportunidad, Galli aclar\u00f3 que \u201cnosotros hab\u00edamos encontrado un lugar en conjunto con la empresa Cementos Avellaneda y el lugar no termin\u00f3 siendo el ideal porque afectaba a un emprendimiento tur\u00edstico\u201d.<\/p>\n<p>&nbsp;<\/p>\n","protected":false},"excerpt":{"rendered":"<p>Se trata de la firma Trembril S.A quienes presentar\u00e1n un proyecto para ser evaluado por el municipio. En 2021, la<\/p>\n","protected":false},"author":5,"featured_media":83549,"comment_status":"closed","ping_status":"closed","sticky":false,"template":"","format":"standard","meta":{"_jetpack_memberships_contains_paid_content":false,"footnotes":""},"categories":[5,1],"tags":[],"class_list":["post-83575","post","type-post","status-publish","format-standard","has-post-thumbnail","hentry","category-informacion-general","category-portada"],"jetpack_featured_media_url":"https:\/\/i0.wp.com\/cdnoticias.com\/wp-content\/uploads\/2023\/04\/hcd-sesion-hilario-galli-09.jpg?fit=800%2C445&ssl=1","jetpack_sharing_enabled":true,"_links":{"self":[{"href":"https:\/\/cdnoticias.com\/index.php\/wp-json\/wp\/v2\/posts\/83575","targetHints":{"allow":["GET"]}}],"collection":[{"href":"https:\/\/cdnoticias.com\/index.php\/wp-json\/wp\/v2\/posts"}],"about":[{"href":"https:\/\/cdnoticias.com\/index.php\/wp-json\/wp\/v2\/types\/post"}],"author":[{"embeddable":true,"href":"https:\/\/cdnoticias.com\/index.php\/wp-json\/wp\/v2\/users\/5"}],"replies":[{"embeddable":true,"href":"https:\/\/cdnoticias.com\/index.php\/wp-json\/wp\/v2\/comments?post=83575"}],"version-history":[{"count":0,"href":"https:\/\/cdnoticias.com\/index.php\/wp-json\/wp\/v2\/posts\/83575\/revisions"}],"wp:featuredmedia":[{"embeddable":true,"href":"https:\/\/cdnoticias.com\/index.php\/wp-json\/wp\/v2\/media\/83549"}],"wp:attachment":[{"href":"https:\/\/cdnoticias.com\/index.php\/wp-json\/wp\/v2\/media?parent=83575"}],"wp:term":[{"taxonomy":"category","embeddable":true,"href":"https:\/\/cdnoticias.com\/index.php\/wp-json\/wp\/v2\/categories?post=83575"},{"taxonomy":"post_tag","embeddable":true,"href":"https:\/\/cdnoticias.com\/index.php\/wp-json\/wp\/v2\/tags?post=83575"}],"curies":[{"name":"wp","href":"https:\/\/api.w.org\/{rel}","templated":true}]}}