{"id":83565,"date":"2023-04-27T13:18:05","date_gmt":"2023-04-27T16:18:05","guid":{"rendered":"https:\/\/www.centraldenoticias.com.ar\/?p=83565"},"modified":"2023-04-27T14:59:48","modified_gmt":"2023-04-27T17:59:48","slug":"el-cierre-de-hilario-galli-en-el-hcd-hay-espacios-que-eligen-la-mentira","status":"publish","type":"post","link":"https:\/\/cdnoticias.com\/index.php\/2023\/04\/27\/el-cierre-de-hilario-galli-en-el-hcd-hay-espacios-que-eligen-la-mentira\/","title":{"rendered":"El cierre de Hilario Galli en el HCD: \u201chay espacios que eligen la mentira\u201d"},"content":{"rendered":"<p>El secretario de Gobierno present\u00f3 su informe de gesti\u00f3n y respondi\u00f3 con dureza los interrogantes de la bancada del Frente de Todos. Cr\u00edticas al gobierno provincial y nacional. \u201cNo sea cosa que nos vengan a dar clase de moral los representantes del gobierno m\u00e1s corrupto de la historia de nuestro pa\u00eds\u201d.<!--more--><\/p>\n<hr \/>\n<p>El<a href=\"https:\/\/cdnoticias.com\/index.php\/2023\/04\/27\/hilario-galli-realiza-su-informe-de-gestion-con-consulta-de-los-concejales\/\" target=\"_blank\" rel=\"noopener\"> secretario de Gobierno Hilario Galli present\u00f3 en el Honorable Concejo Deliberante<\/a> un<strong> informe de gesti\u00f3n en respuesta a consultas realizadas por los concejales.<\/strong><\/p>\n<p>&nbsp;<\/p>\n<p>En el \u00faltimo tramo de su discurso <strong>respondi\u00f3 con duros conceptos las 5 consultas realizadas por el interbloque Frente de Todos<\/strong> que focaliz\u00f3 en preguntar por el sostenimiento \u201cdurante tanto tiempo\u201d de la empresa Escobedo Mariano Mauro en la construcci\u00f3n de las viviendas TUVI industrializadas, el sostenimiento del concejal Javier Fr\u00edas, la causa de los terrenos, la instalaci\u00f3n de un frigor\u00edfico municipal y las irregularidades en el \u00e1rea de Desarrollo Social.<\/p>\n<p>&nbsp;<\/p>\n<p>La primera consulta fue respecto al <strong>sostenimiento por parte del Ejecutivo de la empresa Escobedo Mariano Mauro que tuvo a cargo en un inicio la construcci\u00f3n de las viviendas TUVI<\/strong> industrializadas hasta la rescisi\u00f3n del contrato. Hilario Galli indic\u00f3 que<strong> \u201cesta licitaci\u00f3n fue una de las pocas que tuvimos que dar de baja. El 99,5% de las obras adjudicadas no sufrieron ninguna modificaci\u00f3n del proveedor\u201d.<\/strong><\/p>\n<p>&nbsp;<\/p>\n<p>En ese punto, destac\u00f3 que \u201cla obra logr\u00f3 reanudarse en un plazo de dos meses aproximadamente y ya estamos pr\u00f3ximos a finalizarla\u201d. Acto seguido<strong> carg\u00f3 las tintas contra los gobiernos provinciales y nacionales, y los concejales:<\/strong> \u201cEste gobierno municipal siempre que comienza una obra la finaliza. <strong>No es el caso de lo que venimos viviendo, escuchando o leyendo desde hace varios a\u00f1os de los funcionarios del gobierno nacional, provincial o concejales locales de la oposici\u00f3n<\/strong>\u201d.<\/p>\n<p>&nbsp;<\/p>\n<p>El funcionario realiz\u00f3 un repaso de obras como la ampliaci\u00f3n de la <strong>Facultad de Salud<\/strong> \u201cparalizada el 15 de octubre de 2021, logr\u00e1ndose reanudar reci\u00e9n la semana pasada, un a\u00f1o y medio despu\u00e9s\u201d; tambi\u00e9n el <strong>acceso a Sierras Bayas<\/strong> donde \u201cel 23 de noviembre de 2021 se anunci\u00f3 la licitaci\u00f3n. El 20 de mayo de 2022, 6 meses despu\u00e9s se firm\u00f3 el contrato con la empresa adjudicataria con un plazo de obra de 18 meses. Hoy 27 de abril no hay novedades de ning\u00fan tipo de avance sobre esa obra\u201d.<\/p>\n<p>&nbsp;<\/p>\n<p>Tambi\u00e9n mencion\u00f3 que \u201cel 15 de julio de 2021 el ministro de Obras P\u00fablicas de la Naci\u00f3n anunciaba juntamente con el subsecretario de Miner\u00eda Federico Aguilera la construcci\u00f3n de la <strong>rotonda en el acceso a Hinojo<\/strong>. Obra que iniciar\u00eda en septiembre de 2021 con una ejecuci\u00f3n de 90 d\u00edas. Pasaron 573 d\u00edas y no hay novedades\u201d.<\/p>\n<p>&nbsp;<\/p>\n<p><img data-recalc-dims=\"1\" loading=\"lazy\" decoding=\"async\" class=\"aligncenter size-full wp-image-83548\" src=\"https:\/\/i0.wp.com\/cdnoticias.com\/wp-content\/uploads\/2023\/04\/hcd-sesion-hilario-galli-08.jpg?resize=800%2C445&#038;ssl=1\" alt=\"\" width=\"800\" height=\"445\" srcset=\"https:\/\/i0.wp.com\/cdnoticias.com\/wp-content\/uploads\/2023\/04\/hcd-sesion-hilario-galli-08.jpg?w=800&amp;ssl=1 800w, https:\/\/i0.wp.com\/cdnoticias.com\/wp-content\/uploads\/2023\/04\/hcd-sesion-hilario-galli-08.jpg?resize=300%2C167&amp;ssl=1 300w, https:\/\/i0.wp.com\/cdnoticias.com\/wp-content\/uploads\/2023\/04\/hcd-sesion-hilario-galli-08.jpg?resize=768%2C427&amp;ssl=1 768w\" sizes=\"auto, (max-width: 800px) 100vw, 800px\" \/><\/p>\n<p>&nbsp;<\/p>\n<p>La segunda consulta realizada por los concejales del Frente de Todos fue respecto a las decisiones tomadas por el Ejecutivo en relaci\u00f3n al <strong>dictamen presentado por la comisi\u00f3n especial de terrenos del HCD.<\/strong> El secretario de Gobierno sostuvo que<strong> \u201cquien debe investigar y determinar responsabilidades penales es el Poder Judicial\u201d<\/strong> y agreg\u00f3 que \u201csi bien no nos opusimos a la creaci\u00f3n de la comisi\u00f3n nunca cre\u00edmos que tenga facultades ni la experiencia suficiente como para poder investigar la comisi\u00f3n de delitos\u201d.<\/p>\n<p>&nbsp;<\/p>\n<p>Consultado sobre el <strong>avance de la obra de construcci\u00f3n del frigor\u00edfico municipal<\/strong>, Hilario Galli aclar\u00f3 que \u201cen ning\u00fan momento se anunci\u00f3 la construcci\u00f3n de un frigor\u00edfico municipal, sino que desde la secretar\u00eda de Desarrollo Econ\u00f3mico se procedi\u00f3 a la<strong> b\u00fasqueda de predios que reunieran las condiciones para garantizar el funcionamiento de un frigor\u00edfico privado<\/strong>\u201d. En este punto dio detalles de los pasos seguidos en ese sentido.<\/p>\n<p>&nbsp;<\/p>\n<p>La cuarta pregunta realizada por los ediles del Frente de Todos, fue sobre la figura del <strong>concejal Julio Fr\u00edas<\/strong> y el sostenimiento de su banca pese al informe del Tribunal de Cuentas sobre incompatibilidades. \u201cEl concejal Fr\u00edas cedi\u00f3 sus derechos hereditarios que le correspond\u00edan sobre el fondo de comercio. Los informes del Tribunal de Cuentas y la Asesor\u00eda Letrada fueron pronunciados sin tener en cuenta la mencionada cesi\u00f3n de derechos\u201d, se\u00f1al\u00f3 el secretario de Gobierno.<\/p>\n<p>&nbsp;<\/p>\n<p><img data-recalc-dims=\"1\" loading=\"lazy\" decoding=\"async\" class=\"aligncenter size-full wp-image-83545\" src=\"https:\/\/i0.wp.com\/cdnoticias.com\/wp-content\/uploads\/2023\/04\/hcd-sesion-hilario-galli-05.jpg?resize=800%2C445&#038;ssl=1\" alt=\"\" width=\"800\" height=\"445\" srcset=\"https:\/\/i0.wp.com\/cdnoticias.com\/wp-content\/uploads\/2023\/04\/hcd-sesion-hilario-galli-05.jpg?w=800&amp;ssl=1 800w, https:\/\/i0.wp.com\/cdnoticias.com\/wp-content\/uploads\/2023\/04\/hcd-sesion-hilario-galli-05.jpg?resize=300%2C167&amp;ssl=1 300w, https:\/\/i0.wp.com\/cdnoticias.com\/wp-content\/uploads\/2023\/04\/hcd-sesion-hilario-galli-05.jpg?resize=768%2C427&amp;ssl=1 768w\" sizes=\"auto, (max-width: 800px) 100vw, 800px\" \/><\/p>\n<p>&nbsp;<\/p>\n<p><strong>\u201cEligieron el modelo de lealtad a su partido para beneficio propio\u201d<\/strong><\/p>\n<p>&nbsp;<\/p>\n<p>Por \u00faltimo, fue consultado por los mecanismos de control de secretario Diego Robbiani que \u201cno fueron aplicados en el \u00e1rea de la subsecretar\u00eda de Desarrollo Social\u201d. En primer lugar, Hilario Galli explic\u00f3 que <strong>\u201cera la se\u00f1ora Silvana Rosales quien deb\u00eda controlar directamente todos los procesos llevados a cabo para la ejecuci\u00f3n de los programas de asistencia social\u201d.<\/strong><\/p>\n<p>&nbsp;<\/p>\n<p><strong>\u201cEn nuestra gesti\u00f3n se castiga a quienes est\u00e1 fuera de la ley\u201d<\/strong>, afirm\u00f3 Galli y ampli\u00f3 entre los aplausos de los funcionarios y militantes presentes: \u201cpara nosotros 10 pesos, un mill\u00f3n, 5 bolsos de d\u00f3lares tirados por arriba de un convento, son exactamente lo mismo. Nosotros somos honestos, no visitamos en la c\u00e1rcel funcionarios condenados, no usamos el Estado para hacer negocios, trabajamos para el vecino\u201d.<\/p>\n<p>&nbsp;<\/p>\n<p>En el recinto estuvieron presentes varios funcionarios municipales como la nueva subsecretaria de Desarrollo Social Romina Sponer, el subsecretario de Asuntos Legales Marcelo Fabbi, el subsecretario de Obras P\u00fablicas Gonzalo Ortiz, el subsecretario de Deportes Juan Agust\u00edn Galli, el subsecretario de Comunicaci\u00f3n, Juan Emilio Dambolena, la directora de Regularizaci\u00f3n Dominial Mar\u00eda Jos\u00e9 Gonz\u00e1lez, el director Administrativo y encargado del \u00e1rea de Transporte Enzo Russo, el director de Control Urbano Renaldo Am\u00e9ndola e integrantes de la juventud del Pro, entre otros.<\/p>\n<p>&nbsp;<\/p>\n<blockquote><p>\u201cNuestra lealtad es con el vecino, creemos en la independencia de poderes y confiamos en la Justicia. Esa misma Justicia que comprob\u00f3 infinitos actos de corrupci\u00f3n en Ricardo Jaime y Milagros Sala, entre tantos otros. Actos de corrupci\u00f3n que para los militantes kirchneristas son causas armadas y esos delincuentes son presos pol\u00edticos\u201d, sigui\u00f3 el funcionario.<\/p><\/blockquote>\n<p>&nbsp;<\/p>\n<p>Adem\u00e1s, agreg\u00f3 que \u201c<strong>en esta ciudad y otras tantas ciudades, hay espacios que eligen la mentira.<\/strong> Todav\u00eda hay personas que aceptan que un funcionario, una vicepresidenta no pueda justificar su descomunal crecimiento patrimonial, ese es el modelo que eligieron, el de lealtad a su partido para beneficio propio\u201d.<\/p>\n<p>&nbsp;<\/p>\n<p>Finaliz\u00f3 diciendo que \u201c<strong>no convalidamos los sueldos a funcionarios en juzgados que nunca fueron puestos en marcha, tampoco estamos a favor que una persona cobre dos o tres sueldos del Estado<\/strong>, debe haber seriedad y coherencia entre lo dicho y lo hecho. No sea cosa que nos vengan a dar clase de moral los representantes del gobierno m\u00e1s corrupto de la historia de nuestro pa\u00eds\u201d.<\/p>\n<p>&nbsp;<\/p>\n","protected":false},"excerpt":{"rendered":"<p>El secretario de Gobierno present\u00f3 su informe de gesti\u00f3n y respondi\u00f3 con dureza los interrogantes de la bancada del Frente<\/p>\n","protected":false},"author":5,"featured_media":83547,"comment_status":"closed","ping_status":"closed","sticky":false,"template":"","format":"standard","meta":{"_jetpack_memberships_contains_paid_content":false,"footnotes":""},"categories":[4,1],"tags":[],"class_list":["post-83565","post","type-post","status-publish","format-standard","has-post-thumbnail","hentry","category-politica","category-portada"],"jetpack_featured_media_url":"https:\/\/i0.wp.com\/cdnoticias.com\/wp-content\/uploads\/2023\/04\/hcd-sesion-hilario-galli-07.jpg?fit=800%2C445&ssl=1","jetpack_sharing_enabled":true,"_links":{"self":[{"href":"https:\/\/cdnoticias.com\/index.php\/wp-json\/wp\/v2\/posts\/83565","targetHints":{"allow":["GET"]}}],"collection":[{"href":"https:\/\/cdnoticias.com\/index.php\/wp-json\/wp\/v2\/posts"}],"about":[{"href":"https:\/\/cdnoticias.com\/index.php\/wp-json\/wp\/v2\/types\/post"}],"author":[{"embeddable":true,"href":"https:\/\/cdnoticias.com\/index.php\/wp-json\/wp\/v2\/users\/5"}],"replies":[{"embeddable":true,"href":"https:\/\/cdnoticias.com\/index.php\/wp-json\/wp\/v2\/comments?post=83565"}],"version-history":[{"count":0,"href":"https:\/\/cdnoticias.com\/index.php\/wp-json\/wp\/v2\/posts\/83565\/revisions"}],"wp:featuredmedia":[{"embeddable":true,"href":"https:\/\/cdnoticias.com\/index.php\/wp-json\/wp\/v2\/media\/83547"}],"wp:attachment":[{"href":"https:\/\/cdnoticias.com\/index.php\/wp-json\/wp\/v2\/media?parent=83565"}],"wp:term":[{"taxonomy":"category","embeddable":true,"href":"https:\/\/cdnoticias.com\/index.php\/wp-json\/wp\/v2\/categories?post=83565"},{"taxonomy":"post_tag","embeddable":true,"href":"https:\/\/cdnoticias.com\/index.php\/wp-json\/wp\/v2\/tags?post=83565"}],"curies":[{"name":"wp","href":"https:\/\/api.w.org\/{rel}","templated":true}]}}