{"id":83553,"date":"2023-04-27T19:31:09","date_gmt":"2023-04-27T22:31:09","guid":{"rendered":"https:\/\/www.centraldenoticias.com.ar\/?p=83553"},"modified":"2023-04-27T19:31:09","modified_gmt":"2023-04-27T22:31:09","slug":"la-yumba-celebra-el-dia-de-la-danza","status":"publish","type":"post","link":"https:\/\/cdnoticias.com\/index.php\/2023\/04\/27\/la-yumba-celebra-el-dia-de-la-danza\/","title":{"rendered":"La Yumba celebra el D\u00eda de la Danza"},"content":{"rendered":"<p>Este s\u00e1bado 29 a partir de las 16. El evento es de entrada libre y gratuita.<!--more--><\/p>\n<hr \/>\n<p>Este s\u00e1bado 29 a partir de las 16 se realizar\u00e1 en <strong>La Yumba<\/strong>, ubicada en \u00c1lvaro Barros 3800, una <strong>&#8220;Edici\u00f3n especial del d\u00eda de la danza&#8221;.<\/strong><\/p>\n<p>&nbsp;<\/p>\n<p>La jornada est\u00e1 <strong>organizada junto con Pueblerinos Freestyle<\/strong>. El evento es de entrada libre y gratuita.<\/p>\n<p>&nbsp;<\/p>\n<p>Habr\u00e1<strong> clase de coreograf\u00eda<\/strong> a cargo de Lu Torregiani y de <strong>Hip Hop Dance freestyle<\/strong> coordinada por Gonzalo Ortiz.<\/p>\n<p>&nbsp;<\/p>\n<p>Adem\u00e1s se brindar\u00e1 un<strong> taller de rima<\/strong> con Zayla.<\/p>\n<p>&nbsp;<\/p>\n<p>Tambi\u00e9n, se contar\u00e1 con feria, shows en vivo, sorteos y pista libre de baile. El cierre de la jornada ser\u00e1 con m\u00fasica en vivo, <strong>presentar\u00e1n sus producciones musicales Zayla y Chino.<\/strong><\/p>\n<p>&nbsp;<\/p>\n","protected":false},"excerpt":{"rendered":"<p>Este s\u00e1bado 29 a partir de las 16. El evento es de entrada libre y gratuita.<\/p>\n","protected":false},"author":4,"featured_media":83554,"comment_status":"closed","ping_status":"closed","sticky":false,"template":"","format":"standard","meta":{"_jetpack_memberships_contains_paid_content":false,"footnotes":""},"categories":[9,1],"tags":[],"class_list":["post-83553","post","type-post","status-publish","format-standard","has-post-thumbnail","hentry","category-cultura","category-portada"],"jetpack_featured_media_url":"https:\/\/i0.wp.com\/cdnoticias.com\/wp-content\/uploads\/2023\/04\/la-yumba-dia-de-la-danza.jpg?fit=800%2C445&ssl=1","jetpack_sharing_enabled":true,"_links":{"self":[{"href":"https:\/\/cdnoticias.com\/index.php\/wp-json\/wp\/v2\/posts\/83553","targetHints":{"allow":["GET"]}}],"collection":[{"href":"https:\/\/cdnoticias.com\/index.php\/wp-json\/wp\/v2\/posts"}],"about":[{"href":"https:\/\/cdnoticias.com\/index.php\/wp-json\/wp\/v2\/types\/post"}],"author":[{"embeddable":true,"href":"https:\/\/cdnoticias.com\/index.php\/wp-json\/wp\/v2\/users\/4"}],"replies":[{"embeddable":true,"href":"https:\/\/cdnoticias.com\/index.php\/wp-json\/wp\/v2\/comments?post=83553"}],"version-history":[{"count":0,"href":"https:\/\/cdnoticias.com\/index.php\/wp-json\/wp\/v2\/posts\/83553\/revisions"}],"wp:featuredmedia":[{"embeddable":true,"href":"https:\/\/cdnoticias.com\/index.php\/wp-json\/wp\/v2\/media\/83554"}],"wp:attachment":[{"href":"https:\/\/cdnoticias.com\/index.php\/wp-json\/wp\/v2\/media?parent=83553"}],"wp:term":[{"taxonomy":"category","embeddable":true,"href":"https:\/\/cdnoticias.com\/index.php\/wp-json\/wp\/v2\/categories?post=83553"},{"taxonomy":"post_tag","embeddable":true,"href":"https:\/\/cdnoticias.com\/index.php\/wp-json\/wp\/v2\/tags?post=83553"}],"curies":[{"name":"wp","href":"https:\/\/api.w.org\/{rel}","templated":true}]}}