{"id":83509,"date":"2023-04-27T08:29:03","date_gmt":"2023-04-27T11:29:03","guid":{"rendered":"https:\/\/www.centraldenoticias.com.ar\/?p=83509"},"modified":"2023-04-27T08:29:03","modified_gmt":"2023-04-27T11:29:03","slug":"todo-listo-para-el-4-torneo-nacional-de-newcom","status":"publish","type":"post","link":"https:\/\/cdnoticias.com\/index.php\/2023\/04\/27\/todo-listo-para-el-4-torneo-nacional-de-newcom\/","title":{"rendered":"Todo listo para el 4\u00b0 Torneo Nacional de Newcom\u00a0"},"content":{"rendered":"<p>Se disputar\u00e1 este fin de semana en distintos clubes y gimnasios de nuestra ciudad. El certamen es organizado por el Club Pueblo Nuevo y cuenta con el auspicio de la Municipalidad de Olavarr\u00eda.<!--more--><\/p>\n<hr \/>\n<p><strong>\u201cPara nosotros es un orgullo ser anfitriones de este deporte, que m\u00e1s que un deporte es una filosof\u00eda de vida\u201d<\/strong>. De esa manera el intendente municipal<strong> Ezequiel Galli<\/strong> inici\u00f3 la conferencia de prensa en la que fue lanzado el 4\u00b0 Torneo Nacional de Newcom. La presentaci\u00f3n se llev\u00f3 a cabo, precisamente, en el Club Pueblo Nuevo y cont\u00f3 tambi\u00e9n con la presencia del presidente de esa entidad<strong> Jos\u00e9 Maceo, el subsecretario de Deportes y Recreaci\u00f3n Juan Agust\u00edn Galli y Gabriel Rosatto<\/strong>, integrante de Los Lobos de Pueblo Nuevo, que fueron quienes organizaron el evento.<\/p>\n<p>&nbsp;<\/p>\n<p>\u201c<strong>Vemos con muy buenos ojos el crecimiento que el Newcom ha tenido en todo el pa\u00eds.<\/strong> Olavarr\u00eda, adem\u00e1s de ser la ciudad del trabajo, es la ciudad del deporte y la educaci\u00f3n, por ello para nosotros es un orgullo poder recibir a estos competidores, que van a estar viniendo d distintos puntos del pa\u00eds\u201d, expres\u00f3 el jefe comunal. El arribo de delegaciones comenzar\u00e1 a darse ya desde el viernes, pero el inicio de los partidos ser\u00e1 desde el s\u00e1bado al 1\u00b0 de mayo inclusive. \u201cPara nosotros el deporte es una pol\u00edtica de Estado, por eso venimos es que venimos apoyando desde la Subsecretar\u00eda de Deportes\u201d, concluy\u00f3 el intendente municipal.<\/p>\n<p>&nbsp;<\/p>\n<p>A continuaci\u00f3n, tom\u00f3 la palabra <strong>Jos\u00e9 Maceo<\/strong>, quien al momento de los agradecimientos puso el \u00e9nfasis en lo hecho por Los Lobos al momento de encabezar la organizaci\u00f3n del evento. <strong>\u201cDesde nuestra parte vamos a poner todo para las cosas salgan como vienen saliendo hasta ahora\u201d<\/strong>, a\u00f1adi\u00f3. A la par, ponder\u00f3 el auge que est\u00e1 registrando la disciplina pero principal en el parte social m\u00e1s all\u00e1 de lo competitivo, en lo cual resalt\u00f3 la importancia del Programa Municipal que ofrece la posibilidad de practicar este deporte a personas adultas de nuestra ciudad.<\/p>\n<p>&nbsp;<\/p>\n<p><strong>Juan Agust\u00edn Galli<\/strong>, por su parte, invit\u00f3 a la comunidad a que se acerque y acompa\u00f1e el torneo. \u201cEs muy importante que la familia pueda acompa\u00f1ar, que disfruten con ellos. Y quienes no conozcan el deporte, que lo conozcan, que averig\u00fcen y participen de las instituciones que practican este deporte\u201d.<\/p>\n<p>&nbsp;<\/p>\n<p>\u201cNunca imagin\u00e9, hace 14 a\u00f1os, cuando al intendente turno le dije que tra\u00eda a Olavarr\u00eda una disciplina para que se muevan los viejos, porque \u2018ya basta que jueguen a las cartas o al tejo, hay algo que los tiene que llevar a mover\u2019, esas fueron las textuales palabras. Nunca imagin\u00e9 que hoy una de las pasiones m\u00e1s grandes que tengo es esa actividad para mover a los viejos\u201d, narr\u00f3 <strong>Rosatto,<\/strong> quien a\u00f1os atr\u00e1s estuvo al frente del \u00e1rea de Deportes Municipal.<\/p>\n<p>&nbsp;<\/p>\n<p><img data-recalc-dims=\"1\" loading=\"lazy\" decoding=\"async\" class=\"aligncenter size-full wp-image-83512\" src=\"https:\/\/i0.wp.com\/cdnoticias.com\/wp-content\/uploads\/2023\/04\/newcom-conferencia-05-scaled.jpg?resize=800%2C445&#038;ssl=1\" alt=\"\" width=\"800\" height=\"445\" srcset=\"https:\/\/i0.wp.com\/cdnoticias.com\/wp-content\/uploads\/2023\/04\/newcom-conferencia-05-scaled.jpg?w=2560&amp;ssl=1 2560w, https:\/\/i0.wp.com\/cdnoticias.com\/wp-content\/uploads\/2023\/04\/newcom-conferencia-05-scaled.jpg?resize=300%2C167&amp;ssl=1 300w, https:\/\/i0.wp.com\/cdnoticias.com\/wp-content\/uploads\/2023\/04\/newcom-conferencia-05-scaled.jpg?resize=1024%2C570&amp;ssl=1 1024w, https:\/\/i0.wp.com\/cdnoticias.com\/wp-content\/uploads\/2023\/04\/newcom-conferencia-05-scaled.jpg?resize=768%2C427&amp;ssl=1 768w, https:\/\/i0.wp.com\/cdnoticias.com\/wp-content\/uploads\/2023\/04\/newcom-conferencia-05-scaled.jpg?resize=1536%2C854&amp;ssl=1 1536w, https:\/\/i0.wp.com\/cdnoticias.com\/wp-content\/uploads\/2023\/04\/newcom-conferencia-05-scaled.jpg?resize=2048%2C1139&amp;ssl=1 2048w, https:\/\/i0.wp.com\/cdnoticias.com\/wp-content\/uploads\/2023\/04\/newcom-conferencia-05-scaled.jpg?resize=800%2C445&amp;ssl=1 800w, https:\/\/i0.wp.com\/cdnoticias.com\/wp-content\/uploads\/2023\/04\/newcom-conferencia-05-scaled.jpg?w=1600&amp;ssl=1 1600w, https:\/\/i0.wp.com\/cdnoticias.com\/wp-content\/uploads\/2023\/04\/newcom-conferencia-05-scaled.jpg?w=2400&amp;ssl=1 2400w\" sizes=\"auto, (max-width: 800px) 100vw, 800px\" \/><\/p>\n<p>&nbsp;<\/p>\n<p><strong>La competencia<\/strong><\/p>\n<p>&nbsp;<\/p>\n<p>El cronograma indica que<strong> las acreditaciones comenzar\u00e1n en la noche del pr\u00f3ximo viernes y se retomar\u00e1n en la ma\u00f1ana del s\u00e1bado.<\/strong> El acto inaugural ser\u00e1 tambi\u00e9n el <strong>s\u00e1bado pero desde las 10:30 horas en Pueblo Nuevo, mientras que los partidos comenzar\u00e1n en horas del mediod\u00eda.<\/strong> Los cotejos se llevar\u00e1n a cabo en los gimnasios de <strong>Pueblo Nuevo, Racing, Estudiantes y Mariano Moreno.<\/strong><\/p>\n<p>&nbsp;<\/p>\n<p>Arribar\u00e1n equipos provenientes de distintos puntos del Pa\u00eds, tales como <strong>Capital Federal, R\u00edo Negro, C\u00f3rdoba, La Pampa, Mendoza, Neuqu\u00e9n y distintos municipios bonaerenses,<\/strong> entre otros. Olavarr\u00eda estar\u00e1 representada por 4 equipos:<strong> \u201cLos Lobitos\u201d de Pueblo Nuevo, Independiente de Villa Alfredo Fortabat y Olavarr\u00eda Newcom<\/strong> participar\u00e1n en la categor\u00eda +50, mientras que \u201cLos Lobos\u201d de Pueblo Nuevo lo har\u00e1n en +60.<\/p>\n<p>&nbsp;<\/p>\n<p>&nbsp;<\/p>\n","protected":false},"excerpt":{"rendered":"<p>Se disputar\u00e1 este fin de semana en distintos clubes y gimnasios de nuestra ciudad. El certamen es organizado por el<\/p>\n","protected":false},"author":5,"featured_media":83511,"comment_status":"closed","ping_status":"closed","sticky":false,"template":"","format":"standard","meta":{"_jetpack_memberships_contains_paid_content":false,"footnotes":""},"categories":[5,1],"tags":[],"class_list":["post-83509","post","type-post","status-publish","format-standard","has-post-thumbnail","hentry","category-informacion-general","category-portada"],"jetpack_featured_media_url":"https:\/\/i0.wp.com\/cdnoticias.com\/wp-content\/uploads\/2023\/04\/newcom-conferencia-01-scaled.jpg?fit=2560%2C1424&ssl=1","jetpack_sharing_enabled":true,"_links":{"self":[{"href":"https:\/\/cdnoticias.com\/index.php\/wp-json\/wp\/v2\/posts\/83509","targetHints":{"allow":["GET"]}}],"collection":[{"href":"https:\/\/cdnoticias.com\/index.php\/wp-json\/wp\/v2\/posts"}],"about":[{"href":"https:\/\/cdnoticias.com\/index.php\/wp-json\/wp\/v2\/types\/post"}],"author":[{"embeddable":true,"href":"https:\/\/cdnoticias.com\/index.php\/wp-json\/wp\/v2\/users\/5"}],"replies":[{"embeddable":true,"href":"https:\/\/cdnoticias.com\/index.php\/wp-json\/wp\/v2\/comments?post=83509"}],"version-history":[{"count":0,"href":"https:\/\/cdnoticias.com\/index.php\/wp-json\/wp\/v2\/posts\/83509\/revisions"}],"wp:featuredmedia":[{"embeddable":true,"href":"https:\/\/cdnoticias.com\/index.php\/wp-json\/wp\/v2\/media\/83511"}],"wp:attachment":[{"href":"https:\/\/cdnoticias.com\/index.php\/wp-json\/wp\/v2\/media?parent=83509"}],"wp:term":[{"taxonomy":"category","embeddable":true,"href":"https:\/\/cdnoticias.com\/index.php\/wp-json\/wp\/v2\/categories?post=83509"},{"taxonomy":"post_tag","embeddable":true,"href":"https:\/\/cdnoticias.com\/index.php\/wp-json\/wp\/v2\/tags?post=83509"}],"curies":[{"name":"wp","href":"https:\/\/api.w.org\/{rel}","templated":true}]}}