{"id":83481,"date":"2023-04-26T19:19:49","date_gmt":"2023-04-26T22:19:49","guid":{"rendered":"https:\/\/www.centraldenoticias.com.ar\/?p=83481"},"modified":"2023-04-26T20:57:17","modified_gmt":"2023-04-26T23:57:17","slug":"escuela-agraria-quedo-todo-en-promesas-esperemos-que-se-puedan-llegar-a-cumplir","status":"publish","type":"post","link":"https:\/\/cdnoticias.com\/index.php\/2023\/04\/26\/escuela-agraria-quedo-todo-en-promesas-esperemos-que-se-puedan-llegar-a-cumplir\/","title":{"rendered":"Escuela Agraria: &#8220;qued\u00f3 todo en promesas, esperemos que se puedan llegar a cumplir&#8221;"},"content":{"rendered":"<p>Luego del reclamo de un grupo de madres en la ma\u00f1ana de este mi\u00e9rcoles, la escuela recibi\u00f3 una nueva cocina y se esperan nuevas refacciones en la instituci\u00f3n.<!--more--><\/p>\n<hr \/>\n<p>En la ma\u00f1ana de este mi\u00e9rcoles <strong>un grupo de madres de la Escuela Agraria<\/strong> <strong>se hizo presente en el Consejo Escolar para pedir explicaciones<\/strong> luego de que <a href=\"https:\/\/cdnoticias.com\/index.php\/2023\/04\/26\/escuela-agraria-los-chicos-encontraron-gusanos-en-la-comida-del-comedor\/\" target=\"_blank\" rel=\"noopener\">algunos ni\u00f1os encontraran gusanos en las comidas del comedor.<\/a><\/p>\n<p>&nbsp;<\/p>\n<p>Adem\u00e1s se logr\u00f3 saber que <strong>la escuela no tiene gas ni cocinas desde hace cuatro semanas<\/strong>: \u201c<em>Que no venga el fr\u00edo porque no hay calefacci\u00f3n<strong>\u201d<\/strong> <\/em>advirtieron las madres esta ma\u00f1ana.<\/p>\n<p>&nbsp;<\/p>\n<p>Luego del fuerte reclamo, Mar\u00eda Bel\u00e9n, una de las madres que se reuni\u00f3 con los consejeros escolares se comunic\u00f3 con <strong>Central de Noticias<\/strong> y expres\u00f3 que &#8220;<em><strong>llevaron al colegio una de las cocinas, la prometida. <\/strong>Nos dijeron que nos van a traer otra m\u00e1s y quedaron que se iban a instalar y a rehacer refacciones en la cocina para que quede en funcionamiento&#8221;.<\/em><\/p>\n<p>&nbsp;<\/p>\n<p>Adem\u00e1s pidieron que &#8220;<em><strong>se eleve lo que corresponda para que la mercader\u00eda que venga, venga en buenas condiciones, para que los cocineros puedan actuar como corresponde&#8221;.<\/strong><\/em><\/p>\n<p>&nbsp;<\/p>\n<p>En relaci\u00f3n a la instituci\u00f3n, tambi\u00e9n indicaron que donaron pintura para el colegio, se cambiaron tapas de c\u00e1maras s\u00e9pticas que estaban rotas y se cambiaron algunas iluminarias: &#8220;<em><strong>Nos encontramos en el colegio as\u00ed que nos mostraron cosas que fueron haciendo, como es un edificio muy viejo no se llegan a ver pero est\u00e1n. El colegio necesita mucho<\/strong><\/em>&#8221; sostuvo Mar\u00eda Bel\u00e9n.<\/p>\n<p>&nbsp;<\/p>\n<blockquote><p>&#8220;Nos dijeron que van a acomodar los cer\u00e1micos que est\u00e1n rotos, las grifer\u00edas, las canillas que pierden. Qued\u00f3 todo en promesas, esperemos que se puedan llegar a cumplir. Creemos que las van a cumplir, Leonardo\u00a0 Wagner y Ariel Rodr\u00edguez se comprometieron a que eso iba a ser as\u00ed&#8221; agreg\u00f3.<\/p><\/blockquote>\n<p>&nbsp;<\/p>\n<p>En la misma l\u00ednea se\u00f1al\u00f3: &#8220;Esperemos seguir encontrando buenas noticias y poder ayudar a los chicos y ayudar al colegio. Alejandra es una una directora que hace muy poquito tom\u00f3 el cargo y<strong> el colegio necesita mucho de los padres y de la comunidad en s\u00ed. Necesitamos mucha colaboraci\u00f3n&#8221;.<\/strong><\/p>\n<p>&nbsp;<\/p>\n<p>&#8220;Hay chicos que est\u00e1n desde las seis de la ma\u00f1ana fuera de su casa y llegan a las seis de la tarde y <strong>queremos que tengan un plato de comida calentito<\/strong> y que se pueda hacer en el propio establecimiento, y que el establecimiento tenga las condiciones dignas para que los chicos puedan seguir estudiando porque sin educaci\u00f3n no vamos a tener un pueblo como corresponde. Por ahora, son promesas. Hay cosas que vimos y que est\u00e1n, esperemos seguir vi\u00e9ndolas&#8221; cerr\u00f3.<\/p>\n<p>&nbsp;<\/p>\n<p>&nbsp;<\/p>\n<p>&nbsp;<\/p>\n","protected":false},"excerpt":{"rendered":"<p>Luego del reclamo de un grupo de madres en la ma\u00f1ana de este mi\u00e9rcoles, la escuela recibi\u00f3 una nueva cocina<\/p>\n","protected":false},"author":6,"featured_media":83485,"comment_status":"closed","ping_status":"closed","sticky":false,"template":"","format":"standard","meta":{"_jetpack_memberships_contains_paid_content":false,"footnotes":""},"categories":[5,1],"tags":[],"class_list":["post-83481","post","type-post","status-publish","format-standard","has-post-thumbnail","hentry","category-informacion-general","category-portada"],"jetpack_featured_media_url":"https:\/\/i0.wp.com\/cdnoticias.com\/wp-content\/uploads\/2023\/04\/escuelaagrariareclamo.jpg?fit=800%2C445&ssl=1","jetpack_sharing_enabled":true,"_links":{"self":[{"href":"https:\/\/cdnoticias.com\/index.php\/wp-json\/wp\/v2\/posts\/83481","targetHints":{"allow":["GET"]}}],"collection":[{"href":"https:\/\/cdnoticias.com\/index.php\/wp-json\/wp\/v2\/posts"}],"about":[{"href":"https:\/\/cdnoticias.com\/index.php\/wp-json\/wp\/v2\/types\/post"}],"author":[{"embeddable":true,"href":"https:\/\/cdnoticias.com\/index.php\/wp-json\/wp\/v2\/users\/6"}],"replies":[{"embeddable":true,"href":"https:\/\/cdnoticias.com\/index.php\/wp-json\/wp\/v2\/comments?post=83481"}],"version-history":[{"count":0,"href":"https:\/\/cdnoticias.com\/index.php\/wp-json\/wp\/v2\/posts\/83481\/revisions"}],"wp:featuredmedia":[{"embeddable":true,"href":"https:\/\/cdnoticias.com\/index.php\/wp-json\/wp\/v2\/media\/83485"}],"wp:attachment":[{"href":"https:\/\/cdnoticias.com\/index.php\/wp-json\/wp\/v2\/media?parent=83481"}],"wp:term":[{"taxonomy":"category","embeddable":true,"href":"https:\/\/cdnoticias.com\/index.php\/wp-json\/wp\/v2\/categories?post=83481"},{"taxonomy":"post_tag","embeddable":true,"href":"https:\/\/cdnoticias.com\/index.php\/wp-json\/wp\/v2\/tags?post=83481"}],"curies":[{"name":"wp","href":"https:\/\/api.w.org\/{rel}","templated":true}]}}