{"id":83464,"date":"2023-04-26T18:00:26","date_gmt":"2023-04-26T21:00:26","guid":{"rendered":"https:\/\/www.centraldenoticias.com.ar\/?p=83464"},"modified":"2023-04-26T18:00:26","modified_gmt":"2023-04-26T21:00:26","slug":"jovenes-privados-de-libertad-elaboraron-y-donaron-almohadones-a-una-escuela-de-olavarria","status":"publish","type":"post","link":"https:\/\/cdnoticias.com\/index.php\/2023\/04\/26\/jovenes-privados-de-libertad-elaboraron-y-donaron-almohadones-a-una-escuela-de-olavarria\/","title":{"rendered":"J\u00f3venes privados de libertad elaboraron y donaron almohadones a una escuela de Olavarr\u00eda"},"content":{"rendered":"<p>La experiencia se desarroll\u00f3 en la Unidad 2 del Servicio Penitenciario Bonaerense (SPB) en el marco del programa \u201cM\u00e1s Trabajo, Menos Reincidencia\u201d.<!--more--><\/p>\n<hr \/>\n<p><strong>J\u00f3venes privados de libertad<\/strong> de una c\u00e1rcel bonaerense de Sierra Chica <strong>fabricaron y donaron almohadones<\/strong> con<strong> material reciclado<\/strong> para un<strong> establecimiento educativo de Olavarr\u00eda.<\/strong><\/p>\n<p>&nbsp;<\/p>\n<p>La experiencia se desarroll\u00f3 en la <strong>Unidad 2<\/strong> del Servicio Penitenciario Bonaerense (SPB) en el marco del programa<strong> \u201cM\u00e1s Trabajo, Menos Reincidencia<\/strong>\u201d, que impulsa el Ministerio de Justicia y Derechos Humanos de la provincia de Buenos Aires.<\/p>\n<p>&nbsp;<\/p>\n<p>Se trata de una iniciativa coordinada por el equipo del Programa Integral de Asistencia y Tratamiento para J\u00f3venes y Adultos (PIATJA) que trabaja desde hace dos a\u00f1os con el objetivo de acompa\u00f1ar a los internos entre 18 y 21 a\u00f1os.<\/p>\n<p>&nbsp;<\/p>\n<p><img data-recalc-dims=\"1\" loading=\"lazy\" decoding=\"async\" class=\"aligncenter wp-image-83466 size-full\" src=\"https:\/\/i0.wp.com\/cdnoticias.com\/wp-content\/uploads\/2023\/04\/U2-Donacion-a-Esquiu-del-programa-PIATJA-Abril-2023b.jpeg?resize=800%2C600&#038;ssl=1\" alt=\"\" width=\"800\" height=\"600\" srcset=\"https:\/\/i0.wp.com\/cdnoticias.com\/wp-content\/uploads\/2023\/04\/U2-Donacion-a-Esquiu-del-programa-PIATJA-Abril-2023b.jpeg?w=1156&amp;ssl=1 1156w, https:\/\/i0.wp.com\/cdnoticias.com\/wp-content\/uploads\/2023\/04\/U2-Donacion-a-Esquiu-del-programa-PIATJA-Abril-2023b.jpeg?resize=300%2C225&amp;ssl=1 300w, https:\/\/i0.wp.com\/cdnoticias.com\/wp-content\/uploads\/2023\/04\/U2-Donacion-a-Esquiu-del-programa-PIATJA-Abril-2023b.jpeg?resize=1024%2C768&amp;ssl=1 1024w, https:\/\/i0.wp.com\/cdnoticias.com\/wp-content\/uploads\/2023\/04\/U2-Donacion-a-Esquiu-del-programa-PIATJA-Abril-2023b.jpeg?resize=768%2C576&amp;ssl=1 768w\" sizes=\"auto, (max-width: 800px) 100vw, 800px\" \/><\/p>\n<p>&nbsp;<\/p>\n<p>D\u00edas atr\u00e1s, la directora y vicedirectora del nivel inicial de la <strong>Escuela Fray Mamerto Esqui\u00fa,<\/strong> Alexia Mentasti y Mirta Barrag\u00e1n, recibieron la donaci\u00f3n de almohadones que fueron confeccionados en el marco del <strong>taller de tapicer\u00eda<\/strong> que realizan los internos. El material utilizado, principalmente retazos y telas recicladas, fue provisto por el personal de la Unidad 2 y del Programa.<\/p>\n<p>&nbsp;<\/p>\n<p>El equipo PIATJA est\u00e1 integrado por la psic\u00f3loga y coordinadora t\u00e9cnica Julieta Videla, el profesor de educaci\u00f3n f\u00edsica Daniel Penovi y el psicopedagogo Gast\u00f3n Tolosa. Los profesionales destacaron la dedicaci\u00f3n que los j\u00f3venes privados de libertad pusieron en la producci\u00f3n textil, adem\u00e1s de la &#8220;necesidad de establecer y reforzar lazos con otras instituciones, con el objetivo llevar adelante proyectos similares ya que resulta una gran motivaci\u00f3n saber que sus esfuerzos y conocimientos aplicados en el taller de tapicer\u00eda, son disfrutados por ni\u00f1os y ni\u00f1as&#8221;.<\/p>\n<p>&nbsp;<\/p>\n<p>\u201cEs un gran proyecto y un compromiso enorme del equipo que trabaja d\u00eda a d\u00eda en el PIATJA, intentar que estos j\u00f3venes adquieran un oficio y visualicen que, con sus acciones, ayudan a ni\u00f1os en situaci\u00f3n de vulnerabilidad. Es un compromiso \u00e9tico y profesional del equipo de trabajo, nuestra intenci\u00f3n es seguir creciendo y generando estas acciones para la comunidad, donde se unen dos pilares: aprendizaje y solidaridad\u201d, destac\u00f3 Julieta Videla.<\/p>\n","protected":false},"excerpt":{"rendered":"<p>La experiencia se desarroll\u00f3 en la Unidad 2 del Servicio Penitenciario Bonaerense (SPB) en el marco del programa \u201cM\u00e1s Trabajo,<\/p>\n","protected":false},"author":6,"featured_media":83465,"comment_status":"closed","ping_status":"closed","sticky":false,"template":"","format":"standard","meta":{"_jetpack_memberships_contains_paid_content":false,"footnotes":""},"categories":[5,1],"tags":[],"class_list":["post-83464","post","type-post","status-publish","format-standard","has-post-thumbnail","hentry","category-informacion-general","category-portada"],"jetpack_featured_media_url":"https:\/\/i0.wp.com\/cdnoticias.com\/wp-content\/uploads\/2023\/04\/U2-Donacion-a-Esquiu-del-programa-PIATJA-Abril-2023c.jpeg?fit=1251%2C691&ssl=1","jetpack_sharing_enabled":true,"_links":{"self":[{"href":"https:\/\/cdnoticias.com\/index.php\/wp-json\/wp\/v2\/posts\/83464","targetHints":{"allow":["GET"]}}],"collection":[{"href":"https:\/\/cdnoticias.com\/index.php\/wp-json\/wp\/v2\/posts"}],"about":[{"href":"https:\/\/cdnoticias.com\/index.php\/wp-json\/wp\/v2\/types\/post"}],"author":[{"embeddable":true,"href":"https:\/\/cdnoticias.com\/index.php\/wp-json\/wp\/v2\/users\/6"}],"replies":[{"embeddable":true,"href":"https:\/\/cdnoticias.com\/index.php\/wp-json\/wp\/v2\/comments?post=83464"}],"version-history":[{"count":0,"href":"https:\/\/cdnoticias.com\/index.php\/wp-json\/wp\/v2\/posts\/83464\/revisions"}],"wp:featuredmedia":[{"embeddable":true,"href":"https:\/\/cdnoticias.com\/index.php\/wp-json\/wp\/v2\/media\/83465"}],"wp:attachment":[{"href":"https:\/\/cdnoticias.com\/index.php\/wp-json\/wp\/v2\/media?parent=83464"}],"wp:term":[{"taxonomy":"category","embeddable":true,"href":"https:\/\/cdnoticias.com\/index.php\/wp-json\/wp\/v2\/categories?post=83464"},{"taxonomy":"post_tag","embeddable":true,"href":"https:\/\/cdnoticias.com\/index.php\/wp-json\/wp\/v2\/tags?post=83464"}],"curies":[{"name":"wp","href":"https:\/\/api.w.org\/{rel}","templated":true}]}}