{"id":8346,"date":"2020-12-06T12:57:46","date_gmt":"2020-12-06T15:57:46","guid":{"rendered":"http:\/\/www.centraldenoticias.com.ar\/?p=8346"},"modified":"2020-12-06T16:59:19","modified_gmt":"2020-12-06T19:59:19","slug":"avanzan-las-obras-para-la-reubicacion-de-los-juzgados-de-familia","status":"publish","type":"post","link":"https:\/\/cdnoticias.com\/index.php\/2020\/12\/06\/avanzan-las-obras-para-la-reubicacion-de-los-juzgados-de-familia\/","title":{"rendered":"Avanzan las obras para la reubicaci\u00f3n de los Juzgados de Familia"},"content":{"rendered":"<p>En un edificio de calle Moreno se ultiman detalles para acondicionar las instalaciones. Se cumplir\u00e1 el objetivo de la Suprema Corte: los juzgados 1 y 2 podr\u00e1n funcionar en la misma sede.<!--more--><\/p>\n<hr \/>\n<p>Hace varios a\u00f1os que Olavarr\u00eda cuenta con <strong>dos Juzgados de Familia\u00a0creados<\/strong> por la Provincia de Buenos Aires, pero en rigor<strong> s\u00f3lo uno ha funcionado<\/strong>.<\/p>\n<p>Actualmente, <strong>el \u00fanico juez es el doctor Santiago Guillermo Arrondo quien asumi\u00f3 en abril de este a\u00f1o<\/strong> <strong>al frente del Juzgado N.\u00ba 1<\/strong> aunque ya hac\u00eda dos a\u00f1os que se hab\u00eda aprobado su designaci\u00f3n: se public\u00f3 en el Bolet\u00edn Oficial de la Provincia en octubre de 2018 su nombramiento a cargo del Juzgado de Familia N\u00ba 2 de Olavarr\u00eda.<\/p>\n<p>Es que, en los papeles, el doctor Arrondo tambi\u00e9n es subrogante en el Juzgado de Familia N\u00b0 1, \u201chasta nueva resoluci\u00f3n\u201d. En una acordada de la Corte provincial se aclar\u00f3 que \u201cArrondo ha prestado consentimiento a fin de subrogar los Juzgados de Familia y en el futuro, de ser necesario, hacerlo en otros \u00f3rganos del fuero Civil y Comercial en el Departamento Judicial Azul, ello hasta la puesta en funcionamiento del \u00f3rgano para el cual ha sido designado titular\u201d.<\/p>\n<p><img data-recalc-dims=\"1\" loading=\"lazy\" decoding=\"async\" class=\"aligncenter wp-image-8344\" src=\"https:\/\/i0.wp.com\/cdnoticias.com\/wp-content\/uploads\/2020\/12\/juzgado-de-familia-3w.jpg?resize=800%2C446&#038;ssl=1\" alt=\"\" width=\"800\" height=\"446\" srcset=\"https:\/\/i0.wp.com\/cdnoticias.com\/wp-content\/uploads\/2020\/12\/juzgado-de-familia-3w.jpg?resize=300%2C167&amp;ssl=1 300w, https:\/\/i0.wp.com\/cdnoticias.com\/wp-content\/uploads\/2020\/12\/juzgado-de-familia-3w.jpg?resize=768%2C428&amp;ssl=1 768w, https:\/\/i0.wp.com\/cdnoticias.com\/wp-content\/uploads\/2020\/12\/juzgado-de-familia-3w.jpg?resize=800%2C445&amp;ssl=1 800w, https:\/\/i0.wp.com\/cdnoticias.com\/wp-content\/uploads\/2020\/12\/juzgado-de-familia-3w.jpg?w=1000&amp;ssl=1 1000w\" sizes=\"auto, (max-width: 800px) 100vw, 800px\" \/><\/p>\n<p>Con la jura de Arrondo sali\u00f3 el juez subrogante Daniel Morbiducci, quien se hab\u00eda hecho cargo del Juzgado N.\u00ba 1 tras la suspensi\u00f3n del titular quien fue sometido a un jury por acoso sexual contra una trabajadora. El ahora ex juez Claudio Garc\u00eda termin\u00f3 destituido el a\u00f1o pasado y <strong>el cargo no ha salido a concurso nuevamente<\/strong>.<\/p>\n<blockquote><p>La expectativa siempre estuvo en la puesta en marcha del Juzgado de Familia N\u00ba 2 de Olavarr\u00eda. Y adem\u00e1s de la designaci\u00f3n de un titular, la b\u00fasqueda de una sede adecuada tambi\u00e9n represent\u00f3 un escollo.<\/p><\/blockquote>\n<p><img data-recalc-dims=\"1\" loading=\"lazy\" decoding=\"async\" class=\"aligncenter wp-image-8345\" src=\"https:\/\/i0.wp.com\/cdnoticias.com\/wp-content\/uploads\/2020\/12\/juzgado-de-familia-4w.jpg?resize=800%2C446&#038;ssl=1\" alt=\"\" width=\"800\" height=\"446\" srcset=\"https:\/\/i0.wp.com\/cdnoticias.com\/wp-content\/uploads\/2020\/12\/juzgado-de-familia-4w.jpg?resize=300%2C167&amp;ssl=1 300w, https:\/\/i0.wp.com\/cdnoticias.com\/wp-content\/uploads\/2020\/12\/juzgado-de-familia-4w.jpg?resize=768%2C428&amp;ssl=1 768w, https:\/\/i0.wp.com\/cdnoticias.com\/wp-content\/uploads\/2020\/12\/juzgado-de-familia-4w.jpg?resize=800%2C445&amp;ssl=1 800w, https:\/\/i0.wp.com\/cdnoticias.com\/wp-content\/uploads\/2020\/12\/juzgado-de-familia-4w.jpg?w=1000&amp;ssl=1 1000w\" sizes=\"auto, (max-width: 800px) 100vw, 800px\" \/><\/p>\n<p>A fines de 2019 comenzaron las negociaciones, que se extendieron hasta inicios de este a\u00f1o: <strong>finalmente la Suprema Corte habilit\u00f3 el alquiler de un edificio ubicado en Moreno al 3100<\/strong> cuyas obras de acondicionamiento comenzaron hace unos meses. <strong>Hace pocos d\u00edas se coloc\u00f3 la carteler\u00eda que anuncia que all\u00ed funcionar\u00e1n ambos juzgados<\/strong>.<\/p>\n<p>Una luz en el camino de la mejora del servicio de justicia en Olavarr\u00eda que ilumina tanto a los trabajadores como a los usuarios, y a toda la comunidad.<\/p>\n","protected":false},"excerpt":{"rendered":"<p>En un edificio de calle Moreno se ultiman detalles para acondicionar las instalaciones. Se cumplir\u00e1 el objetivo de la Suprema<\/p>\n","protected":false},"author":4,"featured_media":8342,"comment_status":"closed","ping_status":"closed","sticky":false,"template":"","format":"standard","meta":{"_jetpack_memberships_contains_paid_content":false,"footnotes":""},"categories":[5,1],"tags":[],"class_list":["post-8346","post","type-post","status-publish","format-standard","has-post-thumbnail","hentry","category-informacion-general","category-portada"],"jetpack_featured_media_url":"https:\/\/i0.wp.com\/cdnoticias.com\/wp-content\/uploads\/2020\/12\/juzgado-de-familia-1w.jpg?fit=1000%2C555&ssl=1","jetpack_sharing_enabled":true,"_links":{"self":[{"href":"https:\/\/cdnoticias.com\/index.php\/wp-json\/wp\/v2\/posts\/8346","targetHints":{"allow":["GET"]}}],"collection":[{"href":"https:\/\/cdnoticias.com\/index.php\/wp-json\/wp\/v2\/posts"}],"about":[{"href":"https:\/\/cdnoticias.com\/index.php\/wp-json\/wp\/v2\/types\/post"}],"author":[{"embeddable":true,"href":"https:\/\/cdnoticias.com\/index.php\/wp-json\/wp\/v2\/users\/4"}],"replies":[{"embeddable":true,"href":"https:\/\/cdnoticias.com\/index.php\/wp-json\/wp\/v2\/comments?post=8346"}],"version-history":[{"count":0,"href":"https:\/\/cdnoticias.com\/index.php\/wp-json\/wp\/v2\/posts\/8346\/revisions"}],"wp:featuredmedia":[{"embeddable":true,"href":"https:\/\/cdnoticias.com\/index.php\/wp-json\/wp\/v2\/media\/8342"}],"wp:attachment":[{"href":"https:\/\/cdnoticias.com\/index.php\/wp-json\/wp\/v2\/media?parent=8346"}],"wp:term":[{"taxonomy":"category","embeddable":true,"href":"https:\/\/cdnoticias.com\/index.php\/wp-json\/wp\/v2\/categories?post=8346"},{"taxonomy":"post_tag","embeddable":true,"href":"https:\/\/cdnoticias.com\/index.php\/wp-json\/wp\/v2\/tags?post=8346"}],"curies":[{"name":"wp","href":"https:\/\/api.w.org\/{rel}","templated":true}]}}