{"id":83451,"date":"2023-04-26T20:29:10","date_gmt":"2023-04-26T23:29:10","guid":{"rendered":"https:\/\/www.centraldenoticias.com.ar\/?p=83451"},"modified":"2023-04-26T20:29:10","modified_gmt":"2023-04-26T23:29:10","slug":"charla-sobre-pymes-familiares-en-la-union-industrial-de-olavarria","status":"publish","type":"post","link":"https:\/\/cdnoticias.com\/index.php\/2023\/04\/26\/charla-sobre-pymes-familiares-en-la-union-industrial-de-olavarria\/","title":{"rendered":"Charla sobre pymes familiares en la Uni\u00f3n Industrial de Olavarr\u00eda"},"content":{"rendered":"<p>Es abierta para toda la comunidad. Expondr\u00e1 el especialista Rodrigo Carballo. Se realizar\u00e1 el 4 de mayo a las 18 en la sede de Coronel Su\u00e1rez 2543.<\/p>\n<p><!--more--><\/p>\n<hr \/>\n<p>La <strong>Uni\u00f3n Industrial<\/strong> brindar\u00e1 una charla sobre <strong>pymes familiares.<\/strong><\/p>\n<p>&nbsp;<\/p>\n<p>Es abierta y sin costo para toda la comunidad. Se realizar\u00e1 el<strong> 4 de mayo a las 18<\/strong> en la sede de la Uni\u00f3n Industrial de Olavarr\u00eda, Coronel Su\u00e1rez 2543.<\/p>\n<p>&nbsp;<\/p>\n<p>Se invit\u00f3 a los socios de la entidad y a todos los interesados a participar. <strong>Debido a que los cupos son limitados, se requiere confirmar asistencia<\/strong>. Para reservar lugar comunicarse con Yoseli Ayalef, relaciones institucionales de la UIO de 9 a 16, llamando al 2284 606719.<\/p>\n<p>&nbsp;<\/p>\n<p><strong>Expondr\u00e1 el especialista Rodrigo Carballo<\/strong> sobre distintos temas como uso de personas jur\u00eddicas en empresa familiares, seguridad jur\u00eddica y econ\u00f3micas de los patrimonios, composici\u00f3n de socios, estructura de gobierno familiar en la empresa y consecuencias en la empresa de sucesiones, matrimonios y divorcios.<\/p>\n<p>&nbsp;<\/p>\n<p>Rodrigo Carballo es abogado especialista en Planificaci\u00f3n Patrimonial y Tributaria. Tambi\u00e9n, se desempe\u00f1a como presidente de dos sociedades de capital extranjero y es asesor de inversiones nacionales fuera del pa\u00eds.<\/p>\n<p>&nbsp;<\/p>\n<p>&nbsp;<\/p>\n","protected":false},"excerpt":{"rendered":"<p>Es abierta para toda la comunidad. Expondr\u00e1 el especialista Rodrigo Carballo. Se realizar\u00e1 el 4 de mayo a las 18<\/p>\n","protected":false},"author":4,"featured_media":83452,"comment_status":"closed","ping_status":"closed","sticky":false,"template":"","format":"standard","meta":{"_jetpack_memberships_contains_paid_content":false,"footnotes":""},"categories":[5,1],"tags":[],"class_list":["post-83451","post","type-post","status-publish","format-standard","has-post-thumbnail","hentry","category-informacion-general","category-portada"],"jetpack_featured_media_url":"https:\/\/i0.wp.com\/cdnoticias.com\/wp-content\/uploads\/2023\/04\/charla-pymes-familiares.jpg?fit=800%2C445&ssl=1","jetpack_sharing_enabled":true,"_links":{"self":[{"href":"https:\/\/cdnoticias.com\/index.php\/wp-json\/wp\/v2\/posts\/83451","targetHints":{"allow":["GET"]}}],"collection":[{"href":"https:\/\/cdnoticias.com\/index.php\/wp-json\/wp\/v2\/posts"}],"about":[{"href":"https:\/\/cdnoticias.com\/index.php\/wp-json\/wp\/v2\/types\/post"}],"author":[{"embeddable":true,"href":"https:\/\/cdnoticias.com\/index.php\/wp-json\/wp\/v2\/users\/4"}],"replies":[{"embeddable":true,"href":"https:\/\/cdnoticias.com\/index.php\/wp-json\/wp\/v2\/comments?post=83451"}],"version-history":[{"count":0,"href":"https:\/\/cdnoticias.com\/index.php\/wp-json\/wp\/v2\/posts\/83451\/revisions"}],"wp:featuredmedia":[{"embeddable":true,"href":"https:\/\/cdnoticias.com\/index.php\/wp-json\/wp\/v2\/media\/83452"}],"wp:attachment":[{"href":"https:\/\/cdnoticias.com\/index.php\/wp-json\/wp\/v2\/media?parent=83451"}],"wp:term":[{"taxonomy":"category","embeddable":true,"href":"https:\/\/cdnoticias.com\/index.php\/wp-json\/wp\/v2\/categories?post=83451"},{"taxonomy":"post_tag","embeddable":true,"href":"https:\/\/cdnoticias.com\/index.php\/wp-json\/wp\/v2\/tags?post=83451"}],"curies":[{"name":"wp","href":"https:\/\/api.w.org\/{rel}","templated":true}]}}