{"id":83416,"date":"2023-04-26T08:58:36","date_gmt":"2023-04-26T11:58:36","guid":{"rendered":"https:\/\/www.centraldenoticias.com.ar\/?p=83416"},"modified":"2023-04-26T08:58:36","modified_gmt":"2023-04-26T11:58:36","slug":"intento-robar-en-un-supermercado-y-fue-aprehendido-por-el-personal","status":"publish","type":"post","link":"https:\/\/cdnoticias.com\/index.php\/2023\/04\/26\/intento-robar-en-un-supermercado-y-fue-aprehendido-por-el-personal\/","title":{"rendered":"Intent\u00f3 robar en un supermercado y fue aprehendido por el personal"},"content":{"rendered":"<p>Se dio en el comercio de Pellegrini al 2400. El acusado fue requisado por la Polic\u00eda y se hall\u00f3 la mercader\u00eda robada.<\/p>\n<p><!--more--><\/p>\n<hr \/>\n<p>Este martes <strong>se registr\u00f3 un intento de robo en un supermercado de Pellegrini al 2400<\/strong>: el sospechoso fue retenido por el personal del comercio.<\/p>\n<p>&nbsp;<\/p>\n<p>Seg\u00fan se dio a conocer, un llamado al 911 expuso que en el supermercado mayorista se hab\u00eda registrado <strong>un intento de sustraer mercader\u00eda y que hab\u00edan retenido al acusado<\/strong>, un hombre mayor de edad.<\/p>\n<p>&nbsp;<\/p>\n<blockquote><p>Los efectivos del Comando de Patrullas llegaron al lugar y se entrevistaron con el gerente del comercio quien expuso lo sucedido: hab\u00edan advertido que un hombre estaba tomando mercader\u00eda en el interior del local.<\/p><\/blockquote>\n<p>&nbsp;<\/p>\n<p><img data-recalc-dims=\"1\" loading=\"lazy\" decoding=\"async\" class=\"size-full wp-image-83418 aligncenter\" src=\"https:\/\/i0.wp.com\/cdnoticias.com\/wp-content\/uploads\/2023\/04\/robo-en-maxiconsumo-00.jpg?resize=600%2C581&#038;ssl=1\" alt=\"\" width=\"600\" height=\"581\" srcset=\"https:\/\/i0.wp.com\/cdnoticias.com\/wp-content\/uploads\/2023\/04\/robo-en-maxiconsumo-00.jpg?w=600&amp;ssl=1 600w, https:\/\/i0.wp.com\/cdnoticias.com\/wp-content\/uploads\/2023\/04\/robo-en-maxiconsumo-00.jpg?resize=300%2C291&amp;ssl=1 300w\" sizes=\"auto, (max-width: 600px) 100vw, 600px\" \/><\/p>\n<p>&nbsp;<\/p>\n<p>Los polic\u00edas lo identificaron y al requisarlo <strong>constataron que ten\u00eda en su poder los elementos robados<\/strong> con lo que se procedi\u00f3 a la <strong>aprehensi\u00f3n<\/strong>.<\/p>\n<p>&nbsp;<\/p>\n<p>El acusado fue trasladado a la seccional Segunda. Se iniciaron actuaciones por <strong>\u201churto infraganti en grado de tentativa\u201d<\/strong> con intervenci\u00f3n de la UFI N\u00ba 10.<\/p>\n<p>&nbsp;<\/p>\n","protected":false},"excerpt":{"rendered":"<p>Se dio en el comercio de Pellegrini al 2400. El acusado fue requisado por la Polic\u00eda y se hall\u00f3 la<\/p>\n","protected":false},"author":4,"featured_media":83417,"comment_status":"closed","ping_status":"closed","sticky":false,"template":"","format":"standard","meta":{"_jetpack_memberships_contains_paid_content":false,"footnotes":""},"categories":[14,1],"tags":[],"class_list":["post-83416","post","type-post","status-publish","format-standard","has-post-thumbnail","hentry","category-policiales","category-portada"],"jetpack_featured_media_url":"https:\/\/i0.wp.com\/cdnoticias.com\/wp-content\/uploads\/2023\/04\/robo-en-maxiconsumo-01.jpg?fit=800%2C446&ssl=1","jetpack_sharing_enabled":true,"_links":{"self":[{"href":"https:\/\/cdnoticias.com\/index.php\/wp-json\/wp\/v2\/posts\/83416","targetHints":{"allow":["GET"]}}],"collection":[{"href":"https:\/\/cdnoticias.com\/index.php\/wp-json\/wp\/v2\/posts"}],"about":[{"href":"https:\/\/cdnoticias.com\/index.php\/wp-json\/wp\/v2\/types\/post"}],"author":[{"embeddable":true,"href":"https:\/\/cdnoticias.com\/index.php\/wp-json\/wp\/v2\/users\/4"}],"replies":[{"embeddable":true,"href":"https:\/\/cdnoticias.com\/index.php\/wp-json\/wp\/v2\/comments?post=83416"}],"version-history":[{"count":0,"href":"https:\/\/cdnoticias.com\/index.php\/wp-json\/wp\/v2\/posts\/83416\/revisions"}],"wp:featuredmedia":[{"embeddable":true,"href":"https:\/\/cdnoticias.com\/index.php\/wp-json\/wp\/v2\/media\/83417"}],"wp:attachment":[{"href":"https:\/\/cdnoticias.com\/index.php\/wp-json\/wp\/v2\/media?parent=83416"}],"wp:term":[{"taxonomy":"category","embeddable":true,"href":"https:\/\/cdnoticias.com\/index.php\/wp-json\/wp\/v2\/categories?post=83416"},{"taxonomy":"post_tag","embeddable":true,"href":"https:\/\/cdnoticias.com\/index.php\/wp-json\/wp\/v2\/tags?post=83416"}],"curies":[{"name":"wp","href":"https:\/\/api.w.org\/{rel}","templated":true}]}}